{"id":125732,"date":"2025-05-25T00:11:08","date_gmt":"2025-05-25T00:11:08","guid":{"rendered":"https:\/\/www.europesays.com\/fr\/125732\/"},"modified":"2025-05-25T00:11:08","modified_gmt":"2025-05-25T00:11:08","slug":"un-concert-sans-fin-150-000-spectateurs-en-deux-jours-nouveau-record-pour-le-j","status":"publish","type":"post","link":"https:\/\/www.europesays.com\/fr\/125732\/","title":{"rendered":"un concert sans fin, 150 000 spectateurs en deux jours&#8230; nouveau record pour le J"},"content":{"rendered":"<p>Apr\u00e8s <a href=\"https:\/\/www.laprovence.com\/article\/culture-loisirs\/13638813391175\/jul-au-velodrome-realise-un-prank-magistral-pour-brouiller-les-pistes-sur-son-entree-sur-scene\" target=\"_blank\" rel=\"noopener\">avoir dup\u00e9 ses fans vendredi soir<\/a>, faisant croire qu&rsquo;il s&rsquo;\u00e9lan\u00e7ait du toit comme lors de son concert au Stade de France en avril dernier, quelle entr\u00e9e sur sc\u00e8ne a imagin\u00e9 Jul ce samedi ? C&rsquo;est la question que se posaient les spectateurs f\u00e9briles aux alentours de 21 heures scrutant notamment le ciel au-dessus de la loge pr\u00e9sidentielle o\u00f9, sur une nacelle, on apercevait des individus. Mais <strong>Jul s&rsquo;est fait d\u00e9sirer mettant l&rsquo;ar\u00e8ne sous tension<\/strong>\u2026 C&rsquo;est finalement \u00e0 21h20, dans <strong>un stade en \u00e9bullition<\/strong>, qu&rsquo;un individu masqu\u00e9 est descendu du ciel. Nouveau subterfuge. Car <strong>c&rsquo;est aux commandes d&rsquo;une moto que le Marseillais a fait son entr\u00e9e<\/strong> sous les hurlements de la foule et un \u00ab\u00a0Alors la zone\u00a0\u00bb explosif.<\/p>\n<p>\u00ab\u00a0Garder le cardio !\u00a0\u00bb\u00a0<\/p>\n<p>\u00ab\u00a0Merci ma team, c&rsquo;est trop, je commence par \u00e7a ! Tout le monde va bien ? D\u00e9sol\u00e9 du retard\u00a0\u00bb, a-t-il dit. Poursuivant : \u00ab\u00a0C&rsquo;est ma derni\u00e8re date alors je vais tout casser ! Garder le cardio !\u00a0\u00bb\u00a0<\/p>\n<p>Comme la veille, le concert a commenc\u00e9 sur les chapeaux de roue : Wesh Alors, La faille, En Y, C&rsquo;est pas des LOL et Ibiza avec Jimmy Sax, JCVD\u2026 Mais <strong>la vraie premi\u00e8re surprise de la soir\u00e9e \u00e9tait l&rsquo;arriv\u00e9e de Gims sur Boucan<\/strong>. S&rsquo;il n&rsquo;\u00e9tait pas pr\u00e9sent hier soir, PLK et SDM seront eux, \u00e0 nouveau, aux c\u00f4t\u00e9s du J en fin de show.<\/p>\n<p>Bo\u00eete de nuit g\u00e9ante\u00a0<\/p>\n<p>Dans les tribunes, d&rsquo;autres people \u00e9taient venus s&rsquo;ambiancer sur Jul : Patrick Bruel, Alban Ivanov, M. Pokora, Ichem Bougheraba, Adrien Rabiot\u2026 Et le stade s&rsquo;est une nouvelle fois transform\u00e9 en bo\u00eete de nuit g\u00e9ante constell\u00e9e de lumi\u00e8res de t\u00e9l\u00e9phones portables sur Tchikita, Vanill\u00e9e avec Naza, Ma Jolie\u2026 Un show semblable \u00e0 la veille avec danseurs, musiciens, motards, flamm\u00e8ches, confettis et setlist quasi identique pendant 2h30. Avec notamment sa s\u00e9quence \u00e9motion : Je suis pas fou, Mama d\u00e9di\u00e9e \u00e0 toutes les mamans, \u00ab\u00a0ma maman que j&rsquo;aime\u00a0\u00bb et celles parties trop t\u00f4t, Sous la lune.<\/p>\n<p>Puis Jul a envoy\u00e9 un message aux jeunes des quartiers : \u00ab\u00a0Croyez en vous, gardez toujours l&rsquo;espoir, ne vous laissez pas prendre par la rue et essayez d&rsquo;atteindre vos objectifs. Regardez moi ! C&rsquo;est le travail. Il faut toujours viser la Lune, au pire tu atterriras dans les \u00e9toiles\u00a0\u00bb. Puis il est all\u00e9 au contact de la foule promettant de revenir : \u00ab\u00a0On se refera un stade\u00a0\u00bb. Et apr\u00e8s son freestyle ambiance Plan\u00e8te rap, il s&rsquo;est lanc\u00e9 dans sa derni\u00e8re ligne droite.<\/p>\n<p>Ph\u00e9nom\u00e9nal, La bandite, Avant la douane, Asalto.. et un au revoir dans un feu d&rsquo;artifice sur J&rsquo;oublie tout\u2026 Jul a alors pris place dans sa soucoupe volante. Mais Marseille n&rsquo;est pas pr\u00e8s d&rsquo;oublier le doubl\u00e9 du J.<\/p>\n","protected":false},"excerpt":{"rendered":"Apr\u00e8s avoir dup\u00e9 ses fans vendredi soir, faisant croire qu&rsquo;il s&rsquo;\u00e9lan\u00e7ait du toit comme lors de son concert&hellip;\n","protected":false},"author":2,"featured_media":125733,"comment_status":"","ping_status":"","sticky":false,"template":"","format":"standard","meta":{"footnotes":""},"categories":[1355],"tags":[6540,17,1697,251,58,59,5729,1011,27,1279,1361,873,5970,4561,957],"class_list":{"0":"post-125732","1":"post","2":"type-post","3":"status-publish","4":"format-standard","5":"has-post-thumbnail","7":"category-musique","8":"tag-6540","9":"tag-17","10":"tag-concert","11":"tag-culture","12":"tag-divertissement","13":"tag-entertainment","14":"tag-fin","15":"tag-fr","16":"tag-france","17":"tag-jul","18":"tag-music","19":"tag-musique","20":"tag-remet","21":"tag-sans","22":"tag-velodrome"},"share_on_mastodon":{"url":"https:\/\/pubeurope.com\/@fr\/114565577942741078","error":""},"_links":{"self":[{"href":"https:\/\/www.europesays.com\/fr\/wp-json\/wp\/v2\/posts\/125732","targetHints":{"allow":["GET"]}}],"collection":[{"href":"https:\/\/www.europesays.com\/fr\/wp-json\/wp\/v2\/posts"}],"about":[{"href":"https:\/\/www.europesays.com\/fr\/wp-json\/wp\/v2\/types\/post"}],"author":[{"embeddable":true,"href":"https:\/\/www.europesays.com\/fr\/wp-json\/wp\/v2\/users\/2"}],"replies":[{"embeddable":true,"href":"https:\/\/www.europesays.com\/fr\/wp-json\/wp\/v2\/comments?post=125732"}],"version-history":[{"count":0,"href":"https:\/\/www.europesays.com\/fr\/wp-json\/wp\/v2\/posts\/125732\/revisions"}],"wp:featuredmedia":[{"embeddable":true,"href":"https:\/\/www.europesays.com\/fr\/wp-json\/wp\/v2\/media\/125733"}],"wp:attachment":[{"href":"https:\/\/www.europesays.com\/fr\/wp-json\/wp\/v2\/media?parent=125732"}],"wp:term":[{"taxonomy":"category","embeddable":true,"href":"https:\/\/www.europesays.com\/fr\/wp-json\/wp\/v2\/categories?post=125732"},{"taxonomy":"post_tag","embeddable":true,"href":"https:\/\/www.europesays.com\/fr\/wp-json\/wp\/v2\/tags?post=125732"}],"curies":[{"name":"wp","href":"https:\/\/api.w.org\/{rel}","templated":true}]}}