{"id":125740,"date":"2025-05-25T00:15:12","date_gmt":"2025-05-25T00:15:12","guid":{"rendered":"https:\/\/www.europesays.com\/fr\/125740\/"},"modified":"2025-05-25T00:15:12","modified_gmt":"2025-05-25T00:15:12","slug":"devant-hafsia-herzi-en-larmes-la-revelation-nadia-melliti-decroche-le-prix-dinterpretation-au-festival-de-cannes","status":"publish","type":"post","link":"https:\/\/www.europesays.com\/fr\/125740\/","title":{"rendered":"Devant Hafsia Herzi en larmes, la r\u00e9v\u00e9lation Nadia Melliti d\u00e9croche le prix d\u2019interpr\u00e9tation au Festival de Cannes"},"content":{"rendered":"<p>Ce samedi 24 mai a eu lieu la c\u00e9r\u00e9monie de cl\u00f4ture du 78e Festival de Cannes. C\u2019est la jeune Nadia Melliti qui a remport\u00e9 le prix d\u2019interpr\u00e9tation f\u00e9minine, pour son r\u00f4le dans La petite derni\u00e8re d\u2019Hafsia Herzi.<\/p>\n<p class=\"fig-paragraph\">Sur la Croisette, l\u2019heure est au g\u00e9n\u00e9rique de fin. Ce samedi 24 mai, le cin\u00e9ma a c\u00e9l\u00e9br\u00e9\u00a0<a href=\"http:\/\/madame.lefigaro.fr\/style\/news\/juliette-binoche-elle-fanning-jane-fonda-sur-les-marches-le-grand-final-glamour-du-festival-de-cannes-20250524\" data-fig-type=\"Article\" data-gtm-custom-categorie=\"navigation\" data-gtm-custom-action=\"crossclick\" data-gtm-custom-label=\"Contextuel\" data-gtm-event=\"customEventSPE\" data-fig-domain=\"MADAME\" target=\"_blank\" rel=\"noopener\">la c\u00e9r\u00e9monie de cl\u00f4ture<\/a>\u00a0du\u00a0<a href=\"http:\/\/madame.lefigaro.fr\/festival_de_cannes\" data-fig-type=\"Topic\" data-gtm-custom-categorie=\"navigation\" data-gtm-custom-action=\"crossclick\" data-gtm-custom-label=\"Contextuel\" data-gtm-event=\"customEventSPE\" data-fig-domain=\"MADAME\" target=\"_blank\" rel=\"noopener\">78e Festival de Cannes<\/a>. Sur la sc\u00e8ne du Palais des festivals, une jeune actrice, dont c\u2019est le tout premier film, s\u2019est avanc\u00e9e pour recevoir le prix d\u2019interpr\u00e9tation f\u00e9minine\u00a0: Nadia Melliti, r\u00e9v\u00e9lation de La petite derni\u00e8re d\u2019<a href=\"http:\/\/madame.lefigaro.fr\/celebrites\/cinema\/l-autopromo-d-hafsia-herzi-20250514\" data-fig-type=\"Article\" data-gtm-custom-categorie=\"navigation\" data-gtm-custom-action=\"crossclick\" data-gtm-custom-label=\"Contextuel\" data-gtm-event=\"customEventSPE\" data-fig-domain=\"MADAME\" target=\"_blank\" rel=\"noopener\">Hafsia Herzi<\/a>\u00a0dans lequel elle interpr\u00e8te Fatima, une jeune femme franco-alg\u00e9rienne, de confession musulmane, qui se d\u00e9couvre lesbienne et tente de concilier sa foi et ses d\u00e9sirs. \u00c2g\u00e9e de 23 ans et encore \u00e9tudiante en deuxi\u00e8me ann\u00e9e de STAPS (sciences et techniques des activit\u00e9s physiques et sportives), Nadia Melliti a \u00e9t\u00e9 rep\u00e9r\u00e9e dans la rue, \u00e0 Paris, par l\u2019\u00e9quipe du film. \u00abJe ne fais pas partie de ce milieu. Je n\u2019ai jamais fait de cin\u00e9ma, je n\u2019ai pas fait pas th\u00e9\u00e2tre, mais je prends du recul parce que je suis ax\u00e9e sur d\u2019autres choses comme le sport en ce moment, et que j\u2019ai eu des partiels tr\u00e8s r\u00e9cemment, donc je n\u2019avais pas le choix. Il fallait que je sois focus sur mon ann\u00e9e aussi \u00e0 c\u00f4t\u00e9\u00bb, d\u00e9clarait-elle dans une interview pour\u00a0<a href=\"https:\/\/www.brut.media\/fr\/videos\/cannes-2025-nadia-melliti-detudiante-au-festival-de-cannes\" target=\"_blank\" rel=\"nofollow noopener\" data-gtm-custom-categorie=\"navigation\" data-gtm-custom-action=\"crossclick\" data-gtm-custom-label=\"Contextuel\" data-gtm-event=\"customEventSPE\">Brut<\/a> \u00a0alors qu\u2019elle est pass\u00e9e des salles de cours au tapis rouge du Festival de Cannes en tr\u00e8s peu de temps.<\/p>\n<p class=\"fig-body-link&#10;    \">\n            \u00c0 lire aussi<br \/>\n        <a class=\"fig-body-link__link\" href=\"http:\/\/madame.lefigaro.fr\/celebrites\/actu-people\/festival-de-cannes-karim-benzema-et-lyna-khoudri-s-affichent-main-dans-la-main-sur-le-tapis-rouge-20250523\" data-fig-type=\"Article\" data-gtm-custom-categorie=\"navigation\" data-gtm-custom-action=\"crossclick\" data-gtm-custom-label=\"Contextuel\" data-gtm-event=\"customEventSPE\" data-fig-domain=\"MADAME\" target=\"_blank\" rel=\"noopener\">Festival de Cannes\u00a0: Karim Benzema et Lyna Khoudri s\u2019affichent main dans la main sur le tapis rouge<\/a>\n<\/p>\n<p>\u00a0\u00bb<br \/>\n        data-script=\u00a0\u00bbhttps:\/\/static.lefigaro.fr\/widget-video\/short-ttl\/video\/index.js\u00a0\u00bb<br \/>\n    &gt;<\/p>\n<p>Les larmes de la r\u00e9alisatrice<\/p>\n<p class=\"fig-paragraph\">C\u2019est aussi le premier Festival de Cannes de la jeune actrice\u00a0: \u00abC\u2019est ouf de se dire qu\u2019on fait un premier film et qu\u2019on se retrouve l\u00e0, \u00e0 Cannes, en comp\u00e9tition surtout\u00bb, affirmait Nadia Melliti devant la cam\u00e9ra de Brut. La jeune femme se retrouve en comp\u00e9tition mais devient aussi laur\u00e9ate d\u2019un prix prestigieux. C\u2019est sous les cris, les applaudissements du public et les larmes d\u2019Hafsia Herzi que Nadia Melliti a re\u00e7u son troph\u00e9e. \u00abJ\u2019ai une \u00e9motion, l\u00e0 \u00e0 l\u2019instant qui me traverse mais je ne saurais pas vous la d\u00e9crire, mais elle est vraiment incroyable. Je tenais \u00e0 remercier Hafsia Herzi ma r\u00e9alisatrice. Merci Hafsia pour cette audace, pour ce courage et pour cette confiance que tu m\u2019as accord\u00e9\u00bb, a affirm\u00e9 la jeune actrice. Dans son discours, elle a gard\u00e9 le dernier mot pour sa famille. \u00abMerci maman aussi. Je sais que tu es en train de me regarder, et j\u2019esp\u00e8re que tu es tr\u00e8s fi\u00e8re et que tu es contente\u00bb, a ajout\u00e9 Nadia Melliti.\u00a0Le d\u00e9but d\u2019une nouvelle carri\u00e8re?<\/p>\n","protected":false},"excerpt":{"rendered":"Ce samedi 24 mai a eu lieu la c\u00e9r\u00e9monie de cl\u00f4ture du 78e Festival de Cannes. C\u2019est la&hellip;\n","protected":false},"author":2,"featured_media":125741,"comment_status":"","ping_status":"","sticky":false,"template":"","format":"standard","meta":{"footnotes":""},"categories":[8],"tags":[976,972,58,59,5634,638,1011,27,977,973,975,974],"class_list":{"0":"post-125740","1":"post","2":"type-post","3":"status-publish","4":"format-standard","5":"has-post-thumbnail","7":"category-divertissement","8":"tag-actu-people","9":"tag-celebrite","10":"tag-divertissement","11":"tag-entertainment","12":"tag-festival-de-cannes","13":"tag-figaro","14":"tag-fr","15":"tag-france","16":"tag-madame","17":"tag-people","18":"tag-potain-de-stars","19":"tag-star"},"share_on_mastodon":{"url":"https:\/\/pubeurope.com\/@fr\/114565593695665275","error":""},"_links":{"self":[{"href":"https:\/\/www.europesays.com\/fr\/wp-json\/wp\/v2\/posts\/125740","targetHints":{"allow":["GET"]}}],"collection":[{"href":"https:\/\/www.europesays.com\/fr\/wp-json\/wp\/v2\/posts"}],"about":[{"href":"https:\/\/www.europesays.com\/fr\/wp-json\/wp\/v2\/types\/post"}],"author":[{"embeddable":true,"href":"https:\/\/www.europesays.com\/fr\/wp-json\/wp\/v2\/users\/2"}],"replies":[{"embeddable":true,"href":"https:\/\/www.europesays.com\/fr\/wp-json\/wp\/v2\/comments?post=125740"}],"version-history":[{"count":0,"href":"https:\/\/www.europesays.com\/fr\/wp-json\/wp\/v2\/posts\/125740\/revisions"}],"wp:featuredmedia":[{"embeddable":true,"href":"https:\/\/www.europesays.com\/fr\/wp-json\/wp\/v2\/media\/125741"}],"wp:attachment":[{"href":"https:\/\/www.europesays.com\/fr\/wp-json\/wp\/v2\/media?parent=125740"}],"wp:term":[{"taxonomy":"category","embeddable":true,"href":"https:\/\/www.europesays.com\/fr\/wp-json\/wp\/v2\/categories?post=125740"},{"taxonomy":"post_tag","embeddable":true,"href":"https:\/\/www.europesays.com\/fr\/wp-json\/wp\/v2\/tags?post=125740"}],"curies":[{"name":"wp","href":"https:\/\/api.w.org\/{rel}","templated":true}]}}