{"id":125742,"date":"2025-05-25T00:16:13","date_gmt":"2025-05-25T00:16:13","guid":{"rendered":"https:\/\/www.europesays.com\/fr\/125742\/"},"modified":"2025-05-25T00:16:13","modified_gmt":"2025-05-25T00:16:13","slug":"ces-ecouteurs-pour-sportifs-deviennent-plus-recommandables-apres-de-36-de-remise","status":"publish","type":"post","link":"https:\/\/www.europesays.com\/fr\/125742\/","title":{"rendered":"ces \u00e9couteurs pour sportifs deviennent plus recommandables apr\u00e8s de 36 %\u00a0de remise"},"content":{"rendered":"<p>Les \u00e9couteurs sans fil Beats Fit Pro ne sont pas parfaits, malgr\u00e9 leur bonne autonomie et leur confort. Et, lorsqu\u2019ils sont en promotion, on les recommande bien plus facilement. Justement, sur Amazon, on peut actuellement les trouver \u00e0 159 euros au lieu de 249 euros. <\/p>\n<p><a href=\"https:\/\/images.frandroid.com\/wp-content\/uploads\/2022\/02\/beats-fit-pro-6.jpg\" target=\"_blank\" class=\"article-content__figure\" rel=\"noopener\"><img fetchpriority=\"high\" decoding=\"async\" loading=\"eager\" width=\"1200\" height=\"800\" src=\"https:\/\/www.europesays.com\/fr\/wp-content\/uploads\/2025\/05\/beats-fit-pro-6-1200x800-1.jpg\" alt=\"\" class=\"wp-image-1221971 wp-image wp-image\"  \/><\/a>Les Beats Fit Pro \/\/ Source : Frandroid<\/p>\n<p>Avec ses Fit Pro, Beats a voulu proposer une version sportive de ses <a href=\"https:\/\/www.frandroid.com\/produits\/audio-casques-ecouteurs\/beats\/973093-beats-studio-buds\" target=\"_blank\" rel=\"noopener\">Studio Buds<\/a>.\u00a0Ils ont beaux avoir \u00e9t\u00e9 not\u00e9s 5\/10, ils ont quelques qualit\u00e9s qui en font de bons compagnons pour les sportifs. Avec leur prix \u00e9lev\u00e9, il \u00e9tait difficile de recommander les Beats Fit Pro \u00e0 leur sortie\u2026 Mais aujourd\u2019hui, <a href=\"https:\/\/shop.frandroid.com\/ij385fd4\" target=\"_blank\" rel=\"noreferrer noopener affiliate nofollow\" data-gtm=\"{&quot;event&quot;:&quot;afficlic&quot;,&quot;nom_marchand&quot;:&quot;amazon_fr&quot;,&quot;nom_produit&quot;:&quot;inconnu&quot;,&quot;categorie_produit&quot;:&quot;inconnu&quot;,&quot;module_produit&quot;:&quot;editolink&quot;,&quot;position_marchand&quot;:0,&quot;texte&quot;:&quot;avec-36-de-reduction&quot;,&quot;offer_url&quot;:&quot;https:\/\/shop.frandroid.com\/ij385fd4&quot;,&quot;zone&quot;:&quot;contenu-page&quot;}\">avec 36 % de r\u00e9duction<\/a>, ils deviennent tout de m\u00eame plus int\u00e9ressants.<\/p>\n<p>Les avantages des Beats Fit Pro <\/p>\n<ul class=\"wp-block-list\">\n<li>Des \u00e9couteurs confortables <\/li>\n<li>Un mode transparence efficace<\/li>\n<li>Une bonne autonomie<\/li>\n<\/ul>\n<p>De base \u00e0 249,95 euros, les \u00e9couteurs sans fil Beats Fit Pro sont actuellement <a href=\"https:\/\/shop.frandroid.com\/ij385fd4\" target=\"_blank\" rel=\"noreferrer noopener affiliate nofollow\" data-gtm=\"{&quot;event&quot;:&quot;afficlic&quot;,&quot;nom_marchand&quot;:&quot;amazon_fr&quot;,&quot;nom_produit&quot;:&quot;inconnu&quot;,&quot;categorie_produit&quot;:&quot;inconnu&quot;,&quot;module_produit&quot;:&quot;editolink&quot;,&quot;position_marchand&quot;:0,&quot;texte&quot;:&quot;remises-a-159-95-euros-sur-amazon&quot;,&quot;offer_url&quot;:&quot;https:\/\/shop.frandroid.com\/ij385fd4&quot;,&quot;zone&quot;:&quot;contenu-page&quot;}\">remis\u00e9s \u00e0 159,99 euros sur Amazon<\/a>. La promo est \u00e9galement valable sur les coloris <a href=\"https:\/\/shop.frandroid.com\/qau27kdh\" target=\"_blank\" rel=\"noreferrer noopener affiliate nofollow\" data-gtm=\"{&quot;event&quot;:&quot;afficlic&quot;,&quot;nom_marchand&quot;:&quot;amazon_fr&quot;,&quot;nom_produit&quot;:&quot;inconnu&quot;,&quot;categorie_produit&quot;:&quot;inconnu&quot;,&quot;module_produit&quot;:&quot;editolink&quot;,&quot;position_marchand&quot;:0,&quot;texte&quot;:&quot;blanc&quot;,&quot;offer_url&quot;:&quot;https:\/\/shop.frandroid.com\/qau27kdh&quot;,&quot;zone&quot;:&quot;contenu-page&quot;}\">blanc<\/a>, <a href=\"https:\/\/shop.frandroid.com\/cfiode7b\" target=\"_blank\" rel=\"noreferrer noopener affiliate nofollow\" data-gtm=\"{&quot;event&quot;:&quot;afficlic&quot;,&quot;nom_marchand&quot;:&quot;amazon_fr&quot;,&quot;nom_produit&quot;:&quot;inconnu&quot;,&quot;categorie_produit&quot;:&quot;inconnu&quot;,&quot;module_produit&quot;:&quot;editolink&quot;,&quot;position_marchand&quot;:0,&quot;texte&quot;:&quot;vert-cendre&quot;,&quot;offer_url&quot;:&quot;https:\/\/shop.frandroid.com\/cfiode7b&quot;,&quot;zone&quot;:&quot;contenu-page&quot;}\">vert cendr\u00e9<\/a> et <a href=\"https:\/\/shop.frandroid.com\/hidnxegc\" target=\"_blank\" rel=\"noreferrer noopener affiliate nofollow\" data-gtm=\"{&quot;event&quot;:&quot;afficlic&quot;,&quot;nom_marchand&quot;:&quot;amazon_fr&quot;,&quot;nom_produit&quot;:&quot;inconnu&quot;,&quot;categorie_produit&quot;:&quot;inconnu&quot;,&quot;module_produit&quot;:&quot;editolink&quot;,&quot;position_marchand&quot;:0,&quot;texte&quot;:&quot;violet-pop&quot;,&quot;offer_url&quot;:&quot;https:\/\/shop.frandroid.com\/hidnxegc&quot;,&quot;zone&quot;:&quot;contenu-page&quot;}\">violet pop<\/a>. <\/p>\n<p>Si, par la suite, l\u2019offre mentionn\u00e9e dans cet article n\u2019est plus disponible, merci de jeter un coup d\u2019\u0153il ci-dessous afin de d\u00e9nicher d\u2019autres offres concernant les Beats Fit Pro. Le tableau s\u2019actualise automatiquement. <\/p>\n<p>    <a href=\"https:\/\/www.frandroid.com\/produits\/audio-casques-ecouteurs\/beats\/1195665-beats-fit-pro\" class=\"product-resume__prices-title__product-name has-text-weight-bold\" target=\"_blank\" rel=\"noopener\"><br \/>\n    Beats Fit Pro    <\/a><br \/>\n        au meilleur prix<\/p>\n<p>                Voir plus d\u2019offres<br \/>\n                Voir moins d\u2019offres<\/p>\n<p>Des \u00e9couteurs sportifs confortables<\/p>\n<p>Avec les <a href=\"https:\/\/www.frandroid.com\/produits\/audio-casques-ecouteurs\/beats\/1195665-beats-fit-pro\" target=\"_blank\" rel=\"noopener\">Beats Fit Pro <\/a>on a quasiment affaire \u00e0 des Beats Studio Buds avec un simple prolongement du bouton pour faire office d\u2019ailette de maintien.\u00a0Leur format est plut\u00f4t classique et assez compact, avec des embouts intra-auriculaires en silicone qui viennent s\u2019introduire dans le conduit auditif et sans tige. <\/p>\n<p>D\u2019ailleurs, la marque fournit trois paires d\u2019embouts pour assurer la meilleure adaptation possible des \u00e9couteurs \u00e0 vos oreilles. Une fois port\u00e9, ils sont assez confortables pendant une heure avant qu\u2019une petite g\u00eane ne se fasse sentir. Pour des \u00e9couteurs d\u00e9di\u00e9s pour leur sport, ils sont certifi\u00e9s qu\u2019IPX4, c\u2019est-\u00e0-dire qu\u2019ils sont prot\u00e9g\u00e9s contre les \u00e9claboussures, mais pas contre l\u2019immersion, m\u00eame \u00e0 faible profondeur. Dommage\u2026  <\/p>\n<p>Quant au bo\u00eetier qui accueil les \u00e9couteurs, il est plut\u00f4t volumineux, mais peut se ranger dans une large poche de jean ou un sac \u00e0 main. Il offre jusqu\u2019\u00e0 trois charges compl\u00e8tes, alors que les \u00e9couteurs peuvent r\u00e9cup\u00e9rer 67\u00a0% de batterie de 20\u00a0minutes. <\/p>\n<p>Une partie audio en de\u00e7\u00e0 des attentes   <\/p>\n<p>Les Beats Fit Pro sont capables de r\u00e9duire les bruits ambiants gr\u00e2ce \u00e0 la r\u00e9duction de bruit active propos\u00e9e. Toutefois, lors de notre test, elle\u00a0peine \u00e0 se faire sentir, les microphones ont du mal \u00e0 \u00e9liminer convenablement les bruits alentour. On a surtout l\u2019impression d\u2019avoir affaire \u00e0 une simple isolation passive et non pas \u00e0 une suppression compl\u00e8te. Le mode transparent quant \u00e0 lui est bien plus efficace pour mettre l\u2019accent sur les bruits ext\u00e9rieurs. C\u2019est important, notamment pour <a href=\"https:\/\/www.frandroid.com\/guide-dachat\/guide-audio\/700862_guide-meilleurs-ecouteurs-sport\" target=\"_blank\" rel=\"noopener\">des \u00e9couteurs de sport,<\/a> afin d\u2019\u00eatre attentif \u00e0 ce qui se passe, comme entendre les voitures lorsqu\u2019on est en pleine course. <\/p>\n<p>C\u00f4t\u00e9 audio, on a ici un son relativement \u00e9quilibr\u00e9, o\u00f9 les m\u00e9diums et notamment les voix sont mises en avant. Mais on regrette un son qui manque d\u2019ampleur et de graves avec un accent trop prononc\u00e9 sur les m\u00e9diums. Enfin, les Fit Pro ne sont compatibles qu\u2019avec les\u00a0<a href=\"https:\/\/www.frandroid.com\/comment-faire\/comment-fonctionne-la-technologie\/752329_aptx-ldac-sbc-tout-comprendre-aux-codecs-bluetooth-audio\" target=\"_blank\" rel=\"noopener\">codecs AAC et SBC<\/a>.<\/p>\n<p>Si vous souhaitez en apprendre davantage, <a href=\"https:\/\/www.frandroid.com\/marques\/beats\/1219865_test-beats-fit-pro-ecouteurs-bluetooth-legers\" target=\"_blank\" rel=\"noopener\">voici notre test complet sur les \u00e9couteurs Beats Fit Pro.<\/a><\/p>\n<p>Si vous souhaitez d\u00e9couvrir d\u2019autres r\u00e9f\u00e9rences plus abordables, nous vous invitons d\u00e8s maintenant \u00e0 consulter notre\u00a0<a href=\"https:\/\/www.frandroid.com\/guide-dachat\/guide-audio\/1042881_meilleurs-ecouteurs-sans-fil-pas-cher\" target=\"_blank\" rel=\"noopener\">guide sur les meilleurs \u00e9couteurs sans fil pas chers<\/a>.<\/p>\n","protected":false},"excerpt":{"rendered":"Les \u00e9couteurs sans fil Beats Fit Pro ne sont pas parfaits, malgr\u00e9 leur bonne autonomie et leur confort.&hellip;\n","protected":false},"author":2,"featured_media":125743,"comment_status":"","ping_status":"","sticky":false,"template":"","format":"standard","meta":{"footnotes":""},"categories":[7],"tags":[24890,201,1011,27,43,40,41,39,42,44],"class_list":{"0":"post-125742","1":"post","2":"type-post","3":"status-publish","4":"format-standard","5":"has-post-thumbnail","7":"category-sciences-et-technologies","8":"tag-beats-fit-pro","9":"tag-bons-plans-amazon","10":"tag-fr","11":"tag-france","12":"tag-science","13":"tag-science-and-technology","14":"tag-sciences","15":"tag-sciences-et-technologies","16":"tag-technologies","17":"tag-technology"},"share_on_mastodon":{"url":"https:\/\/pubeurope.com\/@fr\/114565597378219608","error":""},"_links":{"self":[{"href":"https:\/\/www.europesays.com\/fr\/wp-json\/wp\/v2\/posts\/125742","targetHints":{"allow":["GET"]}}],"collection":[{"href":"https:\/\/www.europesays.com\/fr\/wp-json\/wp\/v2\/posts"}],"about":[{"href":"https:\/\/www.europesays.com\/fr\/wp-json\/wp\/v2\/types\/post"}],"author":[{"embeddable":true,"href":"https:\/\/www.europesays.com\/fr\/wp-json\/wp\/v2\/users\/2"}],"replies":[{"embeddable":true,"href":"https:\/\/www.europesays.com\/fr\/wp-json\/wp\/v2\/comments?post=125742"}],"version-history":[{"count":0,"href":"https:\/\/www.europesays.com\/fr\/wp-json\/wp\/v2\/posts\/125742\/revisions"}],"wp:featuredmedia":[{"embeddable":true,"href":"https:\/\/www.europesays.com\/fr\/wp-json\/wp\/v2\/media\/125743"}],"wp:attachment":[{"href":"https:\/\/www.europesays.com\/fr\/wp-json\/wp\/v2\/media?parent=125742"}],"wp:term":[{"taxonomy":"category","embeddable":true,"href":"https:\/\/www.europesays.com\/fr\/wp-json\/wp\/v2\/categories?post=125742"},{"taxonomy":"post_tag","embeddable":true,"href":"https:\/\/www.europesays.com\/fr\/wp-json\/wp\/v2\/tags?post=125742"}],"curies":[{"name":"wp","href":"https:\/\/api.w.org\/{rel}","templated":true}]}}