{"id":12575,"date":"2025-04-09T12:11:10","date_gmt":"2025-04-09T12:11:10","guid":{"rendered":"https:\/\/www.europesays.com\/fr\/12575\/"},"modified":"2025-04-09T12:11:10","modified_gmt":"2025-04-09T12:11:10","slug":"certains-jeunes-du-quartier-nont-jamais-vu-lelephant-pepinieres-pour-futurs","status":"publish","type":"post","link":"https:\/\/www.europesays.com\/fr\/12575\/","title":{"rendered":"\u00ab\u00a0Certains jeunes du quartier n\u2019ont jamais vu l\u2019\u00c9l\u00e9phant\u00a0\u00bb\u00a0: p\u00e9pini\u00e8res pour futurs"},"content":{"rendered":"<p>L\u2019EclectiC \u00e0 Nantes-Nord. L\u2019Horizon au Breil. Le TriptiC \u00e0 la Botti\u00e8re. Des p\u00e9pini\u00e8res d\u2019initiatives jeunesse maillent le territoire nantais avec, pour missions, l\u2019information, l\u2019orientation et l\u2019accompagnement des 16-25 ans.<\/p>\n<p>\u00ab\u00a0Elles portent la voix des jeunes dont l\u2019expression est parfois d\u00e9cri\u00e9e\u00a0\u00bb<\/p>\n<p>Dans ces p\u00e9pini\u00e8res,\u00a0on ne fait pas pousser de &#8230;<\/p>\n<p>\u00a0<\/p>\n","protected":false},"excerpt":{"rendered":"L\u2019EclectiC \u00e0 Nantes-Nord. L\u2019Horizon au Breil. Le TriptiC \u00e0 la Botti\u00e8re. Des p\u00e9pini\u00e8res d\u2019initiatives jeunesse maillent le territoire&hellip;\n","protected":false},"author":2,"featured_media":12576,"comment_status":"","ping_status":"","sticky":false,"template":"","format":"standard","meta":{"footnotes":""},"categories":[2818],"tags":[1111,11,5777,1777,674,1011,27,3746,5776,4074,4715,766,12,2636,5778,5775,25,3245],"class_list":{"0":"post-12575","1":"post","2":"type-post","3":"status-publish","4":"format-standard","5":"has-post-thumbnail","7":"category-nantes","8":"tag-actu","9":"tag-actualites","10":"tag-elephant","11":"tag-eu","12":"tag-europe","13":"tag-fr","14":"tag-france","15":"tag-futurs","16":"tag-jamais","17":"tag-jeunes","18":"tag-nantais","19":"tag-nantes","20":"tag-news","21":"tag-pays-de-la-loire","22":"tag-pepinieres","23":"tag-quartier","24":"tag-republique-francaise","25":"tag-talents"},"share_on_mastodon":{"url":"https:\/\/pubeurope.com\/@fr\/114307942640798792","error":""},"_links":{"self":[{"href":"https:\/\/www.europesays.com\/fr\/wp-json\/wp\/v2\/posts\/12575","targetHints":{"allow":["GET"]}}],"collection":[{"href":"https:\/\/www.europesays.com\/fr\/wp-json\/wp\/v2\/posts"}],"about":[{"href":"https:\/\/www.europesays.com\/fr\/wp-json\/wp\/v2\/types\/post"}],"author":[{"embeddable":true,"href":"https:\/\/www.europesays.com\/fr\/wp-json\/wp\/v2\/users\/2"}],"replies":[{"embeddable":true,"href":"https:\/\/www.europesays.com\/fr\/wp-json\/wp\/v2\/comments?post=12575"}],"version-history":[{"count":0,"href":"https:\/\/www.europesays.com\/fr\/wp-json\/wp\/v2\/posts\/12575\/revisions"}],"wp:featuredmedia":[{"embeddable":true,"href":"https:\/\/www.europesays.com\/fr\/wp-json\/wp\/v2\/media\/12576"}],"wp:attachment":[{"href":"https:\/\/www.europesays.com\/fr\/wp-json\/wp\/v2\/media?parent=12575"}],"wp:term":[{"taxonomy":"category","embeddable":true,"href":"https:\/\/www.europesays.com\/fr\/wp-json\/wp\/v2\/categories?post=12575"},{"taxonomy":"post_tag","embeddable":true,"href":"https:\/\/www.europesays.com\/fr\/wp-json\/wp\/v2\/tags?post=12575"}],"curies":[{"name":"wp","href":"https:\/\/api.w.org\/{rel}","templated":true}]}}