{"id":125754,"date":"2025-05-25T00:23:31","date_gmt":"2025-05-25T00:23:31","guid":{"rendered":"https:\/\/www.europesays.com\/fr\/125754\/"},"modified":"2025-05-25T00:23:31","modified_gmt":"2025-05-25T00:23:31","slug":"rencontre-et-dedicace-avec-helene-gestern-autour-de-son-livre-toi-2","status":"publish","type":"post","link":"https:\/\/www.europesays.com\/fr\/125754\/","title":{"rendered":"Rencontre et d\u00e9dicace avec H\u00e9l\u00e8ne Gestern autour de son livre Toi"},"content":{"rendered":"<p>Apr\u00e8s le succ\u00e8s de ses pr\u00e9c\u00e9dents romans 555 (qui a obtenu le prix RTL &#8211; Lire et le prix Relay) et C\u00e9zembre  (Grasset, 2024), la Nanc\u00e9ienne H\u00e9l\u00e8ne Gestern signe avec son livre Toi  un texte tr\u00e8s personnel qui \u00e9voque le rapport que nous entretenons avec les animaux, la nature, la solitude et nos semblables.<\/p>\n<p class=\"note\">Samedi 31\u00a0mai, de 15\u00a0h \u00e0 18\u00a0h, au Hall du Livre, 53-55, rue Saint-Dizier, \u00e0 Nancy.<\/p>\n","protected":false},"excerpt":{"rendered":"Apr\u00e8s le succ\u00e8s de ses pr\u00e9c\u00e9dents romans 555 (qui a obtenu le prix RTL &#8211; Lire et le&hellip;\n","protected":false},"author":2,"featured_media":125755,"comment_status":"","ping_status":"","sticky":false,"template":"","format":"standard","meta":{"footnotes":""},"categories":[9635],"tags":[1111,11,6211,1687,1704,1777,674,1011,27,775,2410,1702,1703,12,5486,25],"class_list":{"0":"post-125754","1":"post","2":"type-post","3":"status-publish","4":"format-standard","5":"has-post-thumbnail","7":"category-nancy","8":"tag-actu","9":"tag-actualites","10":"tag-conference","11":"tag-culture-loisirs","12":"tag-edition-nancy-et-agglomeration","13":"tag-eu","14":"tag-europe","15":"tag-fr","16":"tag-france","17":"tag-grand-est","18":"tag-livres-bd","19":"tag-nancy","20":"tag-nancy-ville-54b","21":"tag-news","22":"tag-rencontre","23":"tag-republique-francaise"},"share_on_mastodon":{"url":"https:\/\/pubeurope.com\/@fr\/114565624985713084","error":""},"_links":{"self":[{"href":"https:\/\/www.europesays.com\/fr\/wp-json\/wp\/v2\/posts\/125754","targetHints":{"allow":["GET"]}}],"collection":[{"href":"https:\/\/www.europesays.com\/fr\/wp-json\/wp\/v2\/posts"}],"about":[{"href":"https:\/\/www.europesays.com\/fr\/wp-json\/wp\/v2\/types\/post"}],"author":[{"embeddable":true,"href":"https:\/\/www.europesays.com\/fr\/wp-json\/wp\/v2\/users\/2"}],"replies":[{"embeddable":true,"href":"https:\/\/www.europesays.com\/fr\/wp-json\/wp\/v2\/comments?post=125754"}],"version-history":[{"count":0,"href":"https:\/\/www.europesays.com\/fr\/wp-json\/wp\/v2\/posts\/125754\/revisions"}],"wp:featuredmedia":[{"embeddable":true,"href":"https:\/\/www.europesays.com\/fr\/wp-json\/wp\/v2\/media\/125755"}],"wp:attachment":[{"href":"https:\/\/www.europesays.com\/fr\/wp-json\/wp\/v2\/media?parent=125754"}],"wp:term":[{"taxonomy":"category","embeddable":true,"href":"https:\/\/www.europesays.com\/fr\/wp-json\/wp\/v2\/categories?post=125754"},{"taxonomy":"post_tag","embeddable":true,"href":"https:\/\/www.europesays.com\/fr\/wp-json\/wp\/v2\/tags?post=125754"}],"curies":[{"name":"wp","href":"https:\/\/api.w.org\/{rel}","templated":true}]}}