{"id":125756,"date":"2025-05-25T00:24:29","date_gmt":"2025-05-25T00:24:29","guid":{"rendered":"https:\/\/www.europesays.com\/fr\/125756\/"},"modified":"2025-05-25T00:24:29","modified_gmt":"2025-05-25T00:24:29","slug":"appel-a-la-sobriete-dans-lusage-de-leau","status":"publish","type":"post","link":"https:\/\/www.europesays.com\/fr\/125756\/","title":{"rendered":"appel \u00e0 la sobri\u00e9t\u00e9 dans l&rsquo;usage de l&rsquo;eau"},"content":{"rendered":"<p>D\u00e9j\u00e0\u2026 Face \u00e0 un d\u00e9ficit pluviom\u00e9trique marqu\u00e9 depuis d\u00e9but 2025, <a href=\"https:\/\/www.estrepublicain.fr\/societe\/2023\/08\/21\/la-nouvelle-prefete-installee-sa-feuille-de-route\" target=\"_blank\" rel=\"noopener\">la pr\u00e9f\u00e8te Fran\u00e7oise Souliman<\/a> vient de placer la <a href=\"https:\/\/www.estrepublicain.fr\/edition-nancy-et-agglomeration\" target=\"_blank\" rel=\"noopener\">Meurthe-et-Moselle<\/a> en vigilance s\u00e9cheresse.<\/p>\n<p>Le niveau des nappes phr\u00e9atiques et le d\u00e9bit des cours d\u2019eau sont en baisse, dans un contexte d\u2019ensoleillement soutenu, selon la pr\u00e9fecture.<\/p>\n<p>Ce contenu est bloqu\u00e9 car vous n&rsquo;avez pas accept\u00e9 les cookies et autres traceurs.<\/p>\n<p>En cliquant sur \u00ab J\u2019accepte \u00bb, les cookies et autres traceurs seront d\u00e9pos\u00e9s et vous pourrez visualiser les contenus  (<a href=\"\" class=\"consentModule_policy\" target=\"_blank\" title=\"Consulter la politique de protection des donn\u00e9es du fournisseur\">plus d&rsquo;informations<\/a>).<\/p>\n<p>En cliquant sur \u00ab J\u2019accepte tous les cookies \u00bb, vous autorisez des d\u00e9p\u00f4ts de cookies et autres traceurs pour le stockage de vos donn\u00e9es sur nos sites et applications \u00e0 des fins de personnalisation et de ciblage publicitaire.<\/p>\n<p class=\"consentModule_secondaryText\">Vous gardez la possibilit\u00e9 de retirer votre consentement \u00e0 tout moment en consultant notre <a href=\"https:\/\/www.estrepublicain.fr\/protection-des-donnees\" target=\"_blank\" title=\"Consulter notre politique de protection des donn\u00e9es\" rel=\"noopener\">politique de protection des donn\u00e9es<\/a>. <br \/>&#13;<br \/>\n            <a href=\"https:\/\/www.estrepublicain.fr\/environnement\/2025\/05\/23\/javascript:Didomi.notice.show()\" class=\"consentModule_cmp\" target=\"_blank\" rel=\"noopener\">G\u00e9rer mes choix<\/a>&#13;\n        <\/p>\n<p>&#13;<br \/>\n                        J&rsquo;accepte&#13;<br \/>\n            J&rsquo;accepte tous les cookies&#13;\n        <\/p>\n<p>Si aucune restriction d\u2019eau n\u2019est encore impos\u00e9e, les habitants, collectivit\u00e9s et acteurs \u00e9conomiques sont appel\u00e9s \u00e0 la sobri\u00e9t\u00e9, \u00ab\u00a0et doit permettre une prise de conscience de l\u2019ensemble des usagers de l\u2019eau\u00a0: collectivit\u00e9s, industriels, agriculteurs et particuliers\u00a0\u00bb.<\/p>\n<p>La situation actuelle, selon la pr\u00e9f\u00e8te, \u00ab\u00a0est comparable \u00e0 celle de mai\u00a02022\u00a0\u00bb.<\/p>\n<p>Des gestes simples peuvent contribuer \u00e0 pr\u00e9server la ressource, pr\u00e9cise la pr\u00e9fecture.<\/p>\n","protected":false},"excerpt":{"rendered":"D\u00e9j\u00e0\u2026 Face \u00e0 un d\u00e9ficit pluviom\u00e9trique marqu\u00e9 depuis d\u00e9but 2025, la pr\u00e9f\u00e8te Fran\u00e7oise Souliman vient de placer la&hellip;\n","protected":false},"author":2,"featured_media":125757,"comment_status":"","ping_status":"","sticky":false,"template":"","format":"standard","meta":{"footnotes":""},"categories":[9635],"tags":[1111,11,1707,1704,1706,1705,436,1777,674,1011,27,775,3457,1702,1703,12,316,25,12817],"class_list":{"0":"post-125756","1":"post","2":"type-post","3":"status-publish","4":"format-standard","5":"has-post-thumbnail","7":"category-nancy","8":"tag-actu","9":"tag-actualites","10":"tag-edition-luneville","11":"tag-edition-nancy-et-agglomeration","12":"tag-edition-pont-a-mousson","13":"tag-edition-toul","14":"tag-environnement","15":"tag-eu","16":"tag-europe","17":"tag-fr","18":"tag-france","19":"tag-grand-est","20":"tag-meurthe-et-moselle","21":"tag-nancy","22":"tag-nancy-ville-54b","23":"tag-news","24":"tag-politique","25":"tag-republique-francaise","26":"tag-secheresse"},"share_on_mastodon":{"url":"https:\/\/pubeurope.com\/@fr\/114565628769553674","error":""},"_links":{"self":[{"href":"https:\/\/www.europesays.com\/fr\/wp-json\/wp\/v2\/posts\/125756","targetHints":{"allow":["GET"]}}],"collection":[{"href":"https:\/\/www.europesays.com\/fr\/wp-json\/wp\/v2\/posts"}],"about":[{"href":"https:\/\/www.europesays.com\/fr\/wp-json\/wp\/v2\/types\/post"}],"author":[{"embeddable":true,"href":"https:\/\/www.europesays.com\/fr\/wp-json\/wp\/v2\/users\/2"}],"replies":[{"embeddable":true,"href":"https:\/\/www.europesays.com\/fr\/wp-json\/wp\/v2\/comments?post=125756"}],"version-history":[{"count":0,"href":"https:\/\/www.europesays.com\/fr\/wp-json\/wp\/v2\/posts\/125756\/revisions"}],"wp:featuredmedia":[{"embeddable":true,"href":"https:\/\/www.europesays.com\/fr\/wp-json\/wp\/v2\/media\/125757"}],"wp:attachment":[{"href":"https:\/\/www.europesays.com\/fr\/wp-json\/wp\/v2\/media?parent=125756"}],"wp:term":[{"taxonomy":"category","embeddable":true,"href":"https:\/\/www.europesays.com\/fr\/wp-json\/wp\/v2\/categories?post=125756"},{"taxonomy":"post_tag","embeddable":true,"href":"https:\/\/www.europesays.com\/fr\/wp-json\/wp\/v2\/tags?post=125756"}],"curies":[{"name":"wp","href":"https:\/\/api.w.org\/{rel}","templated":true}]}}