{"id":125764,"date":"2025-05-25T00:31:41","date_gmt":"2025-05-25T00:31:41","guid":{"rendered":"https:\/\/www.europesays.com\/fr\/125764\/"},"modified":"2025-05-25T00:31:41","modified_gmt":"2025-05-25T00:31:41","slug":"grenoble-une-journee-portes-ouvertes-a-lecole-montessori-le-26-mai","status":"publish","type":"post","link":"https:\/\/www.europesays.com\/fr\/125764\/","title":{"rendered":"Grenoble. Une journ\u00e9e Portes ouvertes \u00e0 l\u2019\u00e9cole Montessori le 26\u00a0mai"},"content":{"rendered":"<p>Les portes ouvertes de l\u2019\u00e9cole Montessori \u201cAide-moi \u00e0 faire seul\u201d auront lieu le lundi 26\u00a0mai et le jeudi 12\u00a0juin \u00e0 partir de 17\u00a0heures. L\u2019\u00e9quipe p\u00e9dagogique ainsi que l\u2019association des parents d\u2019\u00e9l\u00e8ves seront pr\u00e9sentes pour accueillir les visiteurs et r\u00e9pondre \u00e0 leurs questions.<\/p>\n<p>Il sera \u00e9galement possible de visiter l\u2019\u00e9cole, qui se distingue par son approche associative et humaine. G\u00e9r\u00e9e collectivement par les parents et les \u00e9ducateurs, elle fonctionne sur un mod\u00e8le participatif et sans but lucratif\u00a0: toutes les ressources sont investies dans le bien-\u00eatre et l\u2019\u00e9panouissement des enfants. L\u2019\u00e9tablissement accueille des enfants de 2 \u00e0 6 ans.<\/p>\n<p class=\"note\">Informations pratiques\u00a0: \u00c9cole Montessori \u201cAide-moi \u00e0 faire seul\u201d, 68, rue des Eaux-Claires, Grenoble.<\/p>\n<p>Ce contenu est bloqu\u00e9 car vous n&rsquo;avez pas accept\u00e9 les cookies et autres traceurs.<\/p>\n<p>En cliquant sur \u00ab J\u2019accepte \u00bb, les cookies et autres traceurs seront d\u00e9pos\u00e9s et vous pourrez visualiser les contenus  (<a href=\"\" class=\"consentModule_policy\" target=\"_blank\" title=\"Consulter la politique de protection des donn\u00e9es du fournisseur\">plus d&rsquo;informations<\/a>).<\/p>\n<p>En cliquant sur \u00ab J\u2019accepte tous les cookies \u00bb, vous autorisez des d\u00e9p\u00f4ts de cookies et autres traceurs pour le stockage de vos donn\u00e9es sur nos sites et applications \u00e0 des fins de personnalisation et de ciblage publicitaire.<\/p>\n<p class=\"consentModule_secondaryText\">Vous gardez la possibilit\u00e9 de retirer votre consentement \u00e0 tout moment en consultant notre <a href=\"https:\/\/www.ledauphine.com\/protection-des-donnees\" target=\"_blank\" title=\"Consulter notre politique de protection des donn\u00e9es\" rel=\"noopener\">politique de protection des donn\u00e9es<\/a>. <br \/>&#13;<br \/>\n            <a href=\"https:\/\/www.ledauphine.com\/culture-loisirs\/2025\/05\/23\/javascript:Didomi.notice.show()\" class=\"consentModule_cmp\" target=\"_blank\" rel=\"noopener\">G\u00e9rer mes choix<\/a>&#13;\n        <\/p>\n<p>&#13;<br \/>\n                        J&rsquo;accepte&#13;<br \/>\n            J&rsquo;accepte tous les cookies&#13;\n        <\/p>\n","protected":false},"excerpt":{"rendered":"Les portes ouvertes de l\u2019\u00e9cole Montessori \u201cAide-moi \u00e0 faire seul\u201d auront lieu le lundi 26\u00a0mai et le jeudi&hellip;\n","protected":false},"author":2,"featured_media":125765,"comment_status":"","ping_status":"","sticky":false,"template":"","format":"standard","meta":{"footnotes":""},"categories":[9566],"tags":[1111,11,2430,112,1057,1777,674,1011,27,2731,2732,10425,12,25],"class_list":{"0":"post-125764","1":"post","2":"type-post","3":"status-publish","4":"format-standard","5":"has-post-thumbnail","7":"category-grenoble","8":"tag-actu","9":"tag-actualites","10":"tag-auvergne-rhone-alpes","11":"tag-edition-grenoble-agglomeration","12":"tag-education","13":"tag-eu","14":"tag-europe","15":"tag-fr","16":"tag-france","17":"tag-grenoble","18":"tag-grenoble-bassin","19":"tag-maternelle-elementaire","20":"tag-news","21":"tag-republique-francaise"},"share_on_mastodon":{"url":"https:\/\/pubeurope.com\/@fr\/114565656284575551","error":""},"_links":{"self":[{"href":"https:\/\/www.europesays.com\/fr\/wp-json\/wp\/v2\/posts\/125764","targetHints":{"allow":["GET"]}}],"collection":[{"href":"https:\/\/www.europesays.com\/fr\/wp-json\/wp\/v2\/posts"}],"about":[{"href":"https:\/\/www.europesays.com\/fr\/wp-json\/wp\/v2\/types\/post"}],"author":[{"embeddable":true,"href":"https:\/\/www.europesays.com\/fr\/wp-json\/wp\/v2\/users\/2"}],"replies":[{"embeddable":true,"href":"https:\/\/www.europesays.com\/fr\/wp-json\/wp\/v2\/comments?post=125764"}],"version-history":[{"count":0,"href":"https:\/\/www.europesays.com\/fr\/wp-json\/wp\/v2\/posts\/125764\/revisions"}],"wp:featuredmedia":[{"embeddable":true,"href":"https:\/\/www.europesays.com\/fr\/wp-json\/wp\/v2\/media\/125765"}],"wp:attachment":[{"href":"https:\/\/www.europesays.com\/fr\/wp-json\/wp\/v2\/media?parent=125764"}],"wp:term":[{"taxonomy":"category","embeddable":true,"href":"https:\/\/www.europesays.com\/fr\/wp-json\/wp\/v2\/categories?post=125764"},{"taxonomy":"post_tag","embeddable":true,"href":"https:\/\/www.europesays.com\/fr\/wp-json\/wp\/v2\/tags?post=125764"}],"curies":[{"name":"wp","href":"https:\/\/api.w.org\/{rel}","templated":true}]}}