{"id":125767,"date":"2025-05-25T00:33:15","date_gmt":"2025-05-25T00:33:15","guid":{"rendered":"https:\/\/www.europesays.com\/fr\/125767\/"},"modified":"2025-05-25T00:33:15","modified_gmt":"2025-05-25T00:33:15","slug":"a-rennes-six-suspects-ecroues-pour-des-fusillades-survenues-en-janvier-liberation","status":"publish","type":"post","link":"https:\/\/www.europesays.com\/fr\/125767\/","title":{"rendered":"A Rennes, six suspects \u00e9crou\u00e9s pour des fusillades survenues en janvier \u2013 Lib\u00e9ration"},"content":{"rendered":"<p class=\"sc-ksZaOG ehjQrN text-element\">Il a fallu quelques mois pour que les enqu\u00eateurs remontent la piste apr\u00e8s la s\u00e9rie de violences qui a boulevers\u00e9 la ville de Rennes en d\u00e9but d\u2019ann\u00e9e. Six suspects \u00e2g\u00e9s de 17 \u00e0 26 ans ont \u00e9t\u00e9 mis en examen et plac\u00e9s en d\u00e9tention provisoire pour plusieurs fusillades sur fond de <a href=\"https:\/\/www.liberation.fr\/societe\/narcotrafic-les-nouvelles-routes-de-la-cocaine-pour-deferler-sur-la-france-20250402_DCIAYW6CIFGUBBMQ5TXF75NMTE\/\" target=\"_blank\" rel=\"noopener\" title=\"https:\/\/www.liberation.fr\/societe\/narcotrafic-les-nouvelles-routes-de-la-cocaine-pour-deferler-sur-la-france-20250402_DCIAYW6CIFGUBBMQ5TXF75NMTE\/\">trafic de drogue<\/a> intervenues en janvier dans un quartier sensible de Rennes, a annonc\u00e9 le parquet vendredi 23 mai dans la soir\u00e9e.<\/p>\n<p class=\"sc-ksZaOG ehjQrN text-element\">\u00abAucun ne reconna\u00eet sa participation aux faits sauf l\u2019un d\u2019entre eux, qui admet avoir r\u00e9cup\u00e9r\u00e9 les tireurs\u00bb lors d\u2019une des fusillades et \u00abavoir particip\u00e9 au trafic de stup\u00e9fiants\u00bb, a pr\u00e9cis\u00e9 le procureur de Rennes Fr\u00e9d\u00e9ric Teillet.<\/p>\n<p class=\"sc-ksZaOG ehjQrN text-element\">Les \u00e9v\u00e9nements avaient eu lieu dans <a href=\"https:\/\/www.liberation.fr\/societe\/police-justice\/pronostic-vital-engage-interpellations-renforts-de-crs-ce-que-lon-sait-de-la-fusillade-dans-un-restaurant-subway-a-rennes-20250418_BWSDK4XJORFQ3JRAFCQRKJ7EVI\/\" target=\"_blank\" rel=\"noopener\" title=\"https:\/\/www.liberation.fr\/societe\/police-justice\/pronostic-vital-engage-interpellations-renforts-de-crs-ce-que-lon-sait-de-la-fusillade-dans-un-restaurant-subway-a-rennes-20250418_BWSDK4XJORFQ3JRAFCQRKJ7EVI\/\">le quartier Villejean<\/a>. Le dimanche 5 janvier, vers 13 h 30, trois personnes encagoul\u00e9es, et v\u00eatues de tenues sombres, avaient tir\u00e9 sur un groupe de revendeurs de drogue nouvellement install\u00e9, avant de prendre la fuite \u00e0 pied.<\/p>\n<p class=\"sc-ksZaOG ehjQrN text-element\">Douze \u00e9tuis de calibre 9 mm avaient \u00e9t\u00e9 retrouv\u00e9s sur la sc\u00e8ne de crime. Un projectile avait travers\u00e9 la baie vitr\u00e9e d\u2019un appartement, terminant sa course dans le canap\u00e9 sur lequel \u00e9tait assis un homme avec sa compagne. Il n\u2019y avait pas eu de victime.<\/p>\n<p class=\"sc-ksZaOG ehjQrN text-element\">Une nouvelle fusillade avait eu lieu le samedi 11 janvier vers 19 h 30, faisant cette fois deux bless\u00e9s par balles, l\u2019un tr\u00e8s gri\u00e8vement, l\u2019autre plus l\u00e9g\u00e8rement. Un homme arm\u00e9 d\u2019un pistolet-mitrailleur avait pris pour cible un groupe de revendeurs de stup\u00e9fiants regroup\u00e9s devant un tabac presse ferm\u00e9.<\/p>\n<p class=\"sc-ksZaOG ehjQrN text-element\">Les six suspects interpell\u00e9s ont notamment \u00e9t\u00e9 mis en examen pour tentative de meurtre en bande organis\u00e9e, participation \u00e0 une association de malfaiteurs en vue de la pr\u00e9paration d\u2019un crime et acquisition, transport, d\u00e9tention, offre ou cession de stup\u00e9fiants. Certains d\u2019entre eux ne sont pas connus de la justice, d\u2019autres encore ont de nombreux ant\u00e9c\u00e9dents.<\/p>\n","protected":false},"excerpt":{"rendered":"Il a fallu quelques mois pour que les enqu\u00eateurs remontent la piste apr\u00e8s la s\u00e9rie de violences qui&hellip;\n","protected":false},"author":2,"featured_media":125768,"comment_status":"","ping_status":"","sticky":false,"template":"","format":"standard","meta":{"footnotes":""},"categories":[2821],"tags":[1111,11,829,1777,674,1011,27,8721,12,584,25],"class_list":{"0":"post-125767","1":"post","2":"type-post","3":"status-publish","4":"format-standard","5":"has-post-thumbnail","7":"category-rennes","8":"tag-actu","9":"tag-actualites","10":"tag-bretagne","11":"tag-eu","12":"tag-europe","13":"tag-fr","14":"tag-france","15":"tag-narcotrafic","16":"tag-news","17":"tag-rennes","18":"tag-republique-francaise"},"share_on_mastodon":{"url":"https:\/\/pubeurope.com\/@fr\/114565664159541044","error":""},"_links":{"self":[{"href":"https:\/\/www.europesays.com\/fr\/wp-json\/wp\/v2\/posts\/125767","targetHints":{"allow":["GET"]}}],"collection":[{"href":"https:\/\/www.europesays.com\/fr\/wp-json\/wp\/v2\/posts"}],"about":[{"href":"https:\/\/www.europesays.com\/fr\/wp-json\/wp\/v2\/types\/post"}],"author":[{"embeddable":true,"href":"https:\/\/www.europesays.com\/fr\/wp-json\/wp\/v2\/users\/2"}],"replies":[{"embeddable":true,"href":"https:\/\/www.europesays.com\/fr\/wp-json\/wp\/v2\/comments?post=125767"}],"version-history":[{"count":0,"href":"https:\/\/www.europesays.com\/fr\/wp-json\/wp\/v2\/posts\/125767\/revisions"}],"wp:featuredmedia":[{"embeddable":true,"href":"https:\/\/www.europesays.com\/fr\/wp-json\/wp\/v2\/media\/125768"}],"wp:attachment":[{"href":"https:\/\/www.europesays.com\/fr\/wp-json\/wp\/v2\/media?parent=125767"}],"wp:term":[{"taxonomy":"category","embeddable":true,"href":"https:\/\/www.europesays.com\/fr\/wp-json\/wp\/v2\/categories?post=125767"},{"taxonomy":"post_tag","embeddable":true,"href":"https:\/\/www.europesays.com\/fr\/wp-json\/wp\/v2\/tags?post=125767"}],"curies":[{"name":"wp","href":"https:\/\/api.w.org\/{rel}","templated":true}]}}