{"id":12577,"date":"2025-04-09T12:12:11","date_gmt":"2025-04-09T12:12:11","guid":{"rendered":"https:\/\/www.europesays.com\/fr\/12577\/"},"modified":"2025-04-09T12:12:11","modified_gmt":"2025-04-09T12:12:11","slug":"avec-la-renovation-de-la-cite-blanche-la-benauge-continue-a-reprendre-des-couleurs","status":"publish","type":"post","link":"https:\/\/www.europesays.com\/fr\/12577\/","title":{"rendered":"Avec la r\u00e9novation de la Cit\u00e9 Blanche, la Benauge continue \u00e0 reprendre des couleurs"},"content":{"rendered":"<p class=\"wp-block-post-excerpt__excerpt\">Lanc\u00e9 en 2016, le renouvellement urbain de la Benauge a entam\u00e9 l\u2019an dernier une nouvelle phase avec la modernisation des tours 1 et 2 par le bailleur CDC Habitat. La r\u00e9novation du parc de la Cit\u00e9 Blanche puis celles du centre commercial et du p\u00f4le culturel seront les prochaines \u00e9tapes d\u2019un chantier tr\u00e8s attendu par les habitants de ce quartier de la rive droite de Bordeaux. <\/p>\n<p><a href=\"https:\/\/rue89bordeaux.com\/category\/kiosque-abonne\/\" rel=\"tag noopener\" target=\"_blank\">\u00c9dition abonn\u00e9s<\/a>, <a href=\"https:\/\/rue89bordeaux.com\/category\/reportage\/\" rel=\"tag noopener\" target=\"_blank\">Reportage<\/a><\/p>\n<p>Samuel Clauzier<\/p>\n<p>Publi\u00e9 le 9 avril 2025\u00a0\u00a0\u00b7\u00a0\u00a0<\/p>\n<p>Imprim\u00e9 le 9 avril 2025 \u00e0 14h12\u00a0\u00a0\u00b7\u00a0\u00a0<\/p>\n<p>\t\t\t\t\t9\u00a0minutes\n<\/p>\n<p>Le grand ensemble typique des constructions d\u2019apr\u00e8s-guerre, \u00e9rig\u00e9 en 1959, est en pleine mutation. C\u0153ur du projet de renouvellement urbain Benauge-Joliot-Curie, la transformation de la Cit\u00e9 Blanche vient d\u2019entrer dans une nouvelle phase, pilot\u00e9e par CDC Habitat, gestionnaire du parc immobilier concern\u00e9 par l\u2019op\u00e9ration.<\/p>\n<p>Ses deux tours de quinze \u00e9tages sont silhouettes embl\u00e9matiques de la rive droite. Aux c\u00f4t\u00e9s de la Cit\u00e9 Pin\u00e7on, o\u00f9 l\u2019autre bailleur social du quartier, Aquitanis, d\u00e9tient environ 550 logements, la Cit\u00e9 Blanche compose le grand ensemble de la Benauge : 1 200 logements construits entre 1948 et 1959, abritant pr\u00e8s de 3 000 habitants.<\/p>\n<p>\t\tDans les ann\u00e9es 1950, un quartier populaire \u00ab\u00a0en avance\u00a0\u00bb<\/p>\n<p>\u00c9coles, commerces, piscine, \u00e9quipements sportifs\u2026 Avec ses grands espaces verts, l\u2019\u0153uvre de l\u2019architecte Claude Ferret se voulait \u00eatre l\u2019exemple m\u00eame de la \u00ab\u00a0cit\u00e9-jardin\u00a0\u00bb, destin\u00e9e \u00e0 r\u00e9pondre au besoin de logement de l\u2019agglom\u00e9ration bordelaise au d\u00e9but des Trente Glorieuses. \u00ab\u00a0\u00c0 l\u2019\u00e9poque, c\u2019\u00e9tait d\u00e9j\u00e0 un quartier en avance sur son temps, avec cette r\u00e9habilitation, il va le redevenir\u00a0\u00bb, souligne J\u00e9r\u00f4me Farcot, directeur interr\u00e9gional chez CDC Habitat Sud-Ouest :<\/p>\n<blockquote class=\"wp-block-quote is-layout-flow wp-block-quote-is-layout-flow\">\n<p>\u00ab\u00a0C\u2019est une op\u00e9ration assez rare de restructurer des tours de 15 \u00e9tages, on a plus l\u2019habitude de les d\u00e9molir et de reconstruire. En termes d\u2019\u00e9missions de carbone, c\u2019est beaucoup mieux, et sur le plan architectural, il est important de conserver ce type de b\u00e2timents\u00a0\u00bb, poursuit le directeur.<\/p>\n<\/blockquote>\n<p><img loading=\"lazy\" decoding=\"async\" width=\"792\" height=\"1007\" src=\"https:\/\/www.europesays.com\/fr\/wp-content\/uploads\/2025\/04\/Perimetre-urbain-joliot-curie-2-792x1007.webp.webp\" alt=\"\" class=\"wp-image-161391\" style=\"width:595px;height:auto\"  \/> Le projet de renouvellement urbain Joliot-Curie s\u2019\u00e9tend sur trois communes : Bordeaux, Cenon, Floirac Photo\u00a0: Bordeaux M\u00e9tropole<\/p>\n<p>\t\tDu monde aux balcons<\/p>\n<p>Le chantier est une nouvelle \u00e9tape de la r\u00e9novation de la Benauge, apr\u00e8s la r\u00e9habilitation des barres A, B et C (achev\u00e9e en 2023 pour cette derni\u00e8re), et la d\u00e9molition, tr\u00e8s contest\u00e9e, de la barre D en 2019, cens\u00e9e \u00ab\u00a0d\u00e9senclaver la Cit\u00e9 Blanche sur le quartier\u00a0\u00bb, en cr\u00e9ant une continuit\u00e9 avec le parc Pin\u00e7on.<\/p>\n<p>Lisez la suite pour 1\u20ac<\/p>\n<p>En profitant de notre offre d\u2019essai, r\u00e9siliable en ligne \u00e0 tout moment.<\/p>\n<p><strong>Pour acc\u00e9der \u00e0 cet article, il faut \u00eatre abonn\u00e9. Pourquoi\u00a0?<\/strong><\/p>\n<p>Les informations exclusives, les enqu\u00eates et certains reportages constituent l\u2019\u00e9dition abonn\u00e9s de Rue89 Bordeaux. En tant que m\u00e9dia ind\u00e9pendant, nos ressources proviennent de nos lectrices et lecteurs abonn\u00e9s, aucun milliardaire ni groupe bancaire ne nous finance.<\/p>\n<p>Nous demandons \u00e0 nos lecteurs une faible contribution pour disposer \u00e0 Bordeaux d\u2019un m\u00e9dia critique des pouvoirs, capable d\u2019enqu\u00eater et de traiter les enjeux locaux en profondeur et dans la dur\u00e9e.<\/p>\n<p>Chaque abonnement compte. Toutes nos recettes sont investies dans un journalisme local ind\u00e9pendant, dont la force et la r\u00e9activit\u00e9 d\u00e9pend directement du nombre d\u2019abonn\u00e9s actifs.<\/p>\n<p class=\"has-text-align-right\"><strong><a href=\"https:\/\/rue89bordeaux.com\/?p=128375\" data-type=\"page\" data-id=\"0\" target=\"_blank\" rel=\"noopener\">Je m\u2019abonne\u00a0 <\/a><\/strong><\/p>\n<p>\t\t\t<a href=\"https:\/\/rue89bordeaux.com\/\" class=\"custom-logo-link\" rel=\"home noopener\" target=\"_blank\"><img loading=\"lazy\" decoding=\"async\" width=\"290\" height=\"49\" src=\"https:\/\/www.europesays.com\/fr\/wp-content\/uploads\/2025\/04\/logo.png\" class=\"custom-logo\" alt=\"Rue89Bordeaux Enqu\u00eates et informations de proximit\u00e9\"  \/><\/a><\/p>\n<p>\n\t\t\t\tAbonnez-vous maintenant pour suivre l\u2019actualit\u00e9 locale.\t\t\t<\/p>\n<p class=\"font-bold font-serif-heading mb-2 text-4xl\">\n\t\t\t\t\t\tL\u2019investigation locale \u00e0 port\u00e9e de main.\n\t\t\t\t\t<\/p>\n<p>\n\t\t\t\t\t\tAbonnez-vous et profitez d\u2019un acc\u00e8s illimit\u00e9 \u00e0 Rue89Bordeaux. Annulez quand vous voulez.\n\t\t\t\t\t<\/p>\n<p class=\"xl:text-sm\">\n\t\t\t\t\tD\u00e9j\u00e0 abonn\u00e9\u00a0?<br \/>\n\t\t\t\t\t<a class=\"border border-transparent text-center transition-colors duration-instant focus:border-info focus:rounded focus:shadow-focus cursor-pointer text-black hover:text-gray-700 active:bg-black-700 font-semibold inline-block\" href=\"https:\/\/rue89bordeaux.com\/user\/login\/?redirect=\/2025\/04\/avec-la-renovation-de-la-cite-blanche-la-benauge-continue-a-reprendre-des-couleurs\/\" target=\"_blank\" rel=\"noopener\">Connectez-vous<\/a>\t\t\t\t<\/p>\n<p>\n\t\t\t\tChoisissez votre formule\u00a0:\n\t\t\t<\/p>\n<p>\t\t\t\tFermer<\/p>\n","protected":false},"excerpt":{"rendered":"Lanc\u00e9 en 2016, le renouvellement urbain de la Benauge a entam\u00e9 l\u2019an dernier une nouvelle phase avec la&hellip;\n","protected":false},"author":2,"featured_media":12578,"comment_status":"","ping_status":"","sticky":false,"template":"","format":"standard","meta":{"footnotes":""},"categories":[2817],"tags":[1111,11,5779,1997,1777,674,1011,27,5780,12,2219,5781,5765,25],"class_list":{"0":"post-12577","1":"post","2":"type-post","3":"status-publish","4":"format-standard","5":"has-post-thumbnail","7":"category-bordeaux","8":"tag-actu","9":"tag-actualites","10":"tag-anru","11":"tag-bordeaux","12":"tag-eu","13":"tag-europe","14":"tag-fr","15":"tag-france","16":"tag-la-benauge","17":"tag-news","18":"tag-nouvelle-aquitaine","19":"tag-rehabilitation","20":"tag-renovation-urbaine","21":"tag-republique-francaise"},"share_on_mastodon":{"url":"https:\/\/pubeurope.com\/@fr\/114307946545880097","error":""},"_links":{"self":[{"href":"https:\/\/www.europesays.com\/fr\/wp-json\/wp\/v2\/posts\/12577","targetHints":{"allow":["GET"]}}],"collection":[{"href":"https:\/\/www.europesays.com\/fr\/wp-json\/wp\/v2\/posts"}],"about":[{"href":"https:\/\/www.europesays.com\/fr\/wp-json\/wp\/v2\/types\/post"}],"author":[{"embeddable":true,"href":"https:\/\/www.europesays.com\/fr\/wp-json\/wp\/v2\/users\/2"}],"replies":[{"embeddable":true,"href":"https:\/\/www.europesays.com\/fr\/wp-json\/wp\/v2\/comments?post=12577"}],"version-history":[{"count":0,"href":"https:\/\/www.europesays.com\/fr\/wp-json\/wp\/v2\/posts\/12577\/revisions"}],"wp:featuredmedia":[{"embeddable":true,"href":"https:\/\/www.europesays.com\/fr\/wp-json\/wp\/v2\/media\/12578"}],"wp:attachment":[{"href":"https:\/\/www.europesays.com\/fr\/wp-json\/wp\/v2\/media?parent=12577"}],"wp:term":[{"taxonomy":"category","embeddable":true,"href":"https:\/\/www.europesays.com\/fr\/wp-json\/wp\/v2\/categories?post=12577"},{"taxonomy":"post_tag","embeddable":true,"href":"https:\/\/www.europesays.com\/fr\/wp-json\/wp\/v2\/tags?post=12577"}],"curies":[{"name":"wp","href":"https:\/\/api.w.org\/{rel}","templated":true}]}}