{"id":125771,"date":"2025-05-25T00:35:17","date_gmt":"2025-05-25T00:35:17","guid":{"rendered":"https:\/\/www.europesays.com\/fr\/125771\/"},"modified":"2025-05-25T00:35:17","modified_gmt":"2025-05-25T00:35:17","slug":"municipales-2026-a-schiltigheim-guillaume-weixler-veut-etre-maire-a-21-ans","status":"publish","type":"post","link":"https:\/\/www.europesays.com\/fr\/125771\/","title":{"rendered":"Municipales 2026. \u00c0 Schiltigheim, Guillaume Weixler veut \u00eatre maire \u00e0 21 ans"},"content":{"rendered":"<p>De prime abord, l\u2019id\u00e9e pourrait para\u00eetre un brin loufoque. Comment un tr\u00e8s jeune homme peut-il envisager sereinement de prendre les r\u00eanes d\u2019une ville de 34\u00a0614 (*) habitants ? Ou seulement esp\u00e9rer rassembler sur une liste\u00a039 candidats\u00a0?<\/p>\n<p>Guillaume Weixler ne se laisse pas d\u00e9sar\u00e7onner pour si peu\u00a0: \u00ab\u00a0J\u2019ai la chance de ne pas faire mon \u00e2ge\u00a0\u00bb r\u00e9pond-il en souriant. Avant d\u2019envoyer une pique \u00e0 ses a\u00een\u00e9s. \u00ab\u00a0Si c\u2019\u00e9tait vraiment l\u2019\u00e2ge qui faisait la capacit\u00e9 \u00e0 mener un projet, on n\u2019en serait pas l\u00e0.\u00a0\u00bb<\/p>\n<p>Pour prouver que son \u00e9lection n\u2019a rien d\u2019impossible, il cite <a href=\"https:\/\/www.dna.fr\/politique\/2020\/06\/29\/thibaud-philipps-remporte-la-quadrangulaire\" target=\"_blank\" rel=\"noopener\"> l\u2019exemple de Thibaud Philipps<\/a> , maire d\u2019Illkirch-Graffenstaden depuis 2020. Certes, mais ce dernier avait 29 ans lors de son \u00e9lection et il \u00e9tait&#8230;<\/p>\n","protected":false},"excerpt":{"rendered":"De prime abord, l\u2019id\u00e9e pourrait para\u00eetre un brin loufoque. Comment un tr\u00e8s jeune homme peut-il envisager sereinement de&hellip;\n","protected":false},"author":2,"featured_media":125772,"comment_status":"","ping_status":"","sticky":false,"template":"","format":"standard","meta":{"footnotes":""},"categories":[2820],"tags":[1111,11,2389,2649,2880,5949,4188,1777,674,107,1011,27,775,1757,12,316,25,5512,640,3265],"class_list":{"0":"post-125771","1":"post","2":"type-post","3":"status-publish","4":"format-standard","5":"has-post-thumbnail","7":"category-strasbourg","8":"tag-actu","9":"tag-actualites","10":"tag-alsace","11":"tag-bas-rhin","12":"tag-edition-strasbourg","13":"tag-elections","14":"tag-elections-municipales","15":"tag-eu","16":"tag-europe","17":"tag-fil-info","18":"tag-fr","19":"tag-france","20":"tag-grand-est","21":"tag-insolite","22":"tag-news","23":"tag-politique","24":"tag-republique-francaise","25":"tag-schiltigheim","26":"tag-strasbourg","27":"tag-strasbourg-nord"},"share_on_mastodon":{"url":"https:\/\/pubeurope.com\/@fr\/114565672039142721","error":""},"_links":{"self":[{"href":"https:\/\/www.europesays.com\/fr\/wp-json\/wp\/v2\/posts\/125771","targetHints":{"allow":["GET"]}}],"collection":[{"href":"https:\/\/www.europesays.com\/fr\/wp-json\/wp\/v2\/posts"}],"about":[{"href":"https:\/\/www.europesays.com\/fr\/wp-json\/wp\/v2\/types\/post"}],"author":[{"embeddable":true,"href":"https:\/\/www.europesays.com\/fr\/wp-json\/wp\/v2\/users\/2"}],"replies":[{"embeddable":true,"href":"https:\/\/www.europesays.com\/fr\/wp-json\/wp\/v2\/comments?post=125771"}],"version-history":[{"count":0,"href":"https:\/\/www.europesays.com\/fr\/wp-json\/wp\/v2\/posts\/125771\/revisions"}],"wp:featuredmedia":[{"embeddable":true,"href":"https:\/\/www.europesays.com\/fr\/wp-json\/wp\/v2\/media\/125772"}],"wp:attachment":[{"href":"https:\/\/www.europesays.com\/fr\/wp-json\/wp\/v2\/media?parent=125771"}],"wp:term":[{"taxonomy":"category","embeddable":true,"href":"https:\/\/www.europesays.com\/fr\/wp-json\/wp\/v2\/categories?post=125771"},{"taxonomy":"post_tag","embeddable":true,"href":"https:\/\/www.europesays.com\/fr\/wp-json\/wp\/v2\/tags?post=125771"}],"curies":[{"name":"wp","href":"https:\/\/api.w.org\/{rel}","templated":true}]}}