{"id":125773,"date":"2025-05-25T00:36:11","date_gmt":"2025-05-25T00:36:11","guid":{"rendered":"https:\/\/www.europesays.com\/fr\/125773\/"},"modified":"2025-05-25T00:36:11","modified_gmt":"2025-05-25T00:36:11","slug":"le-psg-envoie-strasbourg-en-europe-actualite","status":"publish","type":"post","link":"https:\/\/www.europesays.com\/fr\/125773\/","title":{"rendered":"Le PSG envoie Strasbourg en Europe &#8211; Actualite"},"content":{"rendered":"<p>Champion de France, le Paris Saint-Germain a ajout\u00e9 un nouveau troph\u00e9e \u00e0 son palmar\u00e8s ce samedi soir en remportant la Coupe de France face au Stade de Reims (3-0). Un succ\u00e8s qui permet au club de la capitale de r\u00e9aliser, pour la deuxi\u00e8me saison cons\u00e9cutive, le tripl\u00e9 national : Troph\u00e9e des Champions, Ligue 1 et Coupe de France.<\/p>\n<p>Mais cette victoire n\u2019a pas seulement fait le bonheur des Parisiens. Elle a aussi offert un pr\u00e9cieux billet europ\u00e9en \u00e0 Strasbourg. En effet, gr\u00e2ce \u00e0 ce succ\u00e8s parisien, la 7e place du classement de Ligue 1, occup\u00e9e par le club alsacien, devient qualificative pour la Ligue Europa Conf\u00e9rence, un ticket qui appartenait jusque-l\u00e0 \u00e0 l\u2019Olympique Lyonnais. Un joli clin d\u2019\u0153il pour les hommes de Liam Rosenior, qui ont su s\u00e9duire cette saison avec un jeu offensif et une identit\u00e9 affirm\u00e9e, notamment lors de leur passage remarqu\u00e9 au Parc des Princes.<\/p>\n<p>De son c\u00f4t\u00e9, l\u2019OL h\u00e9rite du billet pour la Ligue Europa, validant ainsi une remont\u00e9e spectaculaire en deuxi\u00e8me partie de saison. Le PSG, en dominant le football fran\u00e7ais, continue donc d\u2019impacter toute la hi\u00e9rarchie hexagonale\u2026 jusque dans les moindres d\u00e9tails.<\/p>\n<p>\u00a0<\/p>\n","protected":false},"excerpt":{"rendered":"Champion de France, le Paris Saint-Germain a ajout\u00e9 un nouveau troph\u00e9e \u00e0 son palmar\u00e8s ce samedi soir en&hellip;\n","protected":false},"author":2,"featured_media":125774,"comment_status":"","ping_status":"","sticky":false,"template":"","format":"standard","meta":{"footnotes":""},"categories":[2820],"tags":[1111,11,6211,24893,1777,8938,674,1011,27,775,68,12,8713,24894,25,640],"class_list":{"0":"post-125773","1":"post","2":"type-post","3":"status-publish","4":"format-standard","5":"has-post-thumbnail","7":"category-strasbourg","8":"tag-actu","9":"tag-actualites","10":"tag-conference","11":"tag-envoie","12":"tag-eu","13":"tag-europa","14":"tag-europe","15":"tag-fr","16":"tag-france","17":"tag-grand-est","18":"tag-ligua","19":"tag-news","20":"tag-qualifie","21":"tag-rcsa","22":"tag-republique-francaise","23":"tag-strasbourg"},"share_on_mastodon":{"url":"https:\/\/pubeurope.com\/@fr\/114565675984045230","error":""},"_links":{"self":[{"href":"https:\/\/www.europesays.com\/fr\/wp-json\/wp\/v2\/posts\/125773","targetHints":{"allow":["GET"]}}],"collection":[{"href":"https:\/\/www.europesays.com\/fr\/wp-json\/wp\/v2\/posts"}],"about":[{"href":"https:\/\/www.europesays.com\/fr\/wp-json\/wp\/v2\/types\/post"}],"author":[{"embeddable":true,"href":"https:\/\/www.europesays.com\/fr\/wp-json\/wp\/v2\/users\/2"}],"replies":[{"embeddable":true,"href":"https:\/\/www.europesays.com\/fr\/wp-json\/wp\/v2\/comments?post=125773"}],"version-history":[{"count":0,"href":"https:\/\/www.europesays.com\/fr\/wp-json\/wp\/v2\/posts\/125773\/revisions"}],"wp:featuredmedia":[{"embeddable":true,"href":"https:\/\/www.europesays.com\/fr\/wp-json\/wp\/v2\/media\/125774"}],"wp:attachment":[{"href":"https:\/\/www.europesays.com\/fr\/wp-json\/wp\/v2\/media?parent=125773"}],"wp:term":[{"taxonomy":"category","embeddable":true,"href":"https:\/\/www.europesays.com\/fr\/wp-json\/wp\/v2\/categories?post=125773"},{"taxonomy":"post_tag","embeddable":true,"href":"https:\/\/www.europesays.com\/fr\/wp-json\/wp\/v2\/tags?post=125773"}],"curies":[{"name":"wp","href":"https:\/\/api.w.org\/{rel}","templated":true}]}}