{"id":125775,"date":"2025-05-25T00:37:14","date_gmt":"2025-05-25T00:37:14","guid":{"rendered":"https:\/\/www.europesays.com\/fr\/125775\/"},"modified":"2025-05-25T00:37:14","modified_gmt":"2025-05-25T00:37:14","slug":"un-tremplin-unique-pour-les-futurs-agriculteurs-en-metropole-nicoise","status":"publish","type":"post","link":"https:\/\/www.europesays.com\/fr\/125775\/","title":{"rendered":"Un tremplin unique pour les futurs agriculteurs en m\u00e9tropole ni\u00e7oise : (\u2026)"},"content":{"rendered":"<p>                    <img loading=\"lazy\" decoding=\"async\" src=\"https:\/\/www.europesays.com\/fr\/wp-content\/uploads\/2025\/05\/d34659e9cefc4dcabb24376412bf7d.png\" class=\"img-responsive post-image\" width=\"680\" height=\"510\" alt=\"Un tremplin unique pour\" title=\"Un tremplin unique pour les futurs agriculteurs en m\u00e9tropole ni\u00e7oise : Testez votre projet agricole sur un site \u00e9quip\u00e9 et accompagn\u00e9 !\"\/><\/p>\n<p class=\"chapo\">La m\u00e9tropole Nice C\u00f4te d\u2019Azur ouvre les candidatures pour son tout nouveau Lieu-Test Agricole M\u00e9tropolitain, une initiative in\u00e9dite destin\u00e9e \u00e0 soutenir les porteurs de projets agricoles. Install\u00e9 dans le quartier de Lingosti\u00e8re, au c\u0153ur de la Plaine du Var, ce dispositif se veut un v\u00e9ritable incubateur pour celles et ceux qui souhaitent s\u2019installer en agriculture biologique dans un cadre s\u00e9curis\u00e9, structur\u00e9 et solidaire.<\/p>\n<p>                    Un environnement favorable \u00e0 l\u2019exp\u00e9rimentation<\/p>\n<p>Sous l\u2019impulsion de Christian Estrosi, Maire de Nice et Pr\u00e9sident de la M\u00e9tropole, ce Lieu-Test s\u2019inscrit dans le cadre du Projet Alimentaire Territorial, dont l\u2019objectif est de d\u00e9velopper une agriculture nourrici\u00e8re locale et durable. Concr\u00e8tement, les candidats s\u00e9lectionn\u00e9s auront la possibilit\u00e9 de tester leur activit\u00e9 pendant une dur\u00e9e allant jusqu\u2019\u00e0 trois ans, sur un site pens\u00e9 pour favoriser la r\u00e9ussite\u00a0:<br class=\"autobr\"\/><br \/>\n1 hectare de terrain, dont 5 000 m\u00b2 en plein champ et une serre de 500 m\u00b2<br class=\"autobr\"\/><br \/>\nUn hangar agricole et du mat\u00e9riel professionnel mutualis\u00e9 (tracteur, chambre froide, etc.)<br class=\"autobr\"\/><br \/>\nUn r\u00e9seau d\u2019irrigation performant<br class=\"autobr\"\/><br \/>\nUn logement partag\u00e9<br class=\"autobr\"\/><br \/>\nUn acc\u00e8s facilit\u00e9 aux circuits courts (AMAP, march\u00e9s de proximit\u00e9)<\/p>\n<p>Un accompagnement professionnel et gratuit<\/p>\n<p><strong>Au-del\u00e0 des \u00e9quipements, le Lieu-Test offre un accompagnement sur mesure gr\u00e2ce \u00e0 un collectif de partenaires exp\u00e9riment\u00e9s, parmi lesquels <\/strong>\u00a0: Petra Patrimonia, CAE Mosagri, Agribio 06, la Chambre d\u2019Agriculture des Alpes-Maritimes, et l\u2019ADEAR 06. Ce soutien prend la forme d\u2019un suivi technique, \u00e9conomique et humain tout au long de la phase de test, avec pour finalit\u00e9 l\u2019installation durable sur le territoire m\u00e9tropolitain.<\/p>\n<p>\u00c0 qui s\u2019adresse ce dispositif\u00a0?<\/p>\n<p>Le Lieu-Test s\u2019adresse aux porteurs de projets agricoles en reconversion ou en cr\u00e9ation, remplissant les crit\u00e8res suivants\u00a0:<br \/>\n<br \/><b>\u2013<\/b>\u00a0\u00catre \u00e9ligible au contrat CAPE (via France Travail)<br \/>\n<br \/><b>\u2013<\/b>\u00a0Avoir une formation ou une exp\u00e9rience significative en mara\u00eechage<br \/>\n<br \/><b>\u2013<\/b>\u00a0Souhaiter s\u2019installer en agriculture biologique sur le territoire<br \/>\n<br \/><b>\u2013<\/b>\u00a0Disposer d\u2019un minimum de fonds de d\u00e9marrage<\/p>\n<p>Les \u00e9tapes pour candidaterPr\u00e9-inscription \u00e0 la visite collective<\/p>\n<p>Envoyer ses coordonn\u00e9es \u00e0 l\u2019adresse suivante\u00a0:<br class=\"autobr\"\/><br \/>\n<a href=\"https:\/\/www.petitesaffiches.fr\/cdn-cgi\/l\/email-protection\" class=\"__cf_email__\" data-cfemail=\"fe8d9b8c88979d9bd09f998c979d91929bbe90979d9b9d918a9b9a9f848b8cd0918c99\" rel=\"nofollow noopener\" target=\"_blank\">[email\u00a0protected]<\/a><br class=\"autobr\"\/><br \/>\n<strong>Date limite\u00a0: vendredi 27 juin 2025 \u00e0 12h<\/strong><\/p>\n<p>Visite collective obligatoire<\/p>\n<p><strong>Lundi 30 juin 2025 \u00e0 14h \u2013 Site de Nice-Lingosti\u00e8re<\/strong><br class=\"autobr\"\/><br \/>\nCette rencontre permettra aux candidats d\u2019\u00e9changer avec les partenaires du projet et de r\u00e9cup\u00e9rer leur dossier de candidature.<\/p>\n<p>D\u00e9p\u00f4t du dossier complet<\/p>\n<p>Le dossier devra \u00eatre retourn\u00e9 \u00e0 la Direction de la Montagne et de l\u2019Agriculture m\u00e9tropolitaine et urbaine, par mail ou en main propre.<\/p>\n<p>Un tremplin vers une installation r\u00e9ussie<\/p>\n<p>\u00c0 l\u2019issue de la p\u00e9riode de test, les porteurs de projets b\u00e9n\u00e9ficieront d\u2019un accompagnement sp\u00e9cifique pour trouver du foncier et structurer leur activit\u00e9 \u00e0 long terme. Ce Lieu-Test incarne une opportunit\u00e9 concr\u00e8te pour relancer l\u2019activit\u00e9 agricole locale tout en offrant un cadre favorable \u00e0 l\u2019innovation, la r\u00e9silience et la transition \u00e9cologique. <a href=\"https:\/\/www.nicecotedazur.org\/wp-content\/uploads\/2025\/04\/Lieu-test-agricole-Metropolitain-APPEL-a-CANDIDATURE.pdf\" class=\"spip_out\" rel=\"external nofollow noopener\" target=\"_blank\">Futurs agriculteurs, \u00e0 vos candidatures\u00a0!<\/a><\/p>\n<p>Visuel de Une\u00a0: (d\u00e9tail de l\u2019affiche de l\u2019appel \u00e0 canddiature \u00a9 2024 Fr\u00e9d\u00e9ric Aguilhon<\/p>\n","protected":false},"excerpt":{"rendered":"La m\u00e9tropole Nice C\u00f4te d\u2019Azur ouvre les candidatures pour son tout nouveau Lieu-Test Agricole M\u00e9tropolitain, une initiative in\u00e9dite&hellip;\n","protected":false},"author":2,"featured_media":125776,"comment_status":"","ping_status":"","sticky":false,"template":"","format":"standard","meta":{"footnotes":""},"categories":[2819],"tags":[1111,11,2408,1777,674,1011,27,12,2401,882,25],"class_list":{"0":"post-125775","1":"post","2":"type-post","3":"status-publish","4":"format-standard","5":"has-post-thumbnail","7":"category-nice","8":"tag-actu","9":"tag-actualites","10":"tag-appels-d","11":"tag-eu","12":"tag-europe","13":"tag-fr","14":"tag-france","15":"tag-news","16":"tag-nice","17":"tag-provence-alpes-cote-dazur","18":"tag-republique-francaise"},"share_on_mastodon":{"url":"https:\/\/pubeurope.com\/@fr\/114565679925610773","error":""},"_links":{"self":[{"href":"https:\/\/www.europesays.com\/fr\/wp-json\/wp\/v2\/posts\/125775","targetHints":{"allow":["GET"]}}],"collection":[{"href":"https:\/\/www.europesays.com\/fr\/wp-json\/wp\/v2\/posts"}],"about":[{"href":"https:\/\/www.europesays.com\/fr\/wp-json\/wp\/v2\/types\/post"}],"author":[{"embeddable":true,"href":"https:\/\/www.europesays.com\/fr\/wp-json\/wp\/v2\/users\/2"}],"replies":[{"embeddable":true,"href":"https:\/\/www.europesays.com\/fr\/wp-json\/wp\/v2\/comments?post=125775"}],"version-history":[{"count":0,"href":"https:\/\/www.europesays.com\/fr\/wp-json\/wp\/v2\/posts\/125775\/revisions"}],"wp:featuredmedia":[{"embeddable":true,"href":"https:\/\/www.europesays.com\/fr\/wp-json\/wp\/v2\/media\/125776"}],"wp:attachment":[{"href":"https:\/\/www.europesays.com\/fr\/wp-json\/wp\/v2\/media?parent=125775"}],"wp:term":[{"taxonomy":"category","embeddable":true,"href":"https:\/\/www.europesays.com\/fr\/wp-json\/wp\/v2\/categories?post=125775"},{"taxonomy":"post_tag","embeddable":true,"href":"https:\/\/www.europesays.com\/fr\/wp-json\/wp\/v2\/tags?post=125775"}],"curies":[{"name":"wp","href":"https:\/\/api.w.org\/{rel}","templated":true}]}}