{"id":125789,"date":"2025-05-25T00:48:08","date_gmt":"2025-05-25T00:48:08","guid":{"rendered":"https:\/\/www.europesays.com\/fr\/125789\/"},"modified":"2025-05-25T00:48:08","modified_gmt":"2025-05-25T00:48:08","slug":"retour-en-images-sur-un-concert-historique-a-marseille","status":"publish","type":"post","link":"https:\/\/www.europesays.com\/fr\/125789\/","title":{"rendered":"retour en images sur un concert historique \u00e0 Marseille"},"content":{"rendered":"<p><a href=\"https:\/\/www.laprovence.com\/article\/culture-loisirs\/1226810816313514\/direct-laprovence-direct-jul-au-velodrome-quelles-surprises-nous-reserve-lovni-pour-ce-2e-concert-suivez-cette-folle-journee-a-marseille\" target=\"_blank\" rel=\"noopener\">Pour la deuxi\u00e8me soir\u00e9e cons\u00e9cutive, l&rsquo;artiste a rempli le Stade V\u00e9lodrome, rassemblant plus de 73 000 spectateurs, \u00e9tablissant ainsi un nouveau record d&rsquo;affluence pour un concert dans l&rsquo;enceinte mythique.<\/p>\n<p>D\u00e8s les premi\u00e8res notes, l&rsquo;\u00e9nergie \u00e9tait palpable. <a href=\"https:\/\/www.laprovence.com\/article\/culture-loisirs\/5018650361080614\/jul-au-velodrome-un-concert-sans-fin-150-000-spectateurs-en-deux-jours-nouveau-record-pour-le-j\" target=\"_blank\" rel=\"noopener\">Jul<\/a> a encha\u00een\u00e9 ses plus grands succ\u00e8s, de \u00ab\u00a0Tchikita\u00a0\u00bb \u00e0 \u00ab\u00a0Wesh Alors\u00a0\u00bb en passant par \u00ab\u00a0Ph\u00e9nom\u00e9nal\u00a0\u00bb, entra\u00eenant la foule dans une ambiance \u00e9lectrique. Des invit\u00e9s de marque tels que Gims, SDM ou encore PLK ont rejoint la sc\u00e8ne, offrant des collaborations m\u00e9morables.<\/p>\n<p>Le V\u00e9l&rsquo; transform\u00e9 en temple du rap<\/p>\n<p>Le spectacle visuel n&rsquo;\u00e9tait pas en reste : jeux de lumi\u00e8res, feux d&rsquo;artifice et projections ont sublim\u00e9 la performance, transformant le V\u00e9lodrome en un v\u00e9ritable temple du rap. Les fans, venus de toute la France, ont chant\u00e9 en ch\u0153ur sur les paroles de leur idole marseillaise.<\/p>\n<p>Jul l&rsquo;a promis : il reviendra. \u00ab\u00a0On se refera le stade\u00a0\u00bb. Le rendez-vous est donn\u00e9.<\/p>\n","protected":false},"excerpt":{"rendered":"Pour la deuxi\u00e8me soir\u00e9e cons\u00e9cutive, l&rsquo;artiste a rempli le Stade V\u00e9lodrome, rassemblant plus de 73 000 spectateurs, \u00e9tablissant&hellip;\n","protected":false},"author":2,"featured_media":125790,"comment_status":"","ping_status":"","sticky":false,"template":"","format":"standard","meta":{"footnotes":""},"categories":[2814],"tags":[17,1111,11,1697,251,23390,1777,674,1011,27,4430,1279,884,12,882,25,8133,3356,957],"class_list":{"0":"post-125789","1":"post","2":"type-post","3":"status-publish","4":"format-standard","5":"has-post-thumbnail","7":"category-marseille","8":"tag-17","9":"tag-actu","10":"tag-actualites","11":"tag-concert","12":"tag-culture","13":"tag-enflamme","14":"tag-eu","15":"tag-europe","16":"tag-fr","17":"tag-france","18":"tag-images","19":"tag-jul","20":"tag-marseille","21":"tag-news","22":"tag-provence-alpes-cote-dazur","23":"tag-republique-francaise","24":"tag-retour","25":"tag-sur","26":"tag-velodrome"},"share_on_mastodon":{"url":"https:\/\/pubeurope.com\/@fr\/114565723471767414","error":""},"_links":{"self":[{"href":"https:\/\/www.europesays.com\/fr\/wp-json\/wp\/v2\/posts\/125789","targetHints":{"allow":["GET"]}}],"collection":[{"href":"https:\/\/www.europesays.com\/fr\/wp-json\/wp\/v2\/posts"}],"about":[{"href":"https:\/\/www.europesays.com\/fr\/wp-json\/wp\/v2\/types\/post"}],"author":[{"embeddable":true,"href":"https:\/\/www.europesays.com\/fr\/wp-json\/wp\/v2\/users\/2"}],"replies":[{"embeddable":true,"href":"https:\/\/www.europesays.com\/fr\/wp-json\/wp\/v2\/comments?post=125789"}],"version-history":[{"count":0,"href":"https:\/\/www.europesays.com\/fr\/wp-json\/wp\/v2\/posts\/125789\/revisions"}],"wp:featuredmedia":[{"embeddable":true,"href":"https:\/\/www.europesays.com\/fr\/wp-json\/wp\/v2\/media\/125790"}],"wp:attachment":[{"href":"https:\/\/www.europesays.com\/fr\/wp-json\/wp\/v2\/media?parent=125789"}],"wp:term":[{"taxonomy":"category","embeddable":true,"href":"https:\/\/www.europesays.com\/fr\/wp-json\/wp\/v2\/categories?post=125789"},{"taxonomy":"post_tag","embeddable":true,"href":"https:\/\/www.europesays.com\/fr\/wp-json\/wp\/v2\/tags?post=125789"}],"curies":[{"name":"wp","href":"https:\/\/api.w.org\/{rel}","templated":true}]}}