{"id":125793,"date":"2025-05-25T00:50:13","date_gmt":"2025-05-25T00:50:13","guid":{"rendered":"https:\/\/www.europesays.com\/fr\/125793\/"},"modified":"2025-05-25T00:50:13","modified_gmt":"2025-05-25T00:50:13","slug":"jai-arrete-depuis-longtemps-de-compter-le-nombre-damis-que-jai-perdus","status":"publish","type":"post","link":"https:\/\/www.europesays.com\/fr\/125793\/","title":{"rendered":"\u00ab\u00a0J\u2019ai arr\u00eat\u00e9 depuis longtemps de compter le nombre d\u2019amis que j\u2019ai perdus\u00a0\u00bb"},"content":{"rendered":"<p>\u00ab\u00a0Nous marchons en silence pour crier qu\u2019un g\u00e9nocide a lieu \u00e0 Gaza. Nous marchons en silence face aux fracas des armes, des bombardements, des drones\u00a0\u00bb, r\u00e9sumait ce samedi, en fin de manifestation, \u00e0 Bellecour, J\u00e9r\u00f4me Fa\u00ffnel du Collectif 69 Palestine.<\/p>\n<p>\u00c0 Lyon, des centaines de personnes se mobilisent chaque semaine pour alerter sur la situation des Gazaouis. Ce samedi, symboliquement, des hommes ouvraient le cort\u00e8ge en portant des cercueils. Derri\u00e8re eux, des femmes ont march\u00e9 avec des linceuls pour d\u00e9noncer le nombre d\u2019enfants tu\u00e9s. La marche s\u2019est faite sans slogan, simplement rythm\u00e9e par de la musique perturb\u00e9e parfois par des sons de bombes.<\/p>\n<p>\u00ab\u00a0C\u2019est particulier ce samedi. Avec les cercueils, c\u2019est encore plus \u00e9mouvant que d\u2019habitude\u00a0\u00bb, nous a indiqu\u00e9 Amina, une jeune maman lyonnaise, venue en famille.\u00a0Difficile apr\u00e8s dix-neuf mois de guerre et autant de manifestations, de ne pas voir pointer \u00e0 l\u2019horizon une fin \u00e0 ce conflit. \u00ab\u00a0J\u2019apporte ce que je peux apporter, c\u2019est ma petite pierre \u00e0 l\u2019\u00e9difice\u00a0\u00bb, confiait simplement Amina.<\/p>\n<p>  De la peur \u00e0 la faim<\/p>\n<p>\u00ab\u00a0Avant, quand je parlais avec ma famille, c\u2019est la peur qui r\u00e9sumait le mieux la situation, maintenant c\u2019est autre chose. Les questions, c\u2019est\u2019\u2019est-ce qu\u2019on a de la farine, des produits de premi\u00e8re n\u00e9cessit\u00e9\u00a0?\u2019\u2019\u00bb, t\u00e9moignait de son c\u00f4t\u00e9 Mohammed. A 39 ans, ce Palestinien, install\u00e9 en France depuis plusieurs ann\u00e9es, voit \u00e0 travers les images partag\u00e9es par ses proches, la destruction de Gaza.<\/p>\n<p>\u00ab Toute ma famille est l\u00e0-bas, on a perdu notre maison. Il ne reste plus rien de notre quartier. J\u2019ai arr\u00eat\u00e9 depuis longtemps de compter le nombre d\u2019amis que j\u2019ai perdus \u00bb, a-t-il soulign\u00e9. Depuis quelques mois, sa maman est en France, \u00ab le c\u0153ur d\u00e9chir\u00e9 \u00bb alors que ses autres enfants, et ses petits-enfants sont \u00e0 Gaza.<\/p>\n","protected":false},"excerpt":{"rendered":"\u00ab\u00a0Nous marchons en silence pour crier qu\u2019un g\u00e9nocide a lieu \u00e0 Gaza. Nous marchons en silence face aux&hellip;\n","protected":false},"author":2,"featured_media":125794,"comment_status":"","ping_status":"","sticky":false,"template":"","format":"standard","meta":{"footnotes":""},"categories":[1889],"tags":[1111,11,2430,3206,2757,1777,674,107,1011,27,2428,2756,12,25,2429,104],"class_list":{"0":"post-125793","1":"post","2":"type-post","3":"status-publish","4":"format-standard","5":"has-post-thumbnail","7":"category-lyon","8":"tag-actu","9":"tag-actualites","10":"tag-auvergne-rhone-alpes","11":"tag-defense-guerre-conflit","12":"tag-edition-lyon-villeurbanne","13":"tag-eu","14":"tag-europe","15":"tag-fil-info","16":"tag-fr","17":"tag-france","18":"tag-lyon","19":"tag-lyon-bassin","20":"tag-news","21":"tag-republique-francaise","22":"tag-rhone","23":"tag-societe"},"share_on_mastodon":{"url":"https:\/\/pubeurope.com\/@fr\/114565730985485219","error":""},"_links":{"self":[{"href":"https:\/\/www.europesays.com\/fr\/wp-json\/wp\/v2\/posts\/125793","targetHints":{"allow":["GET"]}}],"collection":[{"href":"https:\/\/www.europesays.com\/fr\/wp-json\/wp\/v2\/posts"}],"about":[{"href":"https:\/\/www.europesays.com\/fr\/wp-json\/wp\/v2\/types\/post"}],"author":[{"embeddable":true,"href":"https:\/\/www.europesays.com\/fr\/wp-json\/wp\/v2\/users\/2"}],"replies":[{"embeddable":true,"href":"https:\/\/www.europesays.com\/fr\/wp-json\/wp\/v2\/comments?post=125793"}],"version-history":[{"count":0,"href":"https:\/\/www.europesays.com\/fr\/wp-json\/wp\/v2\/posts\/125793\/revisions"}],"wp:featuredmedia":[{"embeddable":true,"href":"https:\/\/www.europesays.com\/fr\/wp-json\/wp\/v2\/media\/125794"}],"wp:attachment":[{"href":"https:\/\/www.europesays.com\/fr\/wp-json\/wp\/v2\/media?parent=125793"}],"wp:term":[{"taxonomy":"category","embeddable":true,"href":"https:\/\/www.europesays.com\/fr\/wp-json\/wp\/v2\/categories?post=125793"},{"taxonomy":"post_tag","embeddable":true,"href":"https:\/\/www.europesays.com\/fr\/wp-json\/wp\/v2\/tags?post=125793"}],"curies":[{"name":"wp","href":"https:\/\/api.w.org\/{rel}","templated":true}]}}