{"id":125804,"date":"2025-05-25T00:58:13","date_gmt":"2025-05-25T00:58:13","guid":{"rendered":"https:\/\/www.europesays.com\/fr\/125804\/"},"modified":"2025-05-25T00:58:13","modified_gmt":"2025-05-25T00:58:13","slug":"nouvelle-attaque-aerienne-massive-sur-lukraine-avant-un-dernier-echange-de-prisonniers-actualites","status":"publish","type":"post","link":"https:\/\/www.europesays.com\/fr\/125804\/","title":{"rendered":"Nouvelle attaque a\u00e9rienne massive sur l&rsquo;Ukraine avant un dernier \u00e9change de prisonniers : Actualit\u00e9s"},"content":{"rendered":"<p class=\"lead \">L&rsquo;Ukraine subit une nouvelle attaque a\u00e9rienne massive t\u00f4t dimanche matin, tandis qu&rsquo;\u00e0 Moscou des drones ukrainiens ont contraint des a\u00e9roports \u00e0 des fermetures temporaires, quelques heures avant un dernier \u00e9change pr\u00e9vu de prisonniers entre la Russie et l&rsquo;Ukraine.<\/p>\n<p class=\"lead \">Plus d&rsquo;une dizaine de drones russes ont \u00e9t\u00e9 d\u00e9tect\u00e9s t\u00f4t dimanche matin \u00e0 Kiev, faisant au moins dix bless\u00e9s ont indiqu\u00e9 les autorit\u00e9s de la ville, des journalistes de l&rsquo;AFP ayant entendu des explosions. L&rsquo;essentiel du pays \u00e9tait sous alerte a\u00e9rienne apr\u00e8s des tirs de missiles de croisi\u00e8re.<\/p>\n<p class=\"lead \">Il s&rsquo;agit de la deuxi\u00e8me nuit d&rsquo;attaques importantes contre Kiev, apr\u00e8s quelque 250 drones et 14 missiles balistiques d\u00e9tect\u00e9s dans la nuit de vendredi \u00e0 samedi par les forces a\u00e9riennes ukrainiennes, ciblant en majorit\u00e9 la capitale.<\/p>\n<p class=\"lead \">Des attaques ont aussi \u00e9t\u00e9 signal\u00e9es sur les r\u00e9gions de Mykola\u00efv et Kherson dans le sud du pays, par les autorit\u00e9s locales.<\/p>\n<p class=\"lead \">\u00ab\u00a0Plus d&rsquo;une douzaine de drones ennemis se trouvent d\u00e9j\u00e0 dans l&rsquo;espace a\u00e9rien autour de la capitale. De nouveaux s&rsquo;approchent \u00e9galement\u00a0\u00bb, a indiqu\u00e9 Timour Tkatchenko, chef de l&rsquo;administration militaire de Kiev aux premi\u00e8res heures du matin dimanche.<\/p>\n<p class=\"lead \">\u00ab\u00a0L&rsquo;ennemi risque d&rsquo;utiliser un grand nombre de drones et de missiles \u00e0 partir d&rsquo;avions strat\u00e9giques\u00a0\u00bb, a-t-il ajout\u00e9\u00a0\u00bb, sur Telegram.<\/p>\n<p class=\"lead \">\u00ab\u00a0Kiev subit une attaque massive\u00a0\u00bb a indiqu\u00e9 plus tard le maire de Kiev Vitali Klitschko, apr\u00e8s avoir indiqu\u00e9 que \u00ab\u00a0dix personnes ont \u00e9t\u00e9 bless\u00e9es dans la capitale. Deux d&rsquo;entre elles ont \u00e9t\u00e9 hospitalis\u00e9es\u00a0\u00bb.<\/p>\n<p class=\"lead \">A Moscou, le maire a fait \u00e9tat de plus d&rsquo;une dizaine de drones ukainiens au dessus de la capitale russe.<\/p>\n<p class=\"lead \"> \u00ab\u00a0Le personnel des services d&rsquo;urgence travaille sur le site o\u00f9 les d\u00e9bris sont tomb\u00e9s\u00a0\u00bb a \u00e9crit Sergue\u00ef Sobianine, sur Telegram.<\/p>\n<p class=\"lead \">Quatre a\u00e9roports moscovites, dont le principal Cheremetievo, ont \u00e9t\u00e9 temporairement ferm\u00e9s puis rouverts t\u00f4t dimanche, selon l&rsquo;agence nationale de l&rsquo;aviation Rossaviatsia.<\/p>\n<p class=\"lead \">Ces attaques surviennent en plein \u00e9change de prisonniers, une derni\u00e8re \u00e9tape \u00e9tant pr\u00e9vue dimanche, seul r\u00e9sultat tangible des premiers pourparlers directs entre Russes et Ukrainiens mi-mai \u00e0 Istanbul.<\/p>\n<p class=\"lead \">&#8211; Conditions pour un accord &#8211;<\/p>\n<p class=\"lead \">Samedi, 307 prisonniers de guerre russes ont \u00e9t\u00e9 \u00e9chang\u00e9s contre le m\u00eame nombre de militaires ukrainiens, ont annonc\u00e9 Kiev et Moscou.<\/p>\n<p class=\"lead \">Le premier volet de ce vaste \u00e9change, au format 1.000 pour 1.000, avait port\u00e9 vendredi sur 270 militaires et 120 civils de chaque camp. <\/p>\n<p class=\"lead \">L&rsquo;\u00e9change de prisonniers et de corps de militaires tu\u00e9s au combat reste l&rsquo;un des derniers domaines de coop\u00e9ration entre Kiev et Moscou, alors que la Russie occupe environ 20% du territoire ukrainien.<\/p>\n<p class=\"lead \">Apr\u00e8s plus de trois ans de combats, les deux pays d\u00e9tiennent des milliers de prisonniers de guerre.<\/p>\n<p class=\"lead \">L&rsquo;\u00e9change de vendredi avait \u00e9t\u00e9 annonc\u00e9 par Donald Trump, qui a affirm\u00e9 vouloir amener les deux bellig\u00e9rants \u00e0 n\u00e9gocier pour mettre fin le plus vite possible au \u00ab\u00a0bain de sang\u00a0\u00bb. <\/p>\n<p class=\"lead \">Le chef de la diplomatie russe, Sergue\u00ef Lavrov, a indiqu\u00e9 vendredi que Moscou travaillait sur un document exposant \u00ab\u00a0les conditions d&rsquo;un accord durable, global et \u00e0 long terme sur le r\u00e8glement\u00a0\u00bb du conflit, qui sera transmis \u00e0 l&rsquo;Ukraine une fois l&rsquo;\u00e9change de prisonniers finalis\u00e9.<\/p>\n<p class=\"lead \">Kiev doit faire de m\u00eame pour ses propres conditions.<\/p>\n<p class=\"lead \">\u00ab\u00a0L&rsquo;Ukraine est pr\u00eate \u00e0 toute forme de diplomatie qui produit des r\u00e9sultats, nous sommes pr\u00eats \u00e0 toutes les \u00e9tapes qui garantiront une s\u00e9curit\u00e9 r\u00e9elle. C&rsquo;est la Russie qui n&rsquo;est pr\u00eate \u00e0 rien\u00a0\u00bb, a d\u00e9plor\u00e9 samedi M. Zelensky, dans son allocution quotidienne.<\/p>\n<p class=\"lead \">Selon lui, la semaine prochaine devra \u00eatre consacr\u00e9e \u00ab\u00a0\u00e0 mettre une nouvelle pression sur la Russie\u00a0\u00bb.<\/p>\n<p class=\"lead \">Parall\u00e8lement, les combats continuent sur le front, o\u00f9 l&rsquo;arm\u00e9e russe, plus nombreuse et mieux \u00e9quip\u00e9e, poursuit dans certains secteurs une lente avanc\u00e9e, malgr\u00e9 des pertes importantes.<\/p>\n<p class=\"lead \">Le minist\u00e8re russe de la D\u00e9fense a revendiqu\u00e9 samedi la conqu\u00eate de deux villages ukrainiens, Stoupotchki et Odran\u00e9, situ\u00e9s dans la r\u00e9gion de Donetsk (est), qui reste l&rsquo;\u00e9picentre des affrontements.<\/p>\n<p class=\"lead \">A plus de 300 km de l\u00e0, le minist\u00e8re a \u00e9galement affirm\u00e9 samedi que ses troupes s&rsquo;\u00e9taient empar\u00e9s de la localit\u00e9 de Loknia, dans la r\u00e9gion de Soumy (nord-est), frontali\u00e8re de la Russie et o\u00f9 Moscou a dit vouloir cr\u00e9er une zone tampon pour pr\u00e9venir des incursions ukrainiennes sur son territoire.<\/p>\n<p class=\"small font-weight-bold text-gray3 \"> publi\u00e9 le 25 mai \u00e0 02h52, AFP<\/p>\n<p>                             Partager<\/p>\n","protected":false},"excerpt":{"rendered":"L&rsquo;Ukraine subit une nouvelle attaque a\u00e9rienne massive t\u00f4t dimanche matin, tandis qu&rsquo;\u00e0 Moscou des drones ukrainiens ont contraint&hellip;\n","protected":false},"author":2,"featured_media":125805,"comment_status":"","ping_status":"","sticky":false,"template":"","format":"standard","meta":{"footnotes":""},"categories":[1590],"tags":[11,2120,312,1777,674,12,807,132,220],"class_list":{"0":"post-125804","1":"post","2":"type-post","3":"status-publish","4":"format-standard","5":"has-post-thumbnail","7":"category-ukraine","8":"tag-actualites","9":"tag-conflit","10":"tag-diplomatie","11":"tag-eu","12":"tag-europe","13":"tag-news","14":"tag-prisonniers","15":"tag-russie","16":"tag-ukraine"},"share_on_mastodon":{"url":"https:\/\/pubeurope.com\/@fr\/114565762601148456","error":""},"_links":{"self":[{"href":"https:\/\/www.europesays.com\/fr\/wp-json\/wp\/v2\/posts\/125804","targetHints":{"allow":["GET"]}}],"collection":[{"href":"https:\/\/www.europesays.com\/fr\/wp-json\/wp\/v2\/posts"}],"about":[{"href":"https:\/\/www.europesays.com\/fr\/wp-json\/wp\/v2\/types\/post"}],"author":[{"embeddable":true,"href":"https:\/\/www.europesays.com\/fr\/wp-json\/wp\/v2\/users\/2"}],"replies":[{"embeddable":true,"href":"https:\/\/www.europesays.com\/fr\/wp-json\/wp\/v2\/comments?post=125804"}],"version-history":[{"count":0,"href":"https:\/\/www.europesays.com\/fr\/wp-json\/wp\/v2\/posts\/125804\/revisions"}],"wp:featuredmedia":[{"embeddable":true,"href":"https:\/\/www.europesays.com\/fr\/wp-json\/wp\/v2\/media\/125805"}],"wp:attachment":[{"href":"https:\/\/www.europesays.com\/fr\/wp-json\/wp\/v2\/media?parent=125804"}],"wp:term":[{"taxonomy":"category","embeddable":true,"href":"https:\/\/www.europesays.com\/fr\/wp-json\/wp\/v2\/categories?post=125804"},{"taxonomy":"post_tag","embeddable":true,"href":"https:\/\/www.europesays.com\/fr\/wp-json\/wp\/v2\/tags?post=125804"}],"curies":[{"name":"wp","href":"https:\/\/api.w.org\/{rel}","templated":true}]}}