{"id":125812,"date":"2025-05-25T01:02:12","date_gmt":"2025-05-25T01:02:12","guid":{"rendered":"https:\/\/www.europesays.com\/fr\/125812\/"},"modified":"2025-05-25T01:02:12","modified_gmt":"2025-05-25T01:02:12","slug":"face-a-la-crise-energetique-leurope-mise-sur-le-maroc-pour-securiser-son-approvisionnement","status":"publish","type":"post","link":"https:\/\/www.europesays.com\/fr\/125812\/","title":{"rendered":"Face \u00e0 la crise \u00e9nerg\u00e9tique, l\u2019Europe mise sur le Maroc pour s\u00e9curiser son approvisionnement"},"content":{"rendered":"<p style=\"text-align: justify;\"><strong>Hajar Ben Hosain<\/strong><\/p>\n<p><strong>\u00c0 l\u2019heure o\u00f9 l\u2019Europe cherche des alternatives durables pour r\u00e9pondre \u00e0 la crise \u00e9nerg\u00e9tique et aux imp\u00e9ratifs climatiques, le Maroc s\u2019impose comme un acteur incontournable. Fort de ses ressources solaires et \u00e9oliennes, et soutenu par des projets d\u2019interconnexion ambitieux, le Royaume attire l\u2019attention des grandes puissances europ\u00e9ennes en qu\u00eate de s\u00e9curit\u00e9 \u00e9nerg\u00e9tique et de transition verte.<\/strong><\/p>\n<p style=\"text-align: justify;\">\u00c0 l\u2019issue d\u2019un entretien \u00e0 Bruxelles avec le commissaire europ\u00e9en \u00e0 l\u2019\u00c9nergie, Dan J\u00f8rgensen, la ministre portugaise de l\u2019Environnement et de l\u2019\u00c9nergie, Mme Maria da Gra\u00e7a Carvalho, a annonc\u00e9 mercredi 21 mai 2025 mai qu\u2019un projet de raccordement \u00e9lectrique sous-marin avec le Maroc \u00e9tait d\u00e9sormais \u00e0 l\u2019\u00e9tude, en r\u00e9action \u00e0 l\u2019inertie persistante de la France concernant le renforcement des interconnexions \u00e9nerg\u00e9tiques entre la p\u00e9ninsule Ib\u00e9rique et le reste de l\u2019Europe.<\/p>\n<p style=\"text-align: justify;\">Cette alternative \u00e9merge dans le sillage du blackout massif du 28 avril 2025, qui a mis en lumi\u00e8re la vuln\u00e9rabilit\u00e9 \u00e9nerg\u00e9tique de la p\u00e9ninsule Ib\u00e9rique ainsi que la lenteur du r\u00e9tablissement de l\u2019\u00e9lectricit\u00e9, en grande partie li\u00e9e au faible niveau d\u2019interconnexion avec la France. Durant cette crise, le Maroc a jou\u00e9 un r\u00f4le cl\u00e9 en contribuant \u00e0 la restauration du courant en Espagne, gr\u00e2ce \u00e0 son infrastructure d\u2019interconnexion directe avec la p\u00e9ninsule.<\/p>\n<p><strong>Vers un c\u00e2ble sous-marin Portugal-Maroc ?<\/strong><\/p>\n<p style=\"text-align: justify;\">Mme\u00a0Maria da Gra\u00e7a Carvalho a indiqu\u00e9 que, bien que la connexion avec la France demeure \u00ab la plus coh\u00e9rente et raisonnable \u00bb, le manque de progr\u00e8s tangibles incite le Portugal \u00e0 envisager s\u00e9rieusement une alternative m\u00e9ridionale, inspir\u00e9e du mod\u00e8le du c\u00e2ble sous-marin reliant d\u00e9j\u00e0 l\u2019Espagne au Maroc. Elle a reconnu que ce projet serait \u00ab plus co\u00fbteux \u00bb, en raison de la distance et de la complexit\u00e9 technique de l\u2019infrastructure, mais qu\u2019il n\u2019est d\u00e9sormais \u00ab plus exclu \u00bb, selon la presse portugaise.<\/p>\n<p>Lire aussi :\u00a0<a href=\"https:\/\/maroc-diplomatique.net\/le-dirham-sapprecie-de-06-face-au-dollar-du-15-au-21-mai-bam\/\" target=\"_blank\" rel=\"noopener\">Le dirham s\u2019appr\u00e9cie de 0,6% face au dollar du 15 au 21 mai (BAM)<\/a><\/p>\n<p style=\"text-align: justify;\">Le 28 avril 2025, la p\u00e9ninsule Ib\u00e9rique a \u00e9t\u00e9 frapp\u00e9e par l\u2019une des pires pannes \u00e9lectriques de son histoire r\u00e9cente, plongeant le Portugal et l\u2019Espagne dans l\u2019obscurit\u00e9 pendant pr\u00e8s de dix heures. Ce blackout massif, qui a d\u00e9connect\u00e9 quelque 30 GW de charge \u00e9lectrique, a co\u00fbt\u00e9 la vie \u00e0 au moins huit personnes et paralys\u00e9 des infrastructures critiques. Au-del\u00e0 du choc imm\u00e9diat, cette crise a mis en \u00e9vidence la vuln\u00e9rabilit\u00e9 du syst\u00e8me \u00e9lectrique portugais et ravive le d\u00e9bat sur la diversification et la s\u00e9curisation des sources d\u2019approvisionnement \u00e9nerg\u00e9tique.<\/p>\n<p><strong>Partenariats strat\u00e9giques avec les acteurs internationaux<\/strong><\/p>\n<p style=\"text-align: justify;\">Gr\u00e2ce \u00e0 ses ressources abondantes en \u00e9nergie solaire et \u00e9olienne, ainsi qu\u2019\u00e0 ses projets ambitieux d\u2019interconnexion \u00e9lectrique, le Maroc s\u2019affirme comme un acteur cl\u00e9 de la transition \u00e9nerg\u00e9tique durable en Europe. Le Royaume b\u00e9n\u00e9ficie d\u2019un soutien financier et technique cons\u00e9quent de l\u2019Union europ\u00e9enne, de la Banque europ\u00e9enne d\u2019investissement (BEI) et de la Banque allemande de d\u00e9veloppement (KfW), qui ont r\u00e9cemment accord\u00e9 un financement de 300 millions d\u2019euros \u00e0 l\u2019Office national de l\u2019\u00e9lectricit\u00e9 et de l\u2019eau potable (ONEE) pour moderniser le r\u00e9seau \u00e9lectrique national et y int\u00e9grer davantage d\u2019\u00e9nergies renouvelables.<\/p>\n<p style=\"text-align: justify;\">Ce financement vise notamment \u00e0 \u00e9tendre le r\u00e9seau de transport d\u2019\u00e9lectricit\u00e9 sur plus de 700 kilom\u00e8tres et \u00e0 renforcer sa capacit\u00e9 d\u2019\u00e9vacuation, condition essentielle pour int\u00e9grer de nouvelles capacit\u00e9s renouvelables. Le Maroc ambitionne de porter la part des \u00e9nergies renouvelables \u00e0 56 % de son mix \u00e9lectrique d\u2019ici fin 2027, en d\u00e9veloppant 12,5 GW de capacit\u00e9s suppl\u00e9mentaires. Parmi les projets phares figure le parc \u00e9olien de Jbel Lahdid, qui g\u00e9n\u00e8re environ 952 GWh par an, soit l\u2019\u00e9quivalent de la consommation annuelle de 1,2 million de personnes.<\/p>\n<p style=\"text-align: justify;\">Par ailleurs, le Maroc a conclu des partenariats strat\u00e9giques avec des acteurs internationaux, dont un m\u00e9ga accord avec des groupes \u00e9miratis \u2014 TAQA, Nareva et le Fonds Mohammed VI \u2014 visant \u00e0 renforcer la s\u00e9curit\u00e9 \u00e9nerg\u00e9tique et hydrique du pays. Ce partenariat pr\u00e9voit notamment la r\u00e9alisation de lignes \u00e9lectriques \u00e0 haute tension et la construction de centrales \u00e0 cycle combin\u00e9 aliment\u00e9es au gaz naturel.<\/p>\n<p style=\"text-align: justify;\">D\u2019ici 2030, le programme pr\u00e9voit la construction d\u2019une ligne \u00e9lectrique \u00e0 courant continu haute tension (HVDC) de 1 400 km reliant le sud au centre du pays, avec une capacit\u00e9 de transport de 3 000 MW. Il inclut \u00e9galement le d\u00e9veloppement de 1 200 MW de capacit\u00e9s renouvelables et la mise en service de centrales \u00e0 cycle combin\u00e9 au gaz naturel \u00e0 Tahaddart, pour une puissance totale de 1 500 MW.<\/p>\n<p style=\"text-align: justify;\">Dans ce contexte de crise \u00e9nerg\u00e9tique et d\u2019imp\u00e9ratifs climatiques, le Maroc capte l\u2019attention des grandes puissances europ\u00e9ennes en qu\u00eate de diversification de leurs sources d\u2019\u00e9nergie renouvelable et de s\u00e9curisation de leurs approvisionnements. Le Royaume s\u2019impose ainsi comme un partenaire strat\u00e9gique incontournable pour b\u00e2tir un avenir \u00e9nerg\u00e9tique plus vert et r\u00e9silient dans la r\u00e9gion euro-m\u00e9diterran\u00e9enne. Parmi les projets embl\u00e9matiques figure Xlinks : ce m\u00e9ga projet transcontinental, estim\u00e9 \u00e0 plus de 20 milliards de livres sterling, ambitionne de relier le Maroc au Royaume-Uni via un r\u00e9seau de 4 000 kilom\u00e8tres de c\u00e2bles sous-marins \u00e0 haute tension. Il permettra de fournir une \u00e9lectricit\u00e9 100 % renouvelable \u00e0 quelque 7 millions de foyers britanniques, faisant du Maroc une v\u00e9ritable \u201ccentrale \u00e9nerg\u00e9tique verte\u201d au service de l\u2019Europe.<\/p>\n<p style=\"text-align: justify;\">Cette dynamique positionne le Maroc comme un carrefour \u00e9nerg\u00e9tique strat\u00e9gique entre l\u2019Afrique et l\u2019Europe, ainsi qu\u2019un leader r\u00e9gional de la transition \u00e9nerg\u00e9tique. Le Royaume appara\u00eet d\u00e9sormais comme un acteur capable de contribuer \u00e0 la s\u00e9curit\u00e9 \u00e9nerg\u00e9tique du Vieux Continent tout en poursuivant ses propres objectifs de d\u00e9carbonation et de d\u00e9veloppement durable. Le Partenariat Vert Maroc-UE, lanc\u00e9 en 2022, illustre cette coop\u00e9ration renforc\u00e9e, centr\u00e9e sur la durabilit\u00e9, la transition \u00e9nerg\u00e9tique et l\u2019ouverture progressive du march\u00e9 de l\u2019\u00e9lectricit\u00e9.<\/p>\n","protected":false},"excerpt":{"rendered":"Hajar Ben Hosain \u00c0 l\u2019heure o\u00f9 l\u2019Europe cherche des alternatives durables pour r\u00e9pondre \u00e0 la crise \u00e9nerg\u00e9tique et&hellip;\n","protected":false},"author":2,"featured_media":125813,"comment_status":"","ping_status":"","sticky":false,"template":"","format":"standard","meta":{"footnotes":""},"categories":[1586],"tags":[11,24895,352,8722,12187,7078,1777,674,1011,27,10357,2223,12,25],"class_list":{"0":"post-125812","1":"post","2":"type-post","3":"status-publish","4":"format-standard","5":"has-post-thumbnail","7":"category-europe","8":"tag-actualites","9":"tag-climatiques","10":"tag-crise","11":"tag-electrique","12":"tag-energetique","13":"tag-etude","14":"tag-eu","15":"tag-europe","16":"tag-fr","17":"tag-france","18":"tag-infrastructure","19":"tag-maroc","20":"tag-news","21":"tag-republique-francaise"},"share_on_mastodon":{"url":"https:\/\/pubeurope.com\/@fr\/114565778310582563","error":""},"_links":{"self":[{"href":"https:\/\/www.europesays.com\/fr\/wp-json\/wp\/v2\/posts\/125812","targetHints":{"allow":["GET"]}}],"collection":[{"href":"https:\/\/www.europesays.com\/fr\/wp-json\/wp\/v2\/posts"}],"about":[{"href":"https:\/\/www.europesays.com\/fr\/wp-json\/wp\/v2\/types\/post"}],"author":[{"embeddable":true,"href":"https:\/\/www.europesays.com\/fr\/wp-json\/wp\/v2\/users\/2"}],"replies":[{"embeddable":true,"href":"https:\/\/www.europesays.com\/fr\/wp-json\/wp\/v2\/comments?post=125812"}],"version-history":[{"count":0,"href":"https:\/\/www.europesays.com\/fr\/wp-json\/wp\/v2\/posts\/125812\/revisions"}],"wp:featuredmedia":[{"embeddable":true,"href":"https:\/\/www.europesays.com\/fr\/wp-json\/wp\/v2\/media\/125813"}],"wp:attachment":[{"href":"https:\/\/www.europesays.com\/fr\/wp-json\/wp\/v2\/media?parent=125812"}],"wp:term":[{"taxonomy":"category","embeddable":true,"href":"https:\/\/www.europesays.com\/fr\/wp-json\/wp\/v2\/categories?post=125812"},{"taxonomy":"post_tag","embeddable":true,"href":"https:\/\/www.europesays.com\/fr\/wp-json\/wp\/v2\/tags?post=125812"}],"curies":[{"name":"wp","href":"https:\/\/api.w.org\/{rel}","templated":true}]}}