{"id":125816,"date":"2025-05-25T01:04:08","date_gmt":"2025-05-25T01:04:08","guid":{"rendered":"https:\/\/www.europesays.com\/fr\/125816\/"},"modified":"2025-05-25T01:04:08","modified_gmt":"2025-05-25T01:04:08","slug":"psg-reims-luis-enrique-deja-tourne-vers-la-finale-de-c1","status":"publish","type":"post","link":"https:\/\/www.europesays.com\/fr\/125816\/","title":{"rendered":"PSG \/ Reims &#8211; Luis Enrique d\u00e9j\u00e0 tourn\u00e9 vers la finale de C1"},"content":{"rendered":"<p>Vainqueur facile de la Coupe de France face au Stade de<br \/>\nReims (3-0), le PSG peut d\u00e9sormais se concentrer uniquement sur sa<br \/>\nfinale de Ligue des champions.<\/p>\n<p>Le <strong>PSG<\/strong> est \u00e0 un match d\u2019\u00e9crire une page<br \/>\nhistorique. Dans cette semaine \u00e0 deux finales, le club de la<br \/>\ncapitale est parvenu \u00e0 soulever la 16e <strong>Coupe de<br \/>\nFrance<\/strong> de son histoire apr\u00e8s un match compl\u00e8tement<br \/>\nma\u00eetris\u00e9 face au <strong>Stade de Reims<\/strong> (3-0). D\u00e9sormais,<br \/>\ntous les esprits sont tourn\u00e9s vers <strong><a href=\"https:\/\/canal-supporters.com\/nuno-mendes-maintenant-il-faut-se-reposer-avant-notre-grande-finale\/\" title=\"\" target=\"_blank\" rel=\"noopener\">cette finale de C1<\/a><\/strong> le 31 mai \u00e0<br \/>\n<strong>Munich<\/strong> contre <strong>l\u2019Inter Milan<\/strong>. Au<br \/>\nmicro de <strong><a href=\"https:\/\/x.com\/beinsports_FR\" target=\"_blank\" rel=\"noopener\" title=\"\">beIN SPORTS<\/a><\/strong>, le<br \/>\ncoach parisien, <strong>Luis Enrique<\/strong>, s\u2019est projet\u00e9 sur<br \/>\ncette rencontre face aux Interistes.<\/p>\n<p>Son sentiment<br \/>\napr\u00e8s cette victoire<\/p>\n<p>\u00ab\u00a0Une belle victoire. Je pense que \u00e7a a \u00e9t\u00e9 un tr\u00e8s bon<br \/>\nmatch, avec beaucoup d\u2019intensit\u00e9. Ce n\u2019est pas facile de jouer une<br \/>\nfinale parce qu\u2019on doit g\u00e9rer le ballon tout le temps. On a pr\u00e9par\u00e9<br \/>\nla finale du 31 mai de la meilleure mani\u00e8re.\u00a0\u00bb<\/p>\n<p>Est-il d\u00e9j\u00e0<br \/>\nfocus sur la finale de Ligue des champions ?<\/p>\n<p>\u00ab\u00a0\u00c7a fait tr\u00e8s longtemps qu\u2019on pense \u00e0 cette finale<br \/>\nparce que c\u2019est l\u2019objectif que nous avons tous ensemble. Nous<br \/>\nvoulons marquer l\u2019histoire avec nos supporters. On est<br \/>\npr\u00eats.\u00a0\u00bb<\/p>\n<p>Une inqui\u00e9tude<br \/>\nautour de Kvaratskhelia ?<\/p>\n<p>\u00ab\u00a0Non, rien d\u2019important. Apr\u00e8s l\u2019\u00e9chauffement, il ne<br \/>\ns\u2019est pas senti tr\u00e8s bien et on a pr\u00e9f\u00e9r\u00e9 prendre aucun risque.<br \/>\nNous sommes une vraie \u00e9quipe et tout le monde cherche \u00e0 obtenir des<br \/>\ntroph\u00e9es. Je pense qu\u2019on est \u00e0 un bon niveau.\u00a0\u00bb<\/p>\n<p>A-t-il de la<br \/>\nplace chez lui pour mettre tous les troph\u00e9es ?<\/p>\n<p>\u00ab\u00a0Il y a beaucoup d\u2019espaces (rires).\u00a0\u00bb<\/p>\n<p>La grosse<br \/>\npremi\u00e8re p\u00e9riode de son \u00e9quipe face \u00e0 Reims<\/p>\n<p>\u00ab\u00a0C\u2019est bizarre parce que ce n\u2019est pas normal de faire<br \/>\nune premi\u00e8re mi-temps \u00e0 ce niveau. <strong>Reims<\/strong> est en<br \/>\ndifficult\u00e9 parce qu\u2019ils doivent jouer le match de barrage<br \/>\n(<strong>Ligue 1 \/ Ligue 2<\/strong>) et c\u2019est difficile pour eux de<br \/>\ng\u00e9rer \u00e7a. Mais tous ensemble, on est pr\u00eats et on pense \u00e0 jouer<br \/>\ncette finale de la <strong>Ligue des champions<\/strong> parce que<br \/>\nj\u2019esp\u00e8re que ce sera un moment tr\u00e8s sp\u00e9cial pour tout le<br \/>\nmonde.\u00a0\u00bb<\/p>\n<p>Comment va-t-il<br \/>\npr\u00e9parer cette finale ?<\/p>\n<p>\u00ab\u00a0Il n\u2019y rien \u00e0 faire de sp\u00e9cial pour la pr\u00e9parer parce<br \/>\nque l\u2019\u00e9quipe est habitu\u00e9e \u00e0 jouer de cette mani\u00e8re. Ce sera un<br \/>\nmoment pour savoir g\u00e9rer beaucoup de pression et c\u2019est normal avec<br \/>\nl\u2019enthousiasme, mais on doit penser \u00e0 pr\u00e9parer cela de la meilleure<br \/>\ndes mani\u00e8res.\u00a0\u00bb<\/p>\n<p>La gestion<br \/>\n\u00e9motionnelle, le plus important \u00e0 g\u00e9rer pour cette rencontre ?<\/p>\n<p>\u00ab\u00a0Oui, parce que ce n\u2019est pas facile de g\u00e9rer ce qu\u2019il<br \/>\ny autour de l\u2019\u00e9quipe parce que le r\u00eave est l\u00e0. Nous sommes une<br \/>\n\u00e9quipe jeune mais en m\u00eame temps avec de l\u2019exp\u00e9rience et la volont\u00e9<br \/>\nde savoir ce que nous devons faire sur le terrain. J\u2019esp\u00e8re que le<br \/>\n31, \u00e0 la fin du match, nous pourrons c\u00e9l\u00e9brer la <strong>Champions<br \/>\nLeague<\/strong>.\u00a0\u00bb<\/p>\n<\/p>\n<p>Youtube :<br \/>\n<strong><a href=\"https:\/\/www.youtube.com\/@CanalSupportersParis\" target=\"_blank\" rel=\"noopener\" title=\"\">Canal Supporters<br \/>\nParis<\/a><\/strong><\/p>\n","protected":false},"excerpt":{"rendered":"Vainqueur facile de la Coupe de France face au Stade de Reims (3-0), le PSG peut d\u00e9sormais se&hellip;\n","protected":false},"author":2,"featured_media":125817,"comment_status":"","ping_status":"","sticky":false,"template":"","format":"standard","meta":{"footnotes":""},"categories":[2],"tags":[11,81,83,787,5208,24898,1011,27,447,921,2781,12,91,92,93,22630,25,96],"class_list":{"0":"post-125816","1":"post","2":"type-post","3":"status-publish","4":"format-standard","5":"has-post-thumbnail","7":"category-actualites","8":"tag-actualites","9":"tag-canal-supporters","10":"tag-coupe-de-france","11":"tag-cs","12":"tag-entraineur-psg","13":"tag-finale-cdf","14":"tag-fr","15":"tag-france","16":"tag-ligue-des-champions","17":"tag-luis-enrique","18":"tag-luis-enrique-psg","19":"tag-news","20":"tag-paris-saint-germain","21":"tag-paris-sg","22":"tag-psg","23":"tag-psg-reims","24":"tag-republique-francaise","25":"tag-une"},"share_on_mastodon":{"url":"https:\/\/pubeurope.com\/@fr\/114565786205595719","error":""},"_links":{"self":[{"href":"https:\/\/www.europesays.com\/fr\/wp-json\/wp\/v2\/posts\/125816","targetHints":{"allow":["GET"]}}],"collection":[{"href":"https:\/\/www.europesays.com\/fr\/wp-json\/wp\/v2\/posts"}],"about":[{"href":"https:\/\/www.europesays.com\/fr\/wp-json\/wp\/v2\/types\/post"}],"author":[{"embeddable":true,"href":"https:\/\/www.europesays.com\/fr\/wp-json\/wp\/v2\/users\/2"}],"replies":[{"embeddable":true,"href":"https:\/\/www.europesays.com\/fr\/wp-json\/wp\/v2\/comments?post=125816"}],"version-history":[{"count":0,"href":"https:\/\/www.europesays.com\/fr\/wp-json\/wp\/v2\/posts\/125816\/revisions"}],"wp:featuredmedia":[{"embeddable":true,"href":"https:\/\/www.europesays.com\/fr\/wp-json\/wp\/v2\/media\/125817"}],"wp:attachment":[{"href":"https:\/\/www.europesays.com\/fr\/wp-json\/wp\/v2\/media?parent=125816"}],"wp:term":[{"taxonomy":"category","embeddable":true,"href":"https:\/\/www.europesays.com\/fr\/wp-json\/wp\/v2\/categories?post=125816"},{"taxonomy":"post_tag","embeddable":true,"href":"https:\/\/www.europesays.com\/fr\/wp-json\/wp\/v2\/tags?post=125816"}],"curies":[{"name":"wp","href":"https:\/\/api.w.org\/{rel}","templated":true}]}}