{"id":125835,"date":"2025-05-25T01:16:12","date_gmt":"2025-05-25T01:16:12","guid":{"rendered":"https:\/\/www.europesays.com\/fr\/125835\/"},"modified":"2025-05-25T01:16:12","modified_gmt":"2025-05-25T01:16:12","slug":"maureen-dor-sexprime-sur-les-agissements-de-gerard-miller-avec-des-jeunes-filles-en-coulisses-et-pourquoi-elle-ne-serait-pas-intervenue","status":"publish","type":"post","link":"https:\/\/www.europesays.com\/fr\/125835\/","title":{"rendered":"Maureen Dor s&rsquo;exprime sur les agissements de G\u00e9rard Miller avec des jeunes filles en coulisses et pourquoi elle ne serait pas intervenue"},"content":{"rendered":"<p>Invit\u00e9e de C l&rsquo;hebdo ce samedi 24 mai 2025, Maureen Dor est revenue sur les accusations de viols \u00e0 l&rsquo;encontre de G\u00e9rard Miller. L&rsquo;occasion pour l&rsquo;ex-chroniqueuse d&rsquo;On a tout essay\u00e9 d&rsquo;expliquer pourquoi elle n&rsquo;aurait pas r\u00e9agi si elle avait \u00e9t\u00e9 t\u00e9moin d&rsquo;agissements de la part du psychanalyste avec des jeunes filles dans le public de l&rsquo;\u00e9mission. <\/p>\n<p>Plus d&rsquo;une soixantaine de femmes accusent G\u00e9rard Miller, <a href=\"https:\/\/www.programme-tv.net\/news\/societe\/345900-gerard-miller-accuse-par-plusieurs-femmes-de-viol-et-dagressions-sexuelles-lors-de-seances-dhypnose\/\" data-api-deeplink=\"teleloisirs:\/\/news\/345900\" target=\"_blank\" rel=\"noopener\">m\u00e9diatique psychanalyste \u00e2g\u00e9 de 76 ans<\/a>, de viols et d&rsquo;agressions sexuelles. Dans certains cas, les victimes pr\u00e9sum\u00e9es auraient \u00e9t\u00e9 mineures au moment des faits, qui se seraient notamment d\u00e9roul\u00e9s lors de s\u00e9ances d&rsquo;hypnose. Et selon des t\u00e9moignages, confi\u00e9s \u00e0 plusieurs m\u00e9dias dont le magazine Elle, Mediapart et Envoy\u00e9 sp\u00e9cial, <a href=\"https:\/\/www.programme-tv.net\/news\/people\/347383-je-vais-continuer-a-garder-ce-principe-laurent-ruquier-explique-pourquoi-il-ne-commente-pas-laffaire-gerard-miller\/\" data-api-deeplink=\"teleloisirs:\/\/news\/347383\" target=\"_blank\" rel=\"noopener\">l&rsquo;ancien chroniqueur d&rsquo;On a tout essay\u00e9<\/a> serait rentr\u00e9 en contact avec des (jeunes) femmes pr\u00e9sentes dans le public ou en coulisses lors de tournages d&rsquo;\u00e9missions de t\u00e9l\u00e9. Maureen Dor, invit\u00e9e de C l&rsquo;hebdo ce samedi 24 mai 2025, a \u00e9t\u00e9 invit\u00e9e \u00e0 r\u00e9agir \u00e0 cette affaire, pour laquelle G\u00e9rard Miller \u2013 <a href=\"https:\/\/www.programme-tv.net\/news\/people\/347678-affaire-gerard-miller-le-parquet-ouvre-une-enquete-apres-des-accusations-de-viols-et-dagressions-sexuelles-a-lencontre-du-psychanalyste\/\" data-api-deeplink=\"teleloisirs:\/\/news\/347678\" target=\"_blank\" rel=\"noopener\">qui fait l&rsquo;objet d&rsquo;une enqu\u00eate ouverte en f\u00e9vrier 2024<\/a> \u2013 reste pr\u00e9sum\u00e9 innocent.<\/p>\n<p>Maureen Dor reconna\u00eet que \u00ab\u00a0ce n&rsquo;\u00e9tait pas son probl\u00e8me\u00a0\u00bb<\/p>\n<p>De 2000 \u00e0 2014, Maureen Dor figurait parmi les chroniqueuses r\u00e9currentes de <a href=\"https:\/\/www.programme-tv.net\/biographie\/534-ruquier-laurent\/\" data-link-people=\"dd4ff7d1-a72b-4b67-a7ba-3f07ccd164cd\" target=\"_blank\" rel=\"noopener\">Laurent Ruquier<\/a> dans son talk-show On a tout essay\u00e9 sur France 2. A-t-elle \u00e9t\u00e9 t\u00e9moin de certains comportements de la part de G\u00e9rard Miller, <a href=\"https:\/\/www.programme-tv.net\/news\/tv\/363181-on-n-osait-meme-pas-imaginer-thierry-ardisson-revient-sur-l-affaire-gerard-miller-accuse-d-agressions-sexuelles-et-de-viols-par-des-dizaines-de-femmes\/\" data-api-deeplink=\"teleloisirs:\/\/news\/363181\" target=\"_blank\" rel=\"noopener\">comme Thierry Ardisson a pu lui-m\u00eame en t\u00e9moigner le concernant<\/a> ? \u00ab\u00a0M\u00eame si je l&rsquo;avais vu s&rsquo;approcher de jeunes filles, je ne sais pas si je serai venue en disant &lsquo;Dis donc G\u00e9rard, qu&rsquo;est-ce que tu fais l\u00e0 ?&rsquo; [\u2026] Ce n&rsquo;\u00e9tait pas mon probl\u00e8me. Si elles \u00e9taient l\u00e0, c&rsquo;est qu&rsquo;elles avaient envie d&rsquo;\u00eatre dans l&rsquo;\u00e9mission. Je savais, \u00e9videmment comme plein de gens qui font de l&rsquo;antenne, que les gens qui gravitent autour ont des paillettes dans les yeux vis-\u00e0-vis des hommes qui font de l&rsquo;antenne\u00a0\u00bb, a fait savoir la chanteuse belge sur le plateau de France 5.<\/p>\n<p>                        Maureen Dor a d\u00e9couvert plus tard le principe de \u00ab\u00a0sororit\u00e9\u00a0\u00bb<\/p>\n<p>De son propre aveu, Maureen Dor reconna\u00eet que la sororit\u00e9 n&rsquo;\u00e9tait pas forc\u00e9ment un r\u00e9flexe qu&rsquo;elle avait \u00e0 l&rsquo;\u00e9poque o\u00f9 <a href=\"https:\/\/www.programme-tv.net\/news\/cinema\/261529-agressions-de-femmes-en-jupes-isabelle-adjani-denonce-des-violences-sexistes-et-sexuelles-intolerables\/\" data-api-deeplink=\"teleloisirs:\/\/news\/261529\" target=\"_blank\" rel=\"noopener\">la question des violences sexistes et sexuelles<\/a> n&rsquo;\u00e9tait pas per\u00e7ue comme aujourd&rsquo;hui. \u00ab\u00a0Il y avait un c\u00f4t\u00e9 &lsquo;viens me rejoindre si tu veux dans l&rsquo;\u00e9mission&rsquo;, si tu penses que tu dois coucher pour \u00e7a, c&rsquo;est dommage pour toi mais je ne viendrai pas te sauver\u00a0\u00bb, a-t-elle encore d\u00e9velopp\u00e9 \u00e0 C l&rsquo;hebdo, reconnaissant avoir ferm\u00e9 les yeux. \u00ab\u00a0Je m&rsquo;en rends compte depuis quelque temps que les mots posent un cadre et une limite : le terme &lsquo;sororit\u00e9&rsquo; donne le cadre. Ce n&rsquo;est pas l&rsquo;amiti\u00e9 ou la complicit\u00e9, mais en revanche, si on maltraite une femme parce que c&rsquo;est une femme, l\u00e0 je vais m&rsquo;\u00e9lever\u00a0\u00bb, a-t-elle ajout\u00e9, elle qui maintient toutefois n&rsquo;avoir jamais vu <a href=\"https:\/\/www.programme-tv.net\/news\/people\/349730-je-n-ai-rien-a-dire-sur-gerard-isabelle-mergault-se-prononce-sur-l-affaire-gerard-miller-accuse-de-viol-et-dagressions-sexuelles\/\" data-api-deeplink=\"teleloisirs:\/\/news\/349730\" target=\"_blank\" rel=\"noopener\">d&rsquo;agissements r\u00e9pr\u00e9hensibles de la part de G\u00e9rard Miller sur le plateau d&rsquo;On a tout essay\u00e9<\/a>.<\/p>\n","protected":false},"excerpt":{"rendered":"Invit\u00e9e de C l&rsquo;hebdo ce samedi 24 mai 2025, Maureen Dor est revenue sur les accusations de viols&hellip;\n","protected":false},"author":2,"featured_media":125836,"comment_status":"","ping_status":"","sticky":false,"template":"","format":"standard","meta":{"footnotes":""},"categories":[1359],"tags":[244,58,59,1011,27,24899,24900,973,1364,1265,1421],"class_list":{"0":"post-125835","1":"post","2":"type-post","3":"status-publish","4":"format-standard","5":"has-post-thumbnail","7":"category-people","8":"tag-commentaire","9":"tag-divertissement","10":"tag-entertainment","11":"tag-fr","12":"tag-france","13":"tag-gu00e9rard-miller","14":"tag-maureen-dor","15":"tag-people","16":"tag-tv","17":"tag-viol","18":"tag-zap"},"share_on_mastodon":{"url":"https:\/\/pubeurope.com\/@fr\/114565833648837050","error":""},"_links":{"self":[{"href":"https:\/\/www.europesays.com\/fr\/wp-json\/wp\/v2\/posts\/125835","targetHints":{"allow":["GET"]}}],"collection":[{"href":"https:\/\/www.europesays.com\/fr\/wp-json\/wp\/v2\/posts"}],"about":[{"href":"https:\/\/www.europesays.com\/fr\/wp-json\/wp\/v2\/types\/post"}],"author":[{"embeddable":true,"href":"https:\/\/www.europesays.com\/fr\/wp-json\/wp\/v2\/users\/2"}],"replies":[{"embeddable":true,"href":"https:\/\/www.europesays.com\/fr\/wp-json\/wp\/v2\/comments?post=125835"}],"version-history":[{"count":0,"href":"https:\/\/www.europesays.com\/fr\/wp-json\/wp\/v2\/posts\/125835\/revisions"}],"wp:featuredmedia":[{"embeddable":true,"href":"https:\/\/www.europesays.com\/fr\/wp-json\/wp\/v2\/media\/125836"}],"wp:attachment":[{"href":"https:\/\/www.europesays.com\/fr\/wp-json\/wp\/v2\/media?parent=125835"}],"wp:term":[{"taxonomy":"category","embeddable":true,"href":"https:\/\/www.europesays.com\/fr\/wp-json\/wp\/v2\/categories?post=125835"},{"taxonomy":"post_tag","embeddable":true,"href":"https:\/\/www.europesays.com\/fr\/wp-json\/wp\/v2\/tags?post=125835"}],"curies":[{"name":"wp","href":"https:\/\/api.w.org\/{rel}","templated":true}]}}