{"id":125851,"date":"2025-05-25T01:24:09","date_gmt":"2025-05-25T01:24:09","guid":{"rendered":"https:\/\/www.europesays.com\/fr\/125851\/"},"modified":"2025-05-25T01:24:09","modified_gmt":"2025-05-25T01:24:09","slug":"juliette-binoche-mains-dans-les-poches-en-bomber-bleu-nuit-et-tee-shirt-blanc-pour-la-cloture-du-festival-de-cannes","status":"publish","type":"post","link":"https:\/\/www.europesays.com\/fr\/125851\/","title":{"rendered":"Juliette Binoche, mains dans les poches en bomber bleu nuit et tee-shirt blanc pour la cl\u00f4ture du Festival de Cannes"},"content":{"rendered":"<p>Ce 24 mai 2025, la 78e \u00e9dition du Festival de Cannes s\u2019est officiellement achev\u00e9e et pour l\u2019occasion, la pr\u00e9sidente du jury a opt\u00e9 pour un look peu habituel.<\/p>\n<p class=\"fig-paragraph\">Coup\u00e9\u00a0! Ce samedi soir marque le clap de fin du festival de cin\u00e9ma qui investit la Croisette chaque ann\u00e9e. Apr\u00e8s douze jours de d\u00e9fil\u00e9s mode sur le tapis rouge, les c\u00e9l\u00e9brit\u00e9s ont pr\u00e9sent\u00e9 leurs looks finaux lors de la c\u00e9r\u00e9monie de cl\u00f4ture. Et pour l\u2019\u00e9v\u00e9nement,\u00a0<a href=\"http:\/\/madame.lefigaro.fr\/style\/news\/juliette-binoche-elle-fanning-jane-fonda-sur-les-marches-le-grand-final-glamour-du-festival-de-cannes-20250524\" target=\"_blank\" data-fig-type=\"Article\" rel=\"noopener\" data-gtm-custom-categorie=\"navigation\" data-gtm-custom-action=\"crossclick\" data-gtm-custom-label=\"Contextuel\" data-gtm-event=\"customEventSPE\" data-fig-domain=\"MADAME\">Juliette Binoche<\/a>\u00a0a arbor\u00e9 une tenue qui a su retenir l\u2019attention, \u00e0 la fois chic et d\u00e9contract\u00e9e.<\/p>\n<p class=\"fig-paragraph\">En effet, la pr\u00e9sidente du jury a choisi une longue jupe pliss\u00e9e\u00a0<a href=\"http:\/\/madame.lefigaro.fr\/celebrites\/actu-people\/robe-bleu-nuit-et-soiree-de-gala-isabella-de-danemark-celebre-ses-18-ans-lors-d-un-concert-fastueux-20250416\" target=\"_blank\" data-fig-type=\"Article\" rel=\"noopener\" data-gtm-custom-categorie=\"navigation\" data-gtm-custom-action=\"crossclick\" data-gtm-custom-label=\"Contextuel\" data-gtm-event=\"customEventSPE\" data-fig-domain=\"MADAME\">bleu nuit<\/a>, parsem\u00e9e de perles au niveau de la taille ainsi que de strass sur la longueur. Une ceinture noire, \u00e0 la boucle argent\u00e9e, venait accessoiriser celle-ci et rappeler la teinte des motifs. Pour le haut, elle a opt\u00e9 pour un tee-shirt blanc au col rouge, recouvert d\u2019un bomber \u00e0 capuche assorti \u00e0 sa jupe. Ce dernier, assez court, pr\u00e9sentait des manches bouffantes, que l\u2019actrice avait remont\u00e9es au niveau de ses coudes, lui donnant presque une allure sportive. C\u00f4t\u00e9 bijoux, Juliette Binoche a choisi de porter uniquement de discrets anneaux argent\u00e9s aux oreilles mais aucun bracelet, ni montre n\u2019habillaient ses poignets.<\/p>\n<p>    Juliette Binoche de la c\u00e9r\u00e9monie de cl\u00f4ture du Festival de Cannes. (Cannes, le 24 mai 2025.)<br \/>\n                Stephane Cardinale &#8211; Corbis \/ Corbis via Getty Images<\/p>\n<p>Riche en couleurs<\/p>\n<p class=\"fig-paragraph\">Durant ce marathon de style, l\u2019actrice poignante dans Trois Couleurs &#8211; Bleu a t\u00e9moign\u00e9 un int\u00e9r\u00eat particulier pour les looks color\u00e9s. Nous avons effectivement pu la voir dans un ensemble jaune beurre de la griffe\u00a0<a href=\"http:\/\/madame.lefigaro.fr\/shopping\/les-sacs-a-adopter-pour-le-festival-de-cannes-et-roland-garros-deja-chez-24s-20250507\" target=\"_blank\" data-fig-type=\"Article\" rel=\"noopener\" data-gtm-custom-categorie=\"navigation\" data-gtm-custom-action=\"crossclick\" data-gtm-custom-label=\"Contextuel\" data-gtm-event=\"customEventSPE\" data-fig-domain=\"MADAME\">Jacquemus<\/a>, en robe textur\u00e9e accord\u00e9e \u00e0 une paire de talons violets ainsi qu\u2019un tissu vert autour du cou, le tout sign\u00e9 Gucci. Aussi, elle a fait sensation lors du\u00a0<a href=\"http:\/\/madame.lefigaro.fr\/style\/news\/les-photos-du-diner-d-ouverture-tres-prive-du-festival-de-cannes-20250514\" target=\"_blank\" data-fig-type=\"Article\" rel=\"noopener\" data-gtm-custom-categorie=\"navigation\" data-gtm-custom-action=\"crossclick\" data-gtm-custom-label=\"Contextuel\" data-gtm-event=\"customEventSPE\" data-fig-domain=\"MADAME\">d\u00eener d\u2019ouverture<\/a>\u00a0du festival, s\u2019affichant avec une robe satin\u00e9e d\u2019un rouge \u00e9clatant.<\/p>\n<p class=\"fig-paragraph\">Mais c\u2019est \u00e0 l\u2019occasion de la c\u00e9r\u00e9monie d\u2019ouverture du Festival de Cannes le 13 mai 2025, que Juliette Binoche avait subjugu\u00e9 le public dans sa\u00a0<a href=\"http:\/\/madame.lefigaro.fr\/mariage\/robes-tenues\/la-robe-de-mariee-star-immaculee-des-tapis-rouges-en-2024-20240327\" target=\"_blank\" data-fig-type=\"Article\" rel=\"noopener\" data-gtm-custom-categorie=\"navigation\" data-gtm-custom-action=\"crossclick\" data-gtm-custom-label=\"Contextuel\" data-gtm-event=\"customEventSPE\" data-fig-domain=\"MADAME\">robe immacul\u00e9e<\/a>\u00a0sign\u00e9e Dior. Ainsi, cette ann\u00e9e encore, l\u2019actrice de 61 ans a prouv\u00e9 son sens du style.<\/p>\n<p>\u00a0\u00bb<br \/>\n        data-script=\u00a0\u00bbhttps:\/\/static.lefigaro.fr\/widget-video\/short-ttl\/video\/index.js\u00a0\u00bb<br \/>\n    &gt;<\/p>\n","protected":false},"excerpt":{"rendered":"Ce 24 mai 2025, la 78e \u00e9dition du Festival de Cannes s\u2019est officiellement achev\u00e9e et pour l\u2019occasion, la&hellip;\n","protected":false},"author":2,"featured_media":125852,"comment_status":"","ping_status":"","sticky":false,"template":"","format":"standard","meta":{"footnotes":""},"categories":[8],"tags":[998,988,991,1000,993,58,994,59,992,5634,638,1011,27,5683,997,16751,977,999,989,995,973,990,996],"class_list":{"0":"post-125851","1":"post","2":"type-post","3":"status-publish","4":"format-standard","5":"has-post-thumbnail","7":"category-divertissement","8":"tag-accessoire","9":"tag-actu-mode","10":"tag-actualite-mode","11":"tag-celebrites","12":"tag-defiles","13":"tag-divertissement","14":"tag-egerie-mode","15":"tag-entertainment","16":"tag-fashion-week","17":"tag-festival-de-cannes","18":"tag-figaro","19":"tag-fr","20":"tag-france","21":"tag-juliette-binoche","22":"tag-lingerie","23":"tag-look","24":"tag-madame","25":"tag-mode-fashion-femme","26":"tag-mode-femme","27":"tag-nouvelle-tendance","28":"tag-people","29":"tag-tendance-mode","30":"tag-vetement"},"share_on_mastodon":{"url":"https:\/\/pubeurope.com\/@fr\/114565865055936460","error":""},"_links":{"self":[{"href":"https:\/\/www.europesays.com\/fr\/wp-json\/wp\/v2\/posts\/125851","targetHints":{"allow":["GET"]}}],"collection":[{"href":"https:\/\/www.europesays.com\/fr\/wp-json\/wp\/v2\/posts"}],"about":[{"href":"https:\/\/www.europesays.com\/fr\/wp-json\/wp\/v2\/types\/post"}],"author":[{"embeddable":true,"href":"https:\/\/www.europesays.com\/fr\/wp-json\/wp\/v2\/users\/2"}],"replies":[{"embeddable":true,"href":"https:\/\/www.europesays.com\/fr\/wp-json\/wp\/v2\/comments?post=125851"}],"version-history":[{"count":0,"href":"https:\/\/www.europesays.com\/fr\/wp-json\/wp\/v2\/posts\/125851\/revisions"}],"wp:featuredmedia":[{"embeddable":true,"href":"https:\/\/www.europesays.com\/fr\/wp-json\/wp\/v2\/media\/125852"}],"wp:attachment":[{"href":"https:\/\/www.europesays.com\/fr\/wp-json\/wp\/v2\/media?parent=125851"}],"wp:term":[{"taxonomy":"category","embeddable":true,"href":"https:\/\/www.europesays.com\/fr\/wp-json\/wp\/v2\/categories?post=125851"},{"taxonomy":"post_tag","embeddable":true,"href":"https:\/\/www.europesays.com\/fr\/wp-json\/wp\/v2\/tags?post=125851"}],"curies":[{"name":"wp","href":"https:\/\/api.w.org\/{rel}","templated":true}]}}