{"id":125857,"date":"2025-05-25T01:27:08","date_gmt":"2025-05-25T01:27:08","guid":{"rendered":"https:\/\/www.europesays.com\/fr\/125857\/"},"modified":"2025-05-25T01:27:08","modified_gmt":"2025-05-25T01:27:08","slug":"trois-responsables-ont-ete-arretes","status":"publish","type":"post","link":"https:\/\/www.europesays.com\/fr\/125857\/","title":{"rendered":"trois responsables ont \u00e9t\u00e9 arr\u00eat\u00e9s"},"content":{"rendered":"<p class=\"fig-paragraph\">La Cor\u00e9e du Nord a arr\u00eat\u00e9 trois responsables\u00a0<a href=\"http:\/\/www.lefigaro.fr\/flash-actu\/coree-du-nord-kim-jong-un-denonce-un-accident-grave-lors-de-la-ceremonie-de-lancement-d-un-navire-de-guerre-20250522\" data-fig-type=\"NewsFlash\" data-gtm-custom-categorie=\"navigation\" data-gtm-custom-action=\"crossclick\" data-gtm-custom-label=\"Contextuel\" data-gtm-event=\"customEventSPE\" data-fig-domain=\"LEFIGARO\" target=\"_blank\" rel=\"noopener\">du chantier d&rsquo;un nouveau navire de guerre<\/a>, \u00e0 la suite d&rsquo;un accident sur le destroyer cette semaine, a rapport\u00e9 ce dimanche l&rsquo;agence officielle KCNA. Pyongyang avait fait \u00e9tat d&rsquo;un \u00abgrave accident\u00bb lors de la c\u00e9r\u00e9monie de lancement du nouveau destroyer, lors de laquelle une partie du fond du navire avait \u00e9t\u00e9 broy\u00e9e. Le dirigeant du pays\u00a0<a href=\"https:\/\/photo.lefigaro.fr\/international\/kim-jong-un-essaie-un-nouveau-fusil-de-precision-20250405\" data-fig-type=\"SlideShowResource\" data-gtm-custom-categorie=\"navigation\" data-gtm-custom-action=\"crossclick\" data-gtm-custom-label=\"Contextuel\" data-gtm-event=\"customEventSPE\" data-fig-domain=\"LEFIGARO\" target=\"_blank\" rel=\"noopener\">Kim Jong-un<\/a>, qui assistait au lancement, avait d\u00e9nonc\u00e9 un \u00abacte criminel\u00bb.<\/p>\n<p class=\"fig-paragraph\">Les personnes d\u00e9tenues sont l&rsquo;ing\u00e9nieur en chef du chantier naval de Chongjin, le chef de l&rsquo;atelier de construction et un directeur administratif, tenus pour \u00abresponsables de l&rsquo;incident\u00bb, selon KCNA. Selon les services de renseignement des \u00c9tats-Unis et de Cor\u00e9e du Sud, la \u00abtentative de lancement lat\u00e9ral\u00bb du navire par la Cor\u00e9e du Nord a \u00e9chou\u00e9, et le navire est actuellement inclin\u00e9 dans l&rsquo;eau, a indiqu\u00e9 l&rsquo;arm\u00e9e sud-cor\u00e9enne.<\/p>\n<p class=\"fig-paragraph\">La\u00a0<a href=\"http:\/\/www.lefigaro.fr\/flash-actu\/pyongyang-ouvre-une-enquete-sur-l-accident-d-un-navire-de-guerre-a-son-lancement-20250523\" data-fig-type=\"NewsFlash\" data-gtm-custom-categorie=\"navigation\" data-gtm-custom-action=\"crossclick\" data-gtm-custom-label=\"Contextuel\" data-gtm-event=\"customEventSPE\" data-fig-domain=\"LEFIGARO\" target=\"_blank\" rel=\"noopener\">Cor\u00e9e du Nord a entam\u00e9 une enqu\u00eate\u00a0<\/a>approfondie sur cet accident, avait indiqu\u00e9 KCNA vendredi.<\/p>\n","protected":false},"excerpt":{"rendered":"La Cor\u00e9e du Nord a arr\u00eat\u00e9 trois responsables\u00a0du chantier d&rsquo;un nouveau navire de guerre, \u00e0 la suite d&rsquo;un&hellip;\n","protected":false},"author":2,"featured_media":125858,"comment_status":"","ping_status":"","sticky":false,"template":"","format":"standard","meta":{"footnotes":""},"categories":[5],"tags":[1111,47,11,1109,13987,1112,118,1108,107,1106,1107,1011,27,1110,1114,14,12,1113,316,28],"class_list":{"0":"post-125857","1":"post","2":"type-post","3":"status-publish","4":"format-standard","5":"has-post-thumbnail","7":"category-international","8":"tag-actu","9":"tag-actualite","10":"tag-actualites","11":"tag-breves","12":"tag-coree-du-nord","13":"tag-depeches","14":"tag-faits-divers","15":"tag-fil","16":"tag-fil-info","17":"tag-flash","18":"tag-flash-actu","19":"tag-fr","20":"tag-france","21":"tag-informations","22":"tag-infos","23":"tag-international","24":"tag-news","25":"tag-nouvelles","26":"tag-politique","27":"tag-world"},"share_on_mastodon":{"url":"https:\/\/pubeurope.com\/@fr\/114565876553682714","error":""},"_links":{"self":[{"href":"https:\/\/www.europesays.com\/fr\/wp-json\/wp\/v2\/posts\/125857","targetHints":{"allow":["GET"]}}],"collection":[{"href":"https:\/\/www.europesays.com\/fr\/wp-json\/wp\/v2\/posts"}],"about":[{"href":"https:\/\/www.europesays.com\/fr\/wp-json\/wp\/v2\/types\/post"}],"author":[{"embeddable":true,"href":"https:\/\/www.europesays.com\/fr\/wp-json\/wp\/v2\/users\/2"}],"replies":[{"embeddable":true,"href":"https:\/\/www.europesays.com\/fr\/wp-json\/wp\/v2\/comments?post=125857"}],"version-history":[{"count":0,"href":"https:\/\/www.europesays.com\/fr\/wp-json\/wp\/v2\/posts\/125857\/revisions"}],"wp:featuredmedia":[{"embeddable":true,"href":"https:\/\/www.europesays.com\/fr\/wp-json\/wp\/v2\/media\/125858"}],"wp:attachment":[{"href":"https:\/\/www.europesays.com\/fr\/wp-json\/wp\/v2\/media?parent=125857"}],"wp:term":[{"taxonomy":"category","embeddable":true,"href":"https:\/\/www.europesays.com\/fr\/wp-json\/wp\/v2\/categories?post=125857"},{"taxonomy":"post_tag","embeddable":true,"href":"https:\/\/www.europesays.com\/fr\/wp-json\/wp\/v2\/tags?post=125857"}],"curies":[{"name":"wp","href":"https:\/\/api.w.org\/{rel}","templated":true}]}}