{"id":125862,"date":"2025-05-25T01:31:18","date_gmt":"2025-05-25T01:31:18","guid":{"rendered":"https:\/\/www.europesays.com\/fr\/125862\/"},"modified":"2025-05-25T01:31:18","modified_gmt":"2025-05-25T01:31:18","slug":"saint-chamond-le-calvaire-vecu-par-la-femme-torturee-et-brulee-une-rare-violence","status":"publish","type":"post","link":"https:\/\/www.europesays.com\/fr\/125862\/","title":{"rendered":"Saint-Chamond. Le calvaire v\u00e9cu par la femme tortur\u00e9e et br\u00fbl\u00e9e : \u00ab\u00a0Une rare violence\u00a0\u00bb"},"content":{"rendered":"<p>            Par<br \/>\n        <strong><br \/>\n            <a href=\"https:\/\/actu.fr\/auteur\/mathias-souteyrat\" title=\"Consulter tous les articles de Mathias Souteyrat\" target=\"_blank\" rel=\"noopener\">Mathias Souteyrat<\/a><br \/>\n        <\/strong><\/p>\n<p>        Publi\u00e9 le<\/p>\n<p>            24 mai 2025 \u00e0 9h26        <\/p>\n<p>Qu\u2019est-il pass\u00e9 derri\u00e8re la porte de cet appartement de la rue de la R\u00e9publique \u00e0 <a href=\"https:\/\/actu.fr\/auvergne-rhone-alpes\/saint-chamond_42207\/saint-chamond-une-femme-brulee-au-chalumeau-par-son-compagnon-ce-que-l-on-sait_62677724.html\" target=\"_blank\" rel=\"noopener\">Saint-Chamond<\/a> (Loire) o\u00f9 une femme \u00e2g\u00e9e de 27 ans a \u00e9t\u00e9 br\u00fbl\u00e9e et tortur\u00e9e par son compagnon\u2009? Le mercredi 21 mai 2025 \u00e0 17 heures, alert\u00e9s par le voisinage de cris provenant d\u2019un appartement, les sapeurs-pompiers et la police sont intervenus pour porter secours \u00e0 une jeune femme.<br \/>Ce samedi 24 mai, Anne Gache, procureure de la R\u00e9publique de Saint-Etienne, donne des \u00e9l\u00e9ments suppl\u00e9mentaires sur cette sordide affaire.<\/p>\n<p>\u00ab\u2009Une jeune femme en \u00e9tat de choc\u2026\u2009\u00bb<\/p>\n<p class=\" wall-content\">Apr\u00e8s avoir p\u00e9n\u00e9tr\u00e9 de force dans le logement, ces derniers ont \u00e9t\u00e9 confront\u00e9s \u00e0 une sc\u00e8ne d\u2019une rare violence, d\u00e9couvrant <a href=\"https:\/\/actu.fr\/auvergne-rhone-alpes\/saint-chamond_42207\/pres-de-saint-etienne-une-femme-frappee-et-brulee-par-son-conjoint-sauvee-par-les-secours_62674130.html\" target=\"_blank\" rel=\"noopener\">une jeune femme en \u00e9tat de choc qui a pu bri\u00e8vement leur expliquer \u00eatre s\u00e9questr\u00e9e et violent\u00e9e<\/a> depuis plusieurs jours par un ex-conjoint.<\/p>\n<p class=\" wall-content\">La jeune femme a \u00e9t\u00e9 hospitalis\u00e9e dans un \u00e9tablissement de la r\u00e9gion. Les examens m\u00e9dicaux ont permis de d\u00e9terminer que cette derni\u00e8re pr\u00e9sentait de multiples br\u00fblures sur l\u2019ensemble du corps ainsi que de nombreuses plaies. Son pronostic vital ne serait plus engag\u00e9.<\/p>\n<p>    <img   decoding=\"async\" loading=\"lazy\" src=\"https:\/\/www.europesays.com\/fr\/wp-content\/uploads\/2025\/05\/whatsapp-image-2025-05-23-at-160219-960x640.jpeg\" alt=\"Lo\u00efc (*), 28 ans, habite au 91 rue de la R\u00e9publique \u00e0 Saint-Chamond. Il nous raconte l'inracontable.\" width=\"960\" height=\"640\"\/><br \/>\n    Une jeune femme en \u00e9tat de choc a pu bri\u00e8vement leur expliquer \u00eatre s\u00e9questr\u00e9e et violent\u00e9e depuis plusieurs jours par un ex-conjoint. (\u00a9Photos transmises \u00e0 actu Saint-Etienne)<\/p>\n<p class=\" wall-content\">Une association d\u2019aide aux victimes a \u00e9t\u00e9 saisie afin d\u2019accompagner la victime d\u00e8s sa sortie de l\u2019h\u00f4pital.<\/p>\n<p>Le conjoint de la jeune femme depuis environ deux mois<\/p>\n<p class=\" wall-content\">La police nationale de la circonscription du Gier a proc\u00e9d\u00e9 \u00e0 l\u2019interpellation d\u2019un homme pr\u00e9sent sur les lieux et consommant des <strong>stup\u00e9fiants<\/strong>.<\/p>\n<p class=\" wall-content\">Le suspect, \u00e2g\u00e9 de 33 ans, a d\u00e9clar\u00e9 \u00eatre le conjoint de la jeune femme depuis environ deux mois.<\/p>\n<p>\u00ab\u2009Le mis en cause a reconnu tr\u00e8s partiellement l\u2019avoir br\u00fbl\u00e9 sans admettre l\u2019avoir s\u00e9questr\u00e9 ni tortur\u00e9\u2009\u00bb<\/p>\n<p class=\" wall-content\">Les premi\u00e8res investigations ont permis de d\u00e9terminer que la jeune femme \u00e9tait <strong>s\u00e9questr\u00e9e dans cet appartement depuis le 12\u00a0mai<\/strong>.<\/p>\n<blockquote class=\"ac-article-quote wall-content\">\n<p>Plac\u00e9 en garde \u00e0 vue le 21 mai, le mis en cause a reconnu tr\u00e8s partiellement l\u2019avoir br\u00fbl\u00e9 sans admettre l\u2019avoir s\u00e9questr\u00e9 ni tortur\u00e9. Condamn\u00e9 \u00e0 de nombreuses reprises pour des faits de vols et de d\u00e9linquance routi\u00e8re, il avait \u00e9galement fait l\u2019objet le 8 f\u00e9vrier 2017 d\u2019une condamnation \u00e0 une peine d\u2019emprisonnement pour des faits de violences conjugales sur une autre victime.<\/p>\n<p>    <strong>Anne Gaches<\/strong><br \/>\n        Procureur de la R\u00e9publique de Saint-Etienne    <\/p><\/blockquote>\n<p class=\" wall-content\">Une enqu\u00eate pour tentative de meurtre par conjoint, s\u00e9questration et actes de torture et barbarie a \u00e9t\u00e9 imm\u00e9diatement confi\u00e9e par le parquet \u00e0 la Division de la criminalit\u00e9 territoriale de Saint-Etienne.<\/p>\n<p class=\" wall-content\">Pr\u00e9sent\u00e9 ce jour devant un magistrat instructeur, il a \u00e9t\u00e9 mis en examen des chefs de s\u00e9questration aggrav\u00e9e par les actes de torture et barbarie, ainsi que de tentative de meurtre par conjoint et <strong>plac\u00e9 en d\u00e9tention provisoire<\/strong>.<\/p>\n<p class=\" wall-content\">Suivez toute l\u2019actualit\u00e9 de vos villes et m\u00e9dias favoris en vous inscrivant \u00e0 <a href=\"https:\/\/moncompte.actu.fr\" title=\"D\u00e9couvez Mon Actu\" rel=\"nofollow noopener\" data-trk=\"{&quot;cta&quot;:{&quot;action&quot;:&quot;https:\\\/\\\/moncompte.actu.fr&quot;,&quot;category&quot;:&quot;mon compte&quot;,&quot;from&quot;:&quot;article footer&quot;,&quot;name&quot;:&quot;Mon actu&quot;,&quot;type&quot;:&quot;cta&quot;}}\" target=\"_blank\">Mon Actu<\/a>.<\/p>\n","protected":false},"excerpt":{"rendered":"Par Mathias Souteyrat Publi\u00e9 le 24 mai 2025 \u00e0 9h26 Qu\u2019est-il pass\u00e9 derri\u00e8re la porte de cet appartement&hellip;\n","protected":false},"author":2,"featured_media":125863,"comment_status":"","ping_status":"","sticky":false,"template":"","format":"standard","meta":{"footnotes":""},"categories":[9653],"tags":[1111,11,2430,1777,674,118,1011,27,303,12,1072,25,4001,798],"class_list":{"0":"post-125862","1":"post","2":"type-post","3":"status-publish","4":"format-standard","5":"has-post-thumbnail","7":"category-saint-etienne","8":"tag-actu","9":"tag-actualites","10":"tag-auvergne-rhone-alpes","11":"tag-eu","12":"tag-europe","13":"tag-faits-divers","14":"tag-fr","15":"tag-france","16":"tag-justice","17":"tag-news","18":"tag-police","19":"tag-republique-francaise","20":"tag-saint-etienne","21":"tag-violences-conjugales"},"share_on_mastodon":{"url":"https:\/\/pubeurope.com\/@fr\/114565892610383218","error":""},"_links":{"self":[{"href":"https:\/\/www.europesays.com\/fr\/wp-json\/wp\/v2\/posts\/125862","targetHints":{"allow":["GET"]}}],"collection":[{"href":"https:\/\/www.europesays.com\/fr\/wp-json\/wp\/v2\/posts"}],"about":[{"href":"https:\/\/www.europesays.com\/fr\/wp-json\/wp\/v2\/types\/post"}],"author":[{"embeddable":true,"href":"https:\/\/www.europesays.com\/fr\/wp-json\/wp\/v2\/users\/2"}],"replies":[{"embeddable":true,"href":"https:\/\/www.europesays.com\/fr\/wp-json\/wp\/v2\/comments?post=125862"}],"version-history":[{"count":0,"href":"https:\/\/www.europesays.com\/fr\/wp-json\/wp\/v2\/posts\/125862\/revisions"}],"wp:featuredmedia":[{"embeddable":true,"href":"https:\/\/www.europesays.com\/fr\/wp-json\/wp\/v2\/media\/125863"}],"wp:attachment":[{"href":"https:\/\/www.europesays.com\/fr\/wp-json\/wp\/v2\/media?parent=125862"}],"wp:term":[{"taxonomy":"category","embeddable":true,"href":"https:\/\/www.europesays.com\/fr\/wp-json\/wp\/v2\/categories?post=125862"},{"taxonomy":"post_tag","embeddable":true,"href":"https:\/\/www.europesays.com\/fr\/wp-json\/wp\/v2\/tags?post=125862"}],"curies":[{"name":"wp","href":"https:\/\/api.w.org\/{rel}","templated":true}]}}