{"id":125864,"date":"2025-05-25T01:32:44","date_gmt":"2025-05-25T01:32:44","guid":{"rendered":"https:\/\/www.europesays.com\/fr\/125864\/"},"modified":"2025-05-25T01:32:44","modified_gmt":"2025-05-25T01:32:44","slug":"nancy-tensions-au-conservatoire-du-grand-nancy-triple-inspection-imminente","status":"publish","type":"post","link":"https:\/\/www.europesays.com\/fr\/125864\/","title":{"rendered":"Nancy. Tensions au conservatoire du Grand Nancy : triple inspection imminente"},"content":{"rendered":"<p>Certains agents en doutaient encore mais, cette fois-ci, c\u2019est imminent\u00a0: l\u2019audit fonctionnel et organisationnel devrait d\u00e9buter \u00ab\u00a0dans quelques jours\u00a0\u00bb.<\/p>\n<p>C\u2019est ce qu\u2019annonce le pr\u00e9sident de la M\u00e9tropole, <a href=\"https:\/\/www.estrepublicain.fr\/p\/mathieu-klein\" target=\"_blank\" rel=\"noopener\">Mathieu Klein,<\/a> aux agents du <a href=\"https:\/\/www.estrepublicain.fr\/edition-nancy-et-agglomeration\/le-conservatoire-regional-du-grand-nancy-dans-la-tourmente\" target=\"_blank\" rel=\"noopener\">conservatoire<\/a> dans un courrier envoy\u00e9 le 19\u00a0mai. \u00ab\u00a0J\u2019entends poursuivre <a href=\"https:\/\/www.estrepublicain.fr\/culture-loisirs\/2025\/05\/03\/tensions-au-conservatoire-mathieu-klein-va-rencontrer-le-personnel-pour-un-temps-d-echange\" target=\"_blank\" rel=\"noopener\">les discussions engag\u00e9es<\/a> avec les agents dans les semaines et les mois \u00e0 venir, afin de renouer avec une atmosph\u00e8re de travail sereine\u00a0\u00bb, explique-t-il.<\/p>\n<p>La premi\u00e8re \u00e9tape de cet examen aura lieu le 5\u00a0juin dans la salle Ravel\u00a0: ce jour-l\u00e0, sera alors pr\u00e9sent\u00e9 aux agents la m\u00e9thodologie de cet audit. \u00ab\u00a0J\u2019ai souhait\u00e9 que cet audit accorde une large place \u00e0 l\u2019\u00e9coute et \u00e0 la concertation\u00a0\u00bb, pr\u00e9cise le pr\u00e9sident de la M\u00e9tropole.<\/p>\n<p>  Audit, inspection, examen<\/p>\n<p>Dans le courrier, Mathieu Klein donne \u00e9galement des nouvelles d\u2019une autre mission\u00a0: <a href=\"https:\/\/www.estrepublicain.fr\/culture-loisirs\/2025\/04\/30\/suicide-du-directeur-du-conservatoire-la-metropole-reagit-et-saisit-l-inspection-generale-des-affaires-culturelles-de-l-etat\" target=\"_blank\" rel=\"noopener\">l\u2019inspection du minist\u00e8re de la culture<\/a>. Elle portera \u00ab\u00a0sur les organisations et contenus p\u00e9dagogiques de l\u2019\u00e9tablissement\u00a0\u00bb et serait \u00ab\u00a0en cours de calage avec l\u2019inspecteur d\u00e9sign\u00e9 par le minist\u00e8re\u00a0\u00bb.<\/p>\n<p>Celui-ci devrait se d\u00e9rouler en m\u00eame temps qu\u2019un troisi\u00e8me contr\u00f4le\u00a0: l\u2019examen de la <a href=\"https:\/\/www.estrepublicain.fr\/politique\/2025\/04\/27\/la-situation-financiere-de-la-metropole-s-est-degradee\" target=\"_blank\" rel=\"noopener\">chambre r\u00e9gionale des comptes. <\/a> Alors qu\u2019il devait \u00eatre men\u00e9 d\u00e9but 2026, son d\u00e9clenchement a \u00e9t\u00e9 avanc\u00e9 sur demande de la M\u00e9tropole. Objectif\u00a0: \u00ab\u00a0Ne pas multiplier les p\u00e9riodes de contr\u00f4les et les sollicitations redondantes.\u00a0\u00bb<\/p>\n<p>Dans ce long courrier de plus de deux pages, Mathieu Klein en profite pour revenir <a href=\"https:\/\/www.estrepublicain.fr\/culture-loisirs\/2025\/04\/29\/mort-du-directeur-au-coeur-des-tensions-du-conservatoire-du-grand-nancy\" target=\"_blank\" rel=\"noopener\">sur les derni\u00e8res semaines<\/a> et la \u00ab <a href=\"https:\/\/www.estrepublicain.fr\/culture-loisirs\/2025\/04\/29\/suicide-du-directeur-du-conservatoire-dans-une-lettre-ouverte-a-mathieu-klein-syndicats-et-parents-d-eleves-denoncent-le-deni-de-la-metropole\" target=\"_blank\" rel=\"noopener\">\u00a0p\u00e9riode difficile que traverse le conservatoire<\/a> \u00a0\u00bb, dont il \u00ab\u00a0regrette le traitement m\u00e9diatique\u00a0\u00bb.<\/p>\n<p>Dans son viseur, entre autres, les <a href=\"https:\/\/www.estrepublicain.fr\/culture-loisirs\/2025\/05\/05\/tensions-au-conservatoire-de-nancy-les-syndicats-ont-envoye-26-courriers-officiels-d-alerte-depuis-2018\" target=\"_blank\" rel=\"noopener\">courriers d\u2019alerte envoy\u00e9s<\/a> depuis plusieurs ann\u00e9es \u00e0 la M\u00e9tropole. \u00ab\u00a0Aucun de ces courriers ne traduit une situation globale de mal-\u00eatre au travail ou de pratiques de management toxique g\u00e9n\u00e9ralis\u00e9es \u00e0 l\u2019\u00e9chelle de l\u2019\u00e9tablissement\u00a0\u00bb, \u00e9crit-il.<\/p>\n<p>Quant aux lettres \u00e9voquant des dysfonctionnements, elles auraient \u00ab\u00a0syst\u00e9matiquement donn\u00e9 lieu \u00e0 des \u00e9changes et des r\u00e9ponses de l\u2019administration\u00a0\u00bb.<\/p>\n<p>  Un nouveau directeur attendu<\/p>\n<p>Selon lui, sur la p\u00e9riode de sept ans que couvrent ces alertes, \u00ab\u00a0seules deux \u00e9voquent des situations de tensions circonscrites entre des personnels de l\u2019\u00e9tablissement\u00a0; si la r\u00e9alit\u00e9 de ces conflits n\u2019est pas mise en cause, je m\u2019inscris en faux dans la <a href=\"https:\/\/www.estrepublicain.fr\/culture-loisirs\/2025\/04\/29\/suicide-du-directeur-du-conservatoire-dans-une-lettre-ouverte-a-mathieu-klein-syndicats-et-parents-d-eleves-denoncent-le-deni-de-la-metropole\" target=\"_blank\" rel=\"noopener\">critique de passivit\u00e9<\/a> formul\u00e9e \u00e0 l\u2019endroit de la collectivit\u00e9\u00a0: les proc\u00e9dures administratives ont bien \u00e9t\u00e9 diligent\u00e9es et un accompagnement manag\u00e9rial de la pr\u00e9c\u00e9dente direction a \u00e9t\u00e9 mis en place par la M\u00e9tropole entre\u00a02019 et\u00a02020\u00a0\u00bb, pr\u00e9cise-t-il.<\/p>\n<p>Une chose est s\u00fbre\u00a0: le futur directeur ou la future directrice arrivera dans un contexte certes difficile, mais fort d\u2019\u00e9l\u00e9ments sur lesquels s\u2019appuyer\u00a0: en quelques mois, le conservatoire aura \u00e9t\u00e9 l\u2019objet d\u2019une <a href=\"https:\/\/www.estrepublicain.fr\/culture-loisirs\/2025\/04\/29\/une-enquete-administrative-deja-menee-en-fevrier\" target=\"_blank\" rel=\"noopener\">enqu\u00eate interne<\/a> , d\u2019un audit, d\u2019une inspection de l\u2019\u00c9tat et de l\u2019examen de la chambre r\u00e9gionale des comptes.<\/p>\n<p>D\u2019apr\u00e8s Mathieu Klein, le recrutement sera lanc\u00e9 \u00ab\u00a0au second semestre\u00a0\u00bb.<\/p>\n","protected":false},"excerpt":{"rendered":"Certains agents en doutaient encore mais, cette fois-ci, c\u2019est imminent\u00a0: l\u2019audit fonctionnel et organisationnel devrait d\u00e9buter \u00ab\u00a0dans quelques&hellip;\n","protected":false},"author":2,"featured_media":125865,"comment_status":"","ping_status":"","sticky":false,"template":"","format":"standard","meta":{"footnotes":""},"categories":[9635],"tags":[1111,11,1687,1704,341,1777,674,1011,27,775,873,1702,1703,12,25,4604,801],"class_list":{"0":"post-125864","1":"post","2":"type-post","3":"status-publish","4":"format-standard","5":"has-post-thumbnail","7":"category-nancy","8":"tag-actu","9":"tag-actualites","10":"tag-culture-loisirs","11":"tag-edition-nancy-et-agglomeration","12":"tag-emploi","13":"tag-eu","14":"tag-europe","15":"tag-fr","16":"tag-france","17":"tag-grand-est","18":"tag-musique","19":"tag-nancy","20":"tag-nancy-ville-54b","21":"tag-news","22":"tag-republique-francaise","23":"tag-selection-abonne","24":"tag-social"},"share_on_mastodon":{"url":"https:\/\/pubeurope.com\/@fr\/114565896259556250","error":""},"_links":{"self":[{"href":"https:\/\/www.europesays.com\/fr\/wp-json\/wp\/v2\/posts\/125864","targetHints":{"allow":["GET"]}}],"collection":[{"href":"https:\/\/www.europesays.com\/fr\/wp-json\/wp\/v2\/posts"}],"about":[{"href":"https:\/\/www.europesays.com\/fr\/wp-json\/wp\/v2\/types\/post"}],"author":[{"embeddable":true,"href":"https:\/\/www.europesays.com\/fr\/wp-json\/wp\/v2\/users\/2"}],"replies":[{"embeddable":true,"href":"https:\/\/www.europesays.com\/fr\/wp-json\/wp\/v2\/comments?post=125864"}],"version-history":[{"count":0,"href":"https:\/\/www.europesays.com\/fr\/wp-json\/wp\/v2\/posts\/125864\/revisions"}],"wp:featuredmedia":[{"embeddable":true,"href":"https:\/\/www.europesays.com\/fr\/wp-json\/wp\/v2\/media\/125865"}],"wp:attachment":[{"href":"https:\/\/www.europesays.com\/fr\/wp-json\/wp\/v2\/media?parent=125864"}],"wp:term":[{"taxonomy":"category","embeddable":true,"href":"https:\/\/www.europesays.com\/fr\/wp-json\/wp\/v2\/categories?post=125864"},{"taxonomy":"post_tag","embeddable":true,"href":"https:\/\/www.europesays.com\/fr\/wp-json\/wp\/v2\/tags?post=125864"}],"curies":[{"name":"wp","href":"https:\/\/api.w.org\/{rel}","templated":true}]}}