{"id":125866,"date":"2025-05-25T01:33:07","date_gmt":"2025-05-25T01:33:07","guid":{"rendered":"https:\/\/www.europesays.com\/fr\/125866\/"},"modified":"2025-05-25T01:33:07","modified_gmt":"2025-05-25T01:33:07","slug":"nancy-lionel-ollinger-invite-de-sophie-mayeux-aux-matinales-de-lexcelsior","status":"publish","type":"post","link":"https:\/\/www.europesays.com\/fr\/125866\/","title":{"rendered":"Nancy. Lionel Ollinger invit\u00e9 de Sophie Mayeux aux Matinales de l\u2019Excelsior"},"content":{"rendered":"<p>Sophie Mayeux, dirigeante et fondatrice de SDIC Conseil, a accueilli \u00e0 l\u2019heure du laitier, <a href=\"https:\/\/www.estrepublicain.fr\/sport\/2024\/09\/18\/ligue-du-grand-est-lionel-ollinger-il-me-faut-encore-un-peu-de-temps\" target=\"_blank\" rel=\"noopener\">Lionel Ollinger<\/a> , dans le cadre des Rencontres matinales de l\u2019Excelsior \u00e0 Nancy, devant un parterre de personnalit\u00e9s du sport, de la politique et de l\u2019\u00e9conomie. N\u00e9 \u00e0 Longeville-l\u00e8s-Metz, l\u2019homme est vice-pr\u00e9sident de la F\u00e9d\u00e9ration Fran\u00e7aise de tennis et directeur g\u00e9n\u00e9ral du FC Metz stadium. Deux structures \u00e0 l\u2019actualit\u00e9 br\u00fblante en ce moment avec le d\u00e9but du tournoi de Roland-Garros et les matches pour la mont\u00e9e en Ligue 1 du FC Metz. Pour le club des Grenats, sa mission a \u00e9t\u00e9 \u00ab\u00a0d\u2019\u00e9largir l\u2019audience de Saint-Symphorien\u00a0\u00bb. Pour le \u00ab\u00a0naming du stade, on n\u2019a pas r\u00e9ussi \u00e0 aller au bout. C\u2019est ce qui manque\u00a0\u00bb mais, d\u00e9sormais, l\u2019endroit, est \u00ab\u00a0un lieu de vie dans Metz\u00a0\u00bb.<\/p>\n<p>  \u00ab\u00a0On est d\u00e9tenteur d\u2019un h\u00e9ritage\u00a0\u00bb<\/p>\n<p>Il embraye avec le b\u00e9n\u00e9volat dans les clubs sportifs et apporte d\u2019ailleurs son soutien aux b\u00e9n\u00e9voles. \u00ab\u00a0Il faut r\u00e9fl\u00e9chir \u00e0 ce statut\u00a0\u00bb, confie-t-il avant de parler de la place du sport \u00e0 l\u2019\u00e9cole et pr\u00e9conise de \u00ab\u00a0lib\u00e9rer du temps scolaire pour pratiquer du sport ou autre chose\u00a0\u00bb.<\/p>\n<p>Du c\u00f4t\u00e9 du tournoi de Roland-Garros, pas de lassitude du public m\u00eame avec le d\u00e9part de Nadal ou Federer, les grands noms de ces derni\u00e8res ann\u00e9es\u00a0: \u00ab\u00a0Quand le tournoi est historique, il est plus fort que les sportifs eux-m\u00eames. On est d\u00e9tenteur d\u2019un h\u00e9ritage.\u00a0\u00bb Et glisse au passage, qu\u2019avec 1,2\u00a0million de licenci\u00e9s, \u00ab\u00a0le tennis va tr\u00e8s tr\u00e8s bien\u00a0\u00bb. Il encourage aussi le tennis fauteuil et la pratique de nouveaux sports d\u00e9riv\u00e9s du tennis\u00a0: <a href=\"https:\/\/www.estrepublicain.fr\/politique\/2025\/05\/18\/un-complexe-de-terrains-de-padel-est-en-projet\" target=\"_blank\" rel=\"noopener\">le padel<\/a> ou le pickleball, \u00ab\u00a0nous sommes les mieux plac\u00e9s pour administrer ces nouvelles pratiques\u00a0\u00bb.<\/p>\n","protected":false},"excerpt":{"rendered":"Sophie Mayeux, dirigeante et fondatrice de SDIC Conseil, a accueilli \u00e0 l\u2019heure du laitier, Lionel Ollinger , dans&hellip;\n","protected":false},"author":2,"featured_media":125867,"comment_status":"","ping_status":"","sticky":false,"template":"","format":"standard","meta":{"footnotes":""},"categories":[9635],"tags":[1111,11,1704,1777,674,63,1011,27,775,1702,1703,12,973,3456,25,104,517,1700,1467,1631],"class_list":{"0":"post-125866","1":"post","2":"type-post","3":"status-publish","4":"format-standard","5":"has-post-thumbnail","7":"category-nancy","8":"tag-actu","9":"tag-actualites","10":"tag-edition-nancy-et-agglomeration","11":"tag-eu","12":"tag-europe","13":"tag-football","14":"tag-fr","15":"tag-france","16":"tag-grand-est","17":"tag-nancy","18":"tag-nancy-ville-54b","19":"tag-news","20":"tag-people","21":"tag-region-lorraine","22":"tag-republique-francaise","23":"tag-societe","24":"tag-sport","25":"tag-sport-lorrain","26":"tag-tennis","27":"tag-vie-associative"},"share_on_mastodon":{"url":"https:\/\/pubeurope.com\/@fr\/114565900079079420","error":""},"_links":{"self":[{"href":"https:\/\/www.europesays.com\/fr\/wp-json\/wp\/v2\/posts\/125866","targetHints":{"allow":["GET"]}}],"collection":[{"href":"https:\/\/www.europesays.com\/fr\/wp-json\/wp\/v2\/posts"}],"about":[{"href":"https:\/\/www.europesays.com\/fr\/wp-json\/wp\/v2\/types\/post"}],"author":[{"embeddable":true,"href":"https:\/\/www.europesays.com\/fr\/wp-json\/wp\/v2\/users\/2"}],"replies":[{"embeddable":true,"href":"https:\/\/www.europesays.com\/fr\/wp-json\/wp\/v2\/comments?post=125866"}],"version-history":[{"count":0,"href":"https:\/\/www.europesays.com\/fr\/wp-json\/wp\/v2\/posts\/125866\/revisions"}],"wp:featuredmedia":[{"embeddable":true,"href":"https:\/\/www.europesays.com\/fr\/wp-json\/wp\/v2\/media\/125867"}],"wp:attachment":[{"href":"https:\/\/www.europesays.com\/fr\/wp-json\/wp\/v2\/media?parent=125866"}],"wp:term":[{"taxonomy":"category","embeddable":true,"href":"https:\/\/www.europesays.com\/fr\/wp-json\/wp\/v2\/categories?post=125866"},{"taxonomy":"post_tag","embeddable":true,"href":"https:\/\/www.europesays.com\/fr\/wp-json\/wp\/v2\/tags?post=125866"}],"curies":[{"name":"wp","href":"https:\/\/api.w.org\/{rel}","templated":true}]}}