{"id":125875,"date":"2025-05-25T01:40:52","date_gmt":"2025-05-25T01:40:52","guid":{"rendered":"https:\/\/www.europesays.com\/fr\/125875\/"},"modified":"2025-05-25T01:40:52","modified_gmt":"2025-05-25T01:40:52","slug":"grenoble-olivier-de-sepibus-et-nastassja-martin-seront-au-square-mardi","status":"publish","type":"post","link":"https:\/\/www.europesays.com\/fr\/125875\/","title":{"rendered":"Grenoble. Olivier de S\u00e9pibus et Nastassja Martin seront au Square mardi"},"content":{"rendered":"<p>Mardi 27\u00a0mai, \u00e0 19\u00a0heures, la librairie Le Square, (2 pl. L\u00e9on-Martin) recevra le photographe Olivier de S\u00e9pibus et l\u2019anthropologue Nastassja Martin pour l\u2019ouvrage Les Sources de glace paru aux \u00e9ditions Paulsen-Gu\u00e9rin. Tandis qu\u2019Olivier de S\u00e9pibus documente en image, depuis des ann\u00e9es, la disparition des glaciers, Nastassja Martin donne \u00e0 voir ce qui se joue dans ce ph\u00e9nom\u00e8ne\u00a0: \u00ab\u00a0Quelque chose meurt, quelque chose se cr\u00e9e, il est temps d\u2019\u00e9couter la voix des sources de glace\u00a0\u00bb.<\/p>\n<p class=\"note\">R\u00e9servation conseill\u00e9e au 04\u00a076\u00a046\u00a061\u00a063 ou par mail\u00a0: <a href=\"https:\/\/www.ledauphine.com\/culture-loisirs\/2025\/05\/23\/mailto:reservation@librairielesquare.fr\" target=\"_blank\" rel=\"noopener\">reservation@librairielesquare.fr<\/a>\u00a0<\/p>\n","protected":false},"excerpt":{"rendered":"Mardi 27\u00a0mai, \u00e0 19\u00a0heures, la librairie Le Square, (2 pl. L\u00e9on-Martin) recevra le photographe Olivier de S\u00e9pibus et&hellip;\n","protected":false},"author":2,"featured_media":125876,"comment_status":"","ping_status":"","sticky":false,"template":"","format":"standard","meta":{"footnotes":""},"categories":[9566],"tags":[1111,11,2430,6211,1687,112,1777,674,1011,27,2731,2732,2410,12,5486,25],"class_list":{"0":"post-125875","1":"post","2":"type-post","3":"status-publish","4":"format-standard","5":"has-post-thumbnail","7":"category-grenoble","8":"tag-actu","9":"tag-actualites","10":"tag-auvergne-rhone-alpes","11":"tag-conference","12":"tag-culture-loisirs","13":"tag-edition-grenoble-agglomeration","14":"tag-eu","15":"tag-europe","16":"tag-fr","17":"tag-france","18":"tag-grenoble","19":"tag-grenoble-bassin","20":"tag-livres-bd","21":"tag-news","22":"tag-rencontre","23":"tag-republique-francaise"},"share_on_mastodon":{"url":"https:\/\/pubeurope.com\/@fr\/114565931546961008","error":""},"_links":{"self":[{"href":"https:\/\/www.europesays.com\/fr\/wp-json\/wp\/v2\/posts\/125875","targetHints":{"allow":["GET"]}}],"collection":[{"href":"https:\/\/www.europesays.com\/fr\/wp-json\/wp\/v2\/posts"}],"about":[{"href":"https:\/\/www.europesays.com\/fr\/wp-json\/wp\/v2\/types\/post"}],"author":[{"embeddable":true,"href":"https:\/\/www.europesays.com\/fr\/wp-json\/wp\/v2\/users\/2"}],"replies":[{"embeddable":true,"href":"https:\/\/www.europesays.com\/fr\/wp-json\/wp\/v2\/comments?post=125875"}],"version-history":[{"count":0,"href":"https:\/\/www.europesays.com\/fr\/wp-json\/wp\/v2\/posts\/125875\/revisions"}],"wp:featuredmedia":[{"embeddable":true,"href":"https:\/\/www.europesays.com\/fr\/wp-json\/wp\/v2\/media\/125876"}],"wp:attachment":[{"href":"https:\/\/www.europesays.com\/fr\/wp-json\/wp\/v2\/media?parent=125875"}],"wp:term":[{"taxonomy":"category","embeddable":true,"href":"https:\/\/www.europesays.com\/fr\/wp-json\/wp\/v2\/categories?post=125875"},{"taxonomy":"post_tag","embeddable":true,"href":"https:\/\/www.europesays.com\/fr\/wp-json\/wp\/v2\/tags?post=125875"}],"curies":[{"name":"wp","href":"https:\/\/api.w.org\/{rel}","templated":true}]}}