{"id":12589,"date":"2025-04-09T12:18:22","date_gmt":"2025-04-09T12:18:22","guid":{"rendered":"https:\/\/www.europesays.com\/fr\/12589\/"},"modified":"2025-04-09T12:18:22","modified_gmt":"2025-04-09T12:18:22","slug":"pionnier-du-hip-hop-le-choregraphe-kader-attou-presente-prelude-le-19-avril-a-la-friche-puis-cet-ete-a-avignon","status":"publish","type":"post","link":"https:\/\/www.europesays.com\/fr\/12589\/","title":{"rendered":"Pionnier du hip-hop, le chor\u00e9graphe Kader Attou pr\u00e9sente \u00ab\u00a0Pr\u00e9lude\u00a0\u00bb le 19\u00a0avril \u00e0 La Friche, puis cet \u00e9t\u00e9 \u00e0 Avignon"},"content":{"rendered":"<p>Form\u00e9 sur le bitume dans les ann\u00e9es\u00a01980, <a href=\"https:\/\/www.laprovence.com\/article\/sortie-loisirs\/72650864516969\/a-lisle-sur-la-sorgue-kader-attou-lance-magistralement-la-saison-de-la-garance\" target=\"_blank\" rel=\"noopener\">Kader Attou<\/a>, originaire de la banlieue lyonnaise, est le premier chor\u00e9graphe hip-hop \u00e0 avoir dirig\u00e9 un Centre chor\u00e9graphique national (CCN) en France, celui de La\u00a0Rochelle, o\u00f9 il a imprim\u00e9 sa marque durant treize ans. Apr\u00e8s cette aventure, il a pris un nouveau d\u00e9part \u00e0 Marseille\u00a0: depuis janvier\u00a02002, il a install\u00e9 <a href=\"https:\/\/www.laprovence.com\/article\/sorties-loisirs\/6754327\/marseille-peut-devenir-une-capitale-hip-hop.html\" target=\"_blank\" rel=\"noopener\">sa compagnie Accrorap \u00e0 La Friche la Belle-de-Mai<\/a>. Il pr\u00e9sente sa cr\u00e9ation Pr\u00e9lude In le 19\u00a0avril au festival La Society, nouvelle version du festival Hip-Hop Society organis\u00e9 par l\u2019AMI, puis\u00a0cet \u00e9t\u00e9 \u00e0 Avignon et La Roque d\u2019Anth\u00e9ron.<\/p>\n<p><strong>Marseille est le berceau hip-hop sur le plan musical. Mais la danse hip-hop phoc\u00e9enne a-t-elle le m\u00eame rayonnement\u00a0?<\/strong>&#13;\n<\/p>\n<p>Le hip-hop est extr\u00eamement fort, par la musique, par les battles, il y a \u00e9norm\u00e9ment de danseurs, mais peu de chor\u00e9graphes embl\u00e9matiques. Je sentais qu\u2019il y avait une possibilit\u00e9 d\u2019installer la compagnie.<\/p>\n<p>Auparavant, je n\u2019avais jamais organis\u00e9 d\u2019audition de ma vie car je fonctionne avant tout sur des rencontres. Mais la premi\u00e8re chose que j\u2019ai faite en arrivant \u00e0 La Friche fut d\u2019organiser une audition pour conna\u00eetre le vivier de danseurs marseillais et des alentours. J\u2019ai re\u00e7u beaucoup de candidats. Neuf danseurs dont deux femmes prennent part \u00e0 la belle aventure de Pr\u00e9lude. Je suis content de les avoir rencontr\u00e9s, c\u2019est une jeunesse\u00a0incroyable, qui d\u00e9gage une \u00e9nergie particuli\u00e8re.<\/p>\n<p><strong>Vous avez imagin\u00e9 une version de la pi\u00e8ce pour ext\u00e9rieur, \u00ab\u00a0Pr\u00e9lude out\u00a0\u00bb, et une version pour les salles de th\u00e9\u00e2tre, \u00ab\u00a0Pr\u00e9lude in\u00a0\u00bb. Quelles diff\u00e9rences entre ces deux versions\u00a0?<\/strong>&#13;\n<\/p>\n<p>La pi\u00e8ce est n\u00e9e de l\u2019id\u00e9e de montrer une performance en ext\u00e9rieur pour aller \u00e0 la rencontre des publics car beaucoup de personnes ne mettent jamais les pieds dans un\u00a0th\u00e9\u00e2tre.\u00a0J\u2019ai imagin\u00e9 une pi\u00e8ce de 33 minutes que nous avons jou\u00e9e au Mucem en juillet\u00a02022 dans le cadre du festival de Marseille. C\u2019\u00e9tait un moment incroyable qui a lanc\u00e9 une grande tourn\u00e9e dans toute la France.<\/p>\n<p>La pi\u00e8ce a beaucoup plu, j\u2019ai eu envie de la d\u00e9velopper. On s\u2019est remis au travail avec les danseurs et on a cr\u00e9\u00e9 une deuxi\u00e8me version, \u00ab\u00a0Pr\u00e9lude in\u00a0\u00bb, qui dure 1h15. On reprend le d\u00e9but et la fin de la pi\u00e8ce, mais je danse aussi et j\u2019ai ajout\u00e9 des t\u00e9moignages li\u00e9s \u00e0 ma propre histoire, depuis ma naissance, depuis mon premier souffle, puisque la danse est une question de souffle. La cr\u00e9ation lumi\u00e8re est sign\u00e9e C\u00e9cile Giovansili-Vissi\u00e8re.<\/p>\n<p><strong>Le titre Pr\u00e9lude \u00e9voque la musique classique que vous aimez. Mais cette fois la bande-son est sign\u00e9e par un compositeur vivant\u00a0: Romain Dubois.<\/strong>&#13;\n<\/p>\n<p>Le mot \u00ab\u00a0pr\u00e9lude\u00a0\u00bb est aussi un clin d\u2019\u0153il \u00e0 mon arriv\u00e9e \u00e0 Marseille, au commencement de mon installation. Je suis vraiment parti de la musique de Romain Dubois, que j\u2019avais rencontr\u00e9 lorsque je dirigeais le Centre chor\u00e9graphique national (CCN) de La\u00a0Rochelle. Ce morceau d\u00e9marre du n\u00e9ant et monte progressivement sur 22 minutes. Il porte l\u2019id\u00e9e d\u2019une lutte, qu\u2019il va falloir tenir le temps du spectacle, aller jusqu\u2019au bout. Les danseurs se donnent corps et \u00e2me. Quand cela se termine, m\u00eame les spectateurs ont le souffle coup\u00e9\u00a0!<\/p>\n<p><strong>Un peu comme le Bol\u00e9ro de Ravel\u00a0?<\/strong>&#13;\n<\/p>\n<p>De mani\u00e8re diff\u00e9rente, mais oui, la fin est une d\u00e9livrance\u00a0! La derni\u00e8re demi-heure du spectacle est un feu d\u2019artifice.<\/p>\n<p><strong>Quelle urgence exprimez-vous\u00a0?<\/strong>&#13;\n<\/p>\n<p>Le groupe d\u2019interpr\u00e8tes est une m\u00e9taphore d\u2019une humanit\u00e9 dansante. Il refl\u00e8te une certaine harmonie, mais aussi une lutte. Ce combat fait \u00e9cho \u00e0 notre \u00e9poque, \u00e0 l\u2019adversit\u00e9. Mes pi\u00e8ces ne sont pas politiques. Mais le spectacle est un moment durant lequel on cr\u00e9e du lien. Si ce spectacle peut faire du bien, c\u2019est d\u00e9j\u00e0 beaucoup.<\/p>\n","protected":false},"excerpt":{"rendered":"Form\u00e9 sur le bitume dans les ann\u00e9es\u00a01980, Kader Attou, originaire de la banlieue lyonnaise, est le premier chor\u00e9graphe&hellip;\n","protected":false},"author":2,"featured_media":12590,"comment_status":"","ping_status":"","sticky":false,"template":"","format":"standard","meta":{"footnotes":""},"categories":[2814],"tags":[17,1111,11,5785,5783,251,1777,674,1011,27,3617,5784,884,12,3843,5786,3285,882,25],"class_list":{"0":"post-12589","1":"post","2":"type-post","3":"status-publish","4":"format-standard","5":"has-post-thumbnail","7":"category-marseille","8":"tag-17","9":"tag-actu","10":"tag-actualites","11":"tag-attou","12":"tag-choregraphe","13":"tag-culture","14":"tag-eu","15":"tag-europe","16":"tag-fr","17":"tag-france","18":"tag-hip-hop","19":"tag-kader","20":"tag-marseille","21":"tag-news","22":"tag-pionnier","23":"tag-prelude","24":"tag-presente","25":"tag-provence-alpes-cote-dazur","26":"tag-republique-francaise"},"share_on_mastodon":{"url":"https:\/\/pubeurope.com\/@fr\/114307970501106911","error":""},"_links":{"self":[{"href":"https:\/\/www.europesays.com\/fr\/wp-json\/wp\/v2\/posts\/12589","targetHints":{"allow":["GET"]}}],"collection":[{"href":"https:\/\/www.europesays.com\/fr\/wp-json\/wp\/v2\/posts"}],"about":[{"href":"https:\/\/www.europesays.com\/fr\/wp-json\/wp\/v2\/types\/post"}],"author":[{"embeddable":true,"href":"https:\/\/www.europesays.com\/fr\/wp-json\/wp\/v2\/users\/2"}],"replies":[{"embeddable":true,"href":"https:\/\/www.europesays.com\/fr\/wp-json\/wp\/v2\/comments?post=12589"}],"version-history":[{"count":0,"href":"https:\/\/www.europesays.com\/fr\/wp-json\/wp\/v2\/posts\/12589\/revisions"}],"wp:featuredmedia":[{"embeddable":true,"href":"https:\/\/www.europesays.com\/fr\/wp-json\/wp\/v2\/media\/12590"}],"wp:attachment":[{"href":"https:\/\/www.europesays.com\/fr\/wp-json\/wp\/v2\/media?parent=12589"}],"wp:term":[{"taxonomy":"category","embeddable":true,"href":"https:\/\/www.europesays.com\/fr\/wp-json\/wp\/v2\/categories?post=12589"},{"taxonomy":"post_tag","embeddable":true,"href":"https:\/\/www.europesays.com\/fr\/wp-json\/wp\/v2\/tags?post=12589"}],"curies":[{"name":"wp","href":"https:\/\/api.w.org\/{rel}","templated":true}]}}