{"id":125892,"date":"2025-05-25T01:51:26","date_gmt":"2025-05-25T01:51:26","guid":{"rendered":"https:\/\/www.europesays.com\/fr\/125892\/"},"modified":"2025-05-25T01:51:26","modified_gmt":"2025-05-25T01:51:26","slug":"les-orages-ne-sont-pas-termines-en-gironde-lalerte-meteo-est-declenchee-les-zones-concernees","status":"publish","type":"post","link":"https:\/\/www.europesays.com\/fr\/125892\/","title":{"rendered":"Les orages ne sont pas termin\u00e9s en Gironde, l&rsquo;alerte m\u00e9t\u00e9o est d\u00e9clench\u00e9e : les zones concern\u00e9es"},"content":{"rendered":"<p>            Par<br \/>\n        <strong><br \/>\n            <a href=\"https:\/\/actu.fr\/auteur\/redaction-bordeaux\" title=\"Consulter tous les articles de R\u00e9daction Bordeaux\" target=\"_blank\" rel=\"noopener\">R\u00e9daction Bordeaux<\/a><br \/>\n        <\/strong><\/p>\n<p>        Publi\u00e9 le<\/p>\n<p>            23 mai 2025 \u00e0 11h58<br \/>\n        ; mis \u00e0 jour le 23 mai 2025 \u00e0 12h04    <\/p>\n<p>Quelques jours apr\u00e8s <a href=\"https:\/\/actu.fr\/nouvelle-aquitaine\/langon_33227\/je-nai-jamais-rien-vu-de-tel-en-gironde-la-ville-de-langon-frappee-par-un-violent-orage-de-grele_62619287.html\" target=\"_blank\" rel=\"noopener\">les terribles pluies de gr\u00eale \u00e0 Langon<\/a> et <a href=\"https:\/\/actu.fr\/nouvelle-aquitaine\/bordeaux_33063\/a-bordeaux-les-fans-de-jul-sont-dans-la-panade-a-cause-de-la-sncf_62675934.html\" target=\"_blank\" rel=\"noopener\">les inondations qui impactent les trains au d\u00e9part de Bordeaux,<\/a>\u00a0 les orages n\u2019ont pas dit leur dernier mot en Gironde. Ce vendredi 23 mai 2025, le d\u00e9partement est \u00e0 nouveau <strong>plac\u00e9 en vigilance jaune<\/strong> par M\u00e9t\u00e9o France pour risques d\u2019orages.\u00a0<\/p>\n<p>O\u00f9 pourraient-ils frapper ?<\/p>\n<p class=\" wall-content\">Quelques averses orageuses sont attendues ce midi <a href=\"https:\/\/actu.fr\/bordeaux\/\" target=\"_blank\" rel=\"noopener\">\u00e0 Bordeaux<\/a>, mais c\u2019est surtout dans la partie sud du d\u00e9partement que les orages devraient \u00e9clater. Cet apr\u00e8s-midi, le secteur de <strong>Marcheprime \u00e0 Lerm-et-Musset,\u00a0<\/strong>en passant par Saint-Symphorien ou encore Langon, pourrait \u00eatre touch\u00e9.<\/p>\n<p class=\" wall-content\">La vigilance est valable ce vendredi <strong>de 12h \u00e0 17h\u00a0<\/strong>dans le d\u00e9partement. Les orages ne devraient cependant pas \u00eatre aussi impressionnants que ceux de lundi. Pour rappel, ce jour-l\u00e0, la Gironde a \u00e9t\u00e9 le d\u00e9partement le plus foudroy\u00e9 de France. D\u2019apr\u00e8s Keraunos, l\u2019observatoire fran\u00e7ais des orages violents, 2 394 \u00e9clairs y sont tomb\u00e9s. Deux d\u2019entre eux ont <a href=\"https:\/\/actu.fr\/nouvelle-aquitaine\/salaunes_33494\/orages-deux-maisons-prennent-feu-en-gironde-apres-des-impacts-de-foudre_62658685.html\" target=\"_blank\" rel=\"noopener\">incendi\u00e9 des habitations.<\/a><\/p>\n<p class=\" wall-content\">C\u00f4t\u00e9 <strong>temp\u00e9ratures,<\/strong> elles devraient \u00eatre aux alentours de 20 degr\u00e9s dans tout le d\u00e9partement \u2013 et m\u00eame atteindre les 23 degr\u00e9s dans certaines villes.<\/p>\n<p class=\" wall-content\">Suivez toute l\u2019actualit\u00e9 de vos villes et m\u00e9dias favoris en vous inscrivant \u00e0 <a href=\"https:\/\/moncompte.actu.fr\" title=\"D\u00e9couvez Mon Actu\" rel=\"nofollow noopener\" data-trk=\"{&quot;cta&quot;:{&quot;action&quot;:&quot;https:\\\/\\\/moncompte.actu.fr&quot;,&quot;category&quot;:&quot;mon compte&quot;,&quot;from&quot;:&quot;article footer&quot;,&quot;name&quot;:&quot;Mon actu&quot;,&quot;type&quot;:&quot;cta&quot;}}\" target=\"_blank\">Mon Actu<\/a>.<\/p>\n","protected":false},"excerpt":{"rendered":"Par R\u00e9daction Bordeaux Publi\u00e9 le 23 mai 2025 \u00e0 11h58 ; mis \u00e0 jour le 23 mai 2025&hellip;\n","protected":false},"author":2,"featured_media":125893,"comment_status":"","ping_status":"","sticky":false,"template":"","format":"standard","meta":{"footnotes":""},"categories":[2817],"tags":[1111,11,1997,1777,674,1011,27,2487,2357,12,2219,4594,25],"class_list":{"0":"post-125892","1":"post","2":"type-post","3":"status-publish","4":"format-standard","5":"has-post-thumbnail","7":"category-bordeaux","8":"tag-actu","9":"tag-actualites","10":"tag-bordeaux","11":"tag-eu","12":"tag-europe","13":"tag-fr","14":"tag-france","15":"tag-meteo","16":"tag-meteo-france","17":"tag-news","18":"tag-nouvelle-aquitaine","19":"tag-orages","20":"tag-republique-francaise"},"share_on_mastodon":{"url":"https:\/\/pubeurope.com\/@fr\/114565970885289412","error":""},"_links":{"self":[{"href":"https:\/\/www.europesays.com\/fr\/wp-json\/wp\/v2\/posts\/125892","targetHints":{"allow":["GET"]}}],"collection":[{"href":"https:\/\/www.europesays.com\/fr\/wp-json\/wp\/v2\/posts"}],"about":[{"href":"https:\/\/www.europesays.com\/fr\/wp-json\/wp\/v2\/types\/post"}],"author":[{"embeddable":true,"href":"https:\/\/www.europesays.com\/fr\/wp-json\/wp\/v2\/users\/2"}],"replies":[{"embeddable":true,"href":"https:\/\/www.europesays.com\/fr\/wp-json\/wp\/v2\/comments?post=125892"}],"version-history":[{"count":0,"href":"https:\/\/www.europesays.com\/fr\/wp-json\/wp\/v2\/posts\/125892\/revisions"}],"wp:featuredmedia":[{"embeddable":true,"href":"https:\/\/www.europesays.com\/fr\/wp-json\/wp\/v2\/media\/125893"}],"wp:attachment":[{"href":"https:\/\/www.europesays.com\/fr\/wp-json\/wp\/v2\/media?parent=125892"}],"wp:term":[{"taxonomy":"category","embeddable":true,"href":"https:\/\/www.europesays.com\/fr\/wp-json\/wp\/v2\/categories?post=125892"},{"taxonomy":"post_tag","embeddable":true,"href":"https:\/\/www.europesays.com\/fr\/wp-json\/wp\/v2\/tags?post=125892"}],"curies":[{"name":"wp","href":"https:\/\/api.w.org\/{rel}","templated":true}]}}