{"id":125898,"date":"2025-05-25T01:54:11","date_gmt":"2025-05-25T01:54:11","guid":{"rendered":"https:\/\/www.europesays.com\/fr\/125898\/"},"modified":"2025-05-25T01:54:11","modified_gmt":"2025-05-25T01:54:11","slug":"un-an-apres-le-cauchemar-contre-toulouse-bordeaux-retrouve-sa-fierte","status":"publish","type":"post","link":"https:\/\/www.europesays.com\/fr\/125898\/","title":{"rendered":"un an apr\u00e8s le \u00ab\u00a0cauchemar\u00a0\u00bb contre Toulouse, Bordeaux retrouve sa fiert\u00e9"},"content":{"rendered":"<p>            Par<br \/>\n        <strong><br \/>\n            <a href=\"https:\/\/actu.fr\/auteur\/anthony-tallieu-actu-fr\" title=\"Consulter tous les articles de Anthony Tallieu\" target=\"_blank\" rel=\"noopener\">Anthony Tallieu<\/a><br \/>\n        <\/strong><\/p>\n<p>        Publi\u00e9 le<\/p>\n<p>            24 mai 2025 \u00e0 19h48        <\/p>\n<p>Ce 24 mai 2025 est un jour \u00e0 marquer d\u2019une pierre blanche pour l\u2019<strong>Union Bordeaux-B\u00e8gles<\/strong>. En battant logiquement Northampton en <a href=\"https:\/\/actu.fr\/sports\/rugby\/coupe-deurope\/champions-cup-bordeaux-realise-son-reve-europeen-ce-qui-nous-a-plu-et-deplu_62683809.html\" target=\"_blank\" rel=\"noopener\">finale de la Champions Cup<\/a> (28-20), le club girondin s\u2019est offert son premier troph\u00e9e depuis la cr\u00e9ation de l\u2019entit\u00e9 UBB, issue de la fusion en 2006 du Stade bordelais et du CA B\u00e8gles. Une d\u00e9livrance pour les joueurs et leur public, qui souffraient jusqu\u2019alors des moqueries sur cette fameuse armoire \u00e0 troph\u00e9e sans troph\u00e9e.<\/p>\n<p>Pour Bordeaux, la revanche dans la peau<\/p>\n<p class=\" wall-content\">Un exutoire aussi, onze mois apr\u00e8s ce soir traumatique du 28 juin 2024 et cette finale de Top 14, la premi\u00e8re de l\u2019histoire de l\u2019UBB, qui avait tourn\u00e9 en fess\u00e9e cul nul administr\u00e9e par le Stade toulousain (59-3). De cette humiliation \u00e9tait n\u00e9e une soif de revanche, qui a plus que transpir\u00e9 dans les r\u00e9actions d\u2019apr\u00e8s-match de cette finale europ\u00e9enne face aux Saints.<\/p>\n<p class=\" wall-content\">\u00ab\u00a0On est super fiers d\u2019eux, a souffl\u00e9 le manager Yannick Bru quelques secondes apr\u00e8s le coup de sifflet finale au micro de France 2. La saison derni\u00e8re s\u2019\u00e9tait termin\u00e9e sur un cauchemar. Le public ne voit pas tout ce qu\u2019ils ont accompli derri\u00e8re la sc\u00e8ne mais il a fallu se relever, travailler\u2026 (\u2026) La deuxi\u00e8me mi-temps \u00e9tait un peu \u00e9touffante pour nous, on a senti la pression de ce premier troph\u00e9e arriver, mais on ne voulait pas qu\u2019il nous \u00e9chappe.\u00a0\u00bb<\/p>\n<p class=\" wall-content\">\n<p class=\" wall-content\">De fait, on n\u2019a pas vu samedi l\u2019Union tueuse des tours pr\u00e9c\u00e9dents. Une pression qui lui a fait rater de nombreux coups et laiss\u00e9 Northampton en vie jusqu\u2019au bout. Mais sans donner non plus \u00e0 cet adversaire valeureux mati\u00e8re \u00e0 renverser la vapeur.<\/p>\n<p>\u00ab\u00a0On s\u2019\u00e9tait dit qu\u2019on ne voulait plus jamais revivre \u00e7a\u00a0\u00bb<\/p>\n<p class=\" wall-content\">\u00c9galement interrog\u00e9 par France TV, Damian Penaud, auteur d\u2019un doubl\u00e9 \u00e0 Cardiff, a lui aussi mentionn\u00e9 le souvenir douloureux de l\u2019an dernier dont lui et ses partenaires se sont s\u00fbrement servis pour ne pas laisser \u00e9chapper cette finale de Champions Cup. \u00ab\u00a0On s\u2019\u00e9tait dit qu\u2019on ne voulait plus jamais revivre \u00e7a car on avait pris une le\u00e7on.\u00ab\u00a0<\/p>\n<p class=\" wall-content\">Cette fois, point de le\u00e7on, si ce n\u2019est que la patience et le travail finissent toujours par payer, et une joie immense, traduite par la r\u00e9action pleine de spontan\u00e9it\u00e9 de Matthieu Jalibert, un des hommes de cette finale, cette fois au micro de BeIN Sports.<\/p>\n<p>Vid\u00e9os : en ce moment sur Actu<\/p>\n<p class=\" wall-content\">\u00ab\u00a0Quelle putain d\u2019histoire ! D\u2019o\u00f9 on revient, l\u2019ann\u00e9e derni\u00e8re apr\u00e8s cette finale\u2026. On avait tous la t\u00eate au fond du seau et on s\u2019\u00e9tait promis qu\u2019on reviendrait en finale d\u2019une des deux comp\u00e9titions. Aujourd\u2019hui on va le chercher et c\u2019est exceptionnel. On est champions d\u2019Europe bordel !\u00a0\u00bb La premi\u00e8re page glorieuse d\u2019un nouveau chapitre pour l\u2019UBB.<\/p>\n<p class=\" wall-content\">Suivez toute l\u2019actualit\u00e9 de vos villes et m\u00e9dias favoris en vous inscrivant \u00e0 <a href=\"https:\/\/moncompte.actu.fr\" title=\"D\u00e9couvez Mon Actu\" rel=\"nofollow noopener\" data-trk=\"{&quot;cta&quot;:{&quot;action&quot;:&quot;https:\\\/\\\/moncompte.actu.fr&quot;,&quot;category&quot;:&quot;mon compte&quot;,&quot;from&quot;:&quot;article footer&quot;,&quot;name&quot;:&quot;Mon actu&quot;,&quot;type&quot;:&quot;cta&quot;}}\" target=\"_blank\">Mon Actu<\/a>.<\/p>\n","protected":false},"excerpt":{"rendered":"Par Anthony Tallieu Publi\u00e9 le 24 mai 2025 \u00e0 19h48 Ce 24 mai 2025 est un jour \u00e0&hellip;\n","protected":false},"author":2,"featured_media":125899,"comment_status":"","ping_status":"","sticky":false,"template":"","format":"standard","meta":{"footnotes":""},"categories":[2816],"tags":[1111,11,3460,1089,1777,674,1011,27,24802,12,2680,25,479,60,2312,4435],"class_list":{"0":"post-125898","1":"post","2":"type-post","3":"status-publish","4":"format-standard","5":"has-post-thumbnail","7":"category-toulouse","8":"tag-actu","9":"tag-actualites","10":"tag-champions-cup","11":"tag-coupe-deurope","12":"tag-eu","13":"tag-europe","14":"tag-fr","15":"tag-france","16":"tag-matthieu-jalibert","17":"tag-news","18":"tag-occitanie","19":"tag-republique-francaise","20":"tag-rugby","21":"tag-sports","22":"tag-toulouse","23":"tag-ubb-union-bordeaux-begles"},"share_on_mastodon":{"url":"https:\/\/pubeurope.com\/@fr\/114565982653621742","error":""},"_links":{"self":[{"href":"https:\/\/www.europesays.com\/fr\/wp-json\/wp\/v2\/posts\/125898","targetHints":{"allow":["GET"]}}],"collection":[{"href":"https:\/\/www.europesays.com\/fr\/wp-json\/wp\/v2\/posts"}],"about":[{"href":"https:\/\/www.europesays.com\/fr\/wp-json\/wp\/v2\/types\/post"}],"author":[{"embeddable":true,"href":"https:\/\/www.europesays.com\/fr\/wp-json\/wp\/v2\/users\/2"}],"replies":[{"embeddable":true,"href":"https:\/\/www.europesays.com\/fr\/wp-json\/wp\/v2\/comments?post=125898"}],"version-history":[{"count":0,"href":"https:\/\/www.europesays.com\/fr\/wp-json\/wp\/v2\/posts\/125898\/revisions"}],"wp:featuredmedia":[{"embeddable":true,"href":"https:\/\/www.europesays.com\/fr\/wp-json\/wp\/v2\/media\/125899"}],"wp:attachment":[{"href":"https:\/\/www.europesays.com\/fr\/wp-json\/wp\/v2\/media?parent=125898"}],"wp:term":[{"taxonomy":"category","embeddable":true,"href":"https:\/\/www.europesays.com\/fr\/wp-json\/wp\/v2\/categories?post=125898"},{"taxonomy":"post_tag","embeddable":true,"href":"https:\/\/www.europesays.com\/fr\/wp-json\/wp\/v2\/tags?post=125898"}],"curies":[{"name":"wp","href":"https:\/\/api.w.org\/{rel}","templated":true}]}}