{"id":125903,"date":"2025-05-25T01:59:23","date_gmt":"2025-05-25T01:59:23","guid":{"rendered":"https:\/\/www.europesays.com\/fr\/125903\/"},"modified":"2025-05-25T01:59:23","modified_gmt":"2025-05-25T01:59:23","slug":"polemique-a-lyon-15-million-deuros-pour-une-oeuvre-de-tissage-urbain-censee-rafraichir-la-place-bellecour","status":"publish","type":"post","link":"https:\/\/www.europesays.com\/fr\/125903\/","title":{"rendered":"Pol\u00e9mique \u00e0 Lyon\u00a0: 1,5\u00a0million d\u2019euros pour une \u0153uvre de tissage urbain cens\u00e9e rafra\u00eechir la place Bellecour"},"content":{"rendered":"<p class=\"paragraph text_align_left\">Dans le projet de d\u00e9part, la <a href=\"https:\/\/www.leparisien.fr\/rhone-69\/a-lyon-les-publicites-xxl-de-la-place-bellecour-fachent-les-elus-20-04-2024-JAFOJBTGHRAQFODSEVYJRKZH3Q.php\" target=\"_self\" rel=\"noopener\">place Bellecour<\/a> \u2015 l\u2019un des points chauds de la ville de Lyon l\u2019\u00e9t\u00e9 \u2015 devait \u00eatre v\u00e9g\u00e9talis\u00e9e afin d\u2019apporter fra\u00eecheur et ombre aux passants. C\u2019\u00e9tait le souhait exprim\u00e9 par les habitants dans le cadre du budget participatif. Mais en raison de contraintes techniques trop importantes (pr\u00e9sence du m\u00e9tro, parking souterrain), plut\u00f4t que des arbres, c\u2019est finalement une \u0153uvre de tissage urbain \u00e9ph\u00e9m\u00e8re de 1 500 m2, traversant la plus grande place de Lyon (<a href=\"https:\/\/www.leparisien.fr\/rhone-69\/\" target=\"_self\" rel=\"noopener\">Rh\u00f4ne<\/a>),<b> <\/b>qui a \u00e9t\u00e9 retenue.<\/p>\n<p class=\"paragraph text_align_left\">La mairie \u00e9cologiste \u2015 tr\u00e8s critiqu\u00e9e par les \u00e9lus d\u2019opposition qui d\u00e9noncent une gabegie d\u2019argent public \u2015 a investi 1,5 million d\u2019euros dans le projet. L\u2019installation, constitu\u00e9e de voilages (un clin d\u2019\u0153il aux m\u00e9tiers \u00e0 tisser des canuts) de couleur jaune &#8211; orange, tenue par des c\u00e2bles m\u00e9talliques fix\u00e9s sur des arches en bois, est en cours d\u2019am\u00e9nagement.<\/p>\n<p>Des cam\u00e9ras pour surveiller l\u2019\u0153uvre<\/p>\n<p class=\"paragraph text_align_left\">Les habitants ont pu d\u00e9couvrir ces derniers jours la premi\u00e8re partie de l\u2019\u0153uvre qui sera install\u00e9e pour une dur\u00e9e de cinq ans. Et les avis sont partag\u00e9s : \u00ab Cette place \u00e9tait vide. Je trouve cette \u0153uvre moderne. J\u2019aime bien les mat\u00e9riaux. \u00bb Un autre passant appr\u00e9cie les couleurs des bandes de tissus suspendues \u00e0 5 m de hauteur. Il s\u2019interroge cependant sur leur efficacit\u00e9 contre le soleil lorsqu\u2019il fera plus de 35 degr\u00e9s cet \u00e9t\u00e9 : \u00ab C\u2019est plut\u00f4t joli mais \u00e0 quoi \u00e7a sert ? J\u2019ai du mal \u00e0 croire que ces voiles nous prot\u00e8gent, surtout en cas de vent. \u00bb<\/p>\n<p class=\"paragraph text_align_left\">Sur ce point, l\u2019artiste Romain Froquet qui a imagin\u00e9 l\u2019\u0153uvre a tout pr\u00e9vu. Les larges bandeaux de tissus ont \u00e9t\u00e9 con\u00e7us pour r\u00e9sister \u00e0 des rafales de 100 km\/h et ont \u00e9t\u00e9 ignifug\u00e9s afin d\u2019anticiper les d\u00e9parts de feux lors de manifestations. Pour assurer la s\u00e9curit\u00e9 de l\u2019\u0153uvre et par crainte des d\u00e9gradations, le syst\u00e8me de vid\u00e9osurveillance de la place Bellecour a \u00e9galement \u00e9t\u00e9 renforc\u00e9.<\/p>\n","protected":false},"excerpt":{"rendered":"Dans le projet de d\u00e9part, la place Bellecour \u2015 l\u2019un des points chauds de la ville de Lyon&hellip;\n","protected":false},"author":2,"featured_media":125904,"comment_status":"","ping_status":"","sticky":false,"template":"","format":"standard","meta":{"footnotes":""},"categories":[1889],"tags":[1111,11,2430,459,1777,674,1011,27,2428,12,25,11244],"class_list":{"0":"post-125903","1":"post","2":"type-post","3":"status-publish","4":"format-standard","5":"has-post-thumbnail","7":"category-lyon","8":"tag-actu","9":"tag-actualites","10":"tag-auvergne-rhone-alpes","11":"tag-departements-horsidfo","12":"tag-eu","13":"tag-europe","14":"tag-fr","15":"tag-france","16":"tag-lyon","17":"tag-news","18":"tag-republique-francaise","19":"tag-rhone-69"},"share_on_mastodon":{"url":"https:\/\/pubeurope.com\/@fr\/114566002360849988","error":""},"_links":{"self":[{"href":"https:\/\/www.europesays.com\/fr\/wp-json\/wp\/v2\/posts\/125903","targetHints":{"allow":["GET"]}}],"collection":[{"href":"https:\/\/www.europesays.com\/fr\/wp-json\/wp\/v2\/posts"}],"about":[{"href":"https:\/\/www.europesays.com\/fr\/wp-json\/wp\/v2\/types\/post"}],"author":[{"embeddable":true,"href":"https:\/\/www.europesays.com\/fr\/wp-json\/wp\/v2\/users\/2"}],"replies":[{"embeddable":true,"href":"https:\/\/www.europesays.com\/fr\/wp-json\/wp\/v2\/comments?post=125903"}],"version-history":[{"count":0,"href":"https:\/\/www.europesays.com\/fr\/wp-json\/wp\/v2\/posts\/125903\/revisions"}],"wp:featuredmedia":[{"embeddable":true,"href":"https:\/\/www.europesays.com\/fr\/wp-json\/wp\/v2\/media\/125904"}],"wp:attachment":[{"href":"https:\/\/www.europesays.com\/fr\/wp-json\/wp\/v2\/media?parent=125903"}],"wp:term":[{"taxonomy":"category","embeddable":true,"href":"https:\/\/www.europesays.com\/fr\/wp-json\/wp\/v2\/categories?post=125903"},{"taxonomy":"post_tag","embeddable":true,"href":"https:\/\/www.europesays.com\/fr\/wp-json\/wp\/v2\/tags?post=125903"}],"curies":[{"name":"wp","href":"https:\/\/api.w.org\/{rel}","templated":true}]}}