{"id":125906,"date":"2025-05-25T02:03:11","date_gmt":"2025-05-25T02:03:11","guid":{"rendered":"https:\/\/www.europesays.com\/fr\/125906\/"},"modified":"2025-05-25T02:03:11","modified_gmt":"2025-05-25T02:03:11","slug":"marie-antoinette-katoto-annonce-son-depart-du-psg-france-paris-saint-germain-f","status":"publish","type":"post","link":"https:\/\/www.europesays.com\/fr\/125906\/","title":{"rendered":"Marie-Antoinette Katoto annonce son d\u00e9part du PSG &#8211; France &#8211; Paris Saint-Germain (F)"},"content":{"rendered":"<p>Rouge et bleu sont ses couleurs.<\/p>\n<p>Annonc\u00e9 avec insistance depuis plusieurs mois, Marie-Antoinette Katoto a enfin d\u00e9voil\u00e9 le secret de polichinelle qui entourait son d\u00e9part du PSG. Libre \u00e0 la fin de cette saison et apr\u00e8s de multiples tensions au sein du club de la capitale avec l\u2019ancien entra\u00eeneur Fabrice Abriel, puis <a target=\"_blank\" href=\"https:\/\/www.sofoot.com\/breves\/katoto-et-le-directeur-sportif-du-psg-proches-den-venir-aux-mains-lors-dune-reunion\" rel=\"nofollow noopener\">l\u2019accrochage avec Angelo Castellazzi<\/a>, directeur sportif de la section f\u00e9minine du club, MAK a donc annonc\u00e9 sur son compte Instagram <strong>qu\u2019elle allait quitter son club formateur<\/strong> apr\u00e8s quatorze saisons.<\/p>\n<p>Direction Lyon ?<\/p>\n<p>Selon les informations d\u00e9voil\u00e9es <a target=\"_blank\" href=\"https:\/\/www.lequipe.fr\/Football\/Article\/Desormais-remplacante-a-l-ol-ada-hegerberg-cherche-la-lumiere\/1549576\" rel=\"nofollow noopener\">par L\u2019Equipe<\/a> il y a d\u00e9j\u00e0 plusieurs mois, <strong>l\u2019avenir de l\u2019avant-centre des Bleues devrait se jouer du c\u00f4t\u00e9 de la capitale des Gaules<\/strong> o\u00f9 elle retrouverait ses anciennes co\u00e9quipi\u00e8res qui ont r\u00e9alis\u00e9 ce m\u00eame chemin les saisons pr\u00e9c\u00e9dentes : Kadidiatou Diani et Tabitha Chawinga. Toujours <a target=\"_blank\" href=\"https:\/\/www.lequipe.fr\/Football\/Actualites\/Kelly-gago-pistee-par-le-psg-pour-remplacer-marie-antoinette-katoto\/1553738\" rel=\"nofollow noopener\">selon L\u2019Equipe<\/a>, sa rempla\u00e7ante sur le front de l\u2019attaque parisienne serait toute trouv\u00e9e puisque <strong>l\u2019internationale tricolore Kelly Gago<\/strong>, actuellement \u00e0 Everton apr\u00e8s son d\u00e9part de Nantes au dernier mercato hivernal, serait sur les tablettes du club parisien.<\/p>\n<p>Heureusement que Lyon n\u2019est qu\u2019\u00e0 deux heures de train de Paris.<\/p>\n<p>\t\t\t\t\t\t\t\t\t\t<a class=\"lien-connexe\" href=\"https:\/\/www.sofoot.com\/breves\/kheira-hamraoui-porte-plainte-contre-le-psg-pour-harcelement-moral\" rel=\"nofollow noopener\" target=\"_blank\">Kheira Hamraoui porte plainte contre le PSG pour \u00ab\u202fharc\u00e8lement moral\u202f\u00bb<\/a>\t\t\t\t\t<\/p>\n","protected":false},"excerpt":{"rendered":"Rouge et bleu sont ses couleurs. Annonc\u00e9 avec insistance depuis plusieurs mois, Marie-Antoinette Katoto a enfin d\u00e9voil\u00e9 le&hellip;\n","protected":false},"author":2,"featured_media":125907,"comment_status":"","ping_status":"","sticky":false,"template":"","format":"standard","meta":{"footnotes":""},"categories":[1888],"tags":[1111,1928,47,11,1927,61,69,65,64,1777,674,63,1011,27,68,66,12,62,1926,626,1925,70,25,67],"class_list":{"0":"post-125906","1":"post","2":"type-post","3":"status-publish","4":"format-standard","5":"has-post-thumbnail","7":"category-paris","8":"tag-actu","9":"tag-actu-paris","10":"tag-actualite","11":"tag-actualites","12":"tag-actualites-paris","13":"tag-actus-football","14":"tag-bundesliga","15":"tag-championnats-europeens","16":"tag-equipe-de-france","17":"tag-eu","18":"tag-europe","19":"tag-football","20":"tag-fr","21":"tag-france","22":"tag-ligua","23":"tag-ligue-1","24":"tag-news","25":"tag-news-foot","26":"tag-news-paris","27":"tag-paris","28":"tag-paris-news","29":"tag-premier-league","30":"tag-republique-francaise","31":"tag-serie-a"},"share_on_mastodon":{"url":"https:\/\/pubeurope.com\/@fr\/114566018028141696","error":""},"_links":{"self":[{"href":"https:\/\/www.europesays.com\/fr\/wp-json\/wp\/v2\/posts\/125906","targetHints":{"allow":["GET"]}}],"collection":[{"href":"https:\/\/www.europesays.com\/fr\/wp-json\/wp\/v2\/posts"}],"about":[{"href":"https:\/\/www.europesays.com\/fr\/wp-json\/wp\/v2\/types\/post"}],"author":[{"embeddable":true,"href":"https:\/\/www.europesays.com\/fr\/wp-json\/wp\/v2\/users\/2"}],"replies":[{"embeddable":true,"href":"https:\/\/www.europesays.com\/fr\/wp-json\/wp\/v2\/comments?post=125906"}],"version-history":[{"count":0,"href":"https:\/\/www.europesays.com\/fr\/wp-json\/wp\/v2\/posts\/125906\/revisions"}],"wp:featuredmedia":[{"embeddable":true,"href":"https:\/\/www.europesays.com\/fr\/wp-json\/wp\/v2\/media\/125907"}],"wp:attachment":[{"href":"https:\/\/www.europesays.com\/fr\/wp-json\/wp\/v2\/media?parent=125906"}],"wp:term":[{"taxonomy":"category","embeddable":true,"href":"https:\/\/www.europesays.com\/fr\/wp-json\/wp\/v2\/categories?post=125906"},{"taxonomy":"post_tag","embeddable":true,"href":"https:\/\/www.europesays.com\/fr\/wp-json\/wp\/v2\/tags?post=125906"}],"curies":[{"name":"wp","href":"https:\/\/api.w.org\/{rel}","templated":true}]}}