{"id":125910,"date":"2025-05-25T02:05:10","date_gmt":"2025-05-25T02:05:10","guid":{"rendered":"https:\/\/www.europesays.com\/fr\/125910\/"},"modified":"2025-05-25T02:05:10","modified_gmt":"2025-05-25T02:05:10","slug":"tom-odell-en-concert-a-laccor-arena-de-paris-en-octobre-2025-news-rockurlife","status":"publish","type":"post","link":"https:\/\/www.europesays.com\/fr\/125910\/","title":{"rendered":"Tom Odell : en concert \u00e0 l&rsquo;Accor Arena de Paris en octobre 2025 ! &#8211; News &#8211; RockUrLife"},"content":{"rendered":"<p>Apr\u00e8s avoir \u00e9mu le public dans des salles intimistes et foul\u00e9 les plus grandes sc\u00e8nes aux c\u00f4t\u00e9s de <strong>Billie Eilish<\/strong>, <strong>Tom Odell<\/strong> voit les choses en grand. Le Britannique annonce une nouvelle tourn\u00e9e d\u2019envergure avec un concert \u00e9v\u00e9nement dans la capitale !<\/p>\n<p>Cette s\u00e9rie de dates baptis\u00e9e <strong>Wonderful Life Tour<\/strong>, qui s\u2019arr\u00eatera le <strong>vendredi 31 octobre 2025 \u00e0 l\u2019Accor Arena<\/strong>, accompagnera la sortie de son septi\u00e8me album, <strong>A Wonderful Life<\/strong>, attendu pour le 5 septembre. Fid\u00e8le \u00e0 sa plume \u00e0 fleur de peau, l\u2019auteur-compositeur y m\u00eale lucidit\u00e9 sociale et \u00e9clats d\u2019espoir, explorant les paradoxes d\u2019un monde en tension, avec l\u2019\u00e9l\u00e9gance et la sensibilit\u00e9 qui font sa signature.<\/p>\n<p>Depuis ses d\u00e9buts en 2012, <strong>Tom Odell<\/strong> n\u2019a cess\u00e9 de toucher un public de plus en plus large. Son incontournable \u201cAnother Love\u201d continue de traverser les g\u00e9n\u00e9rations et les plateformes, d\u00e9passant les 3 milliards de streams sur <strong>Spotify<\/strong> et s\u2019imposant dans le Top 50 des titres les plus utilis\u00e9s sur <strong>TikTok<\/strong>.<\/p>\n<p>Pr\u00e9vente Alias \u00e0 partir de ce mercredi 28 mai \u00e0 15h, <a href=\"https:\/\/l.facebook.com\/l.php?u=https%3A%2F%2Fpage.delight-data.com%2Ftom-odell-accor-arena-prevente.html%3Ffbclid%3DIwZXh0bgNhZW0CMTAAYnJpZBEwVkF5WHlpQjNKVERUSWZOTwEenyN03c3xcbfzDrD2L7kKJM0-NxZPSwnMN4RPzEmzcNjMBoLTVbq5KdWoHGU_aem_D4m5LxhWc8-YAevxVchA1Q&amp;h=AT0z512-1McrT8aKjEZaNiOk-xB7EX5tG2lmcAri4g0pq-GqcagOzmUF_V_bWa2fSk1kUa2--KYuc2GFPUvJad6cC7Kfc68uSZit3CwrecSLD2TF6j6edDVjmzwWR9WWRkmI3V2UmrgRQll-1uDoIUChwaTtSKj-vUk&amp;__tn__=-UK*F&amp;c[0]=AT2om2FcY83qxJFhTIB0NlF0KqFf_3VdQTSelSJW4eBMkScMcoPOi0WQ25vO2LTNMIAdk-6_DmOTrbaM6wXGBuru1t4g0paG2cNP7dJ_11Rc6I3oKWwc7Vhl7sMuTU8kZw75iuV0U9PAa8uX5ClQ0pDP1Z2dsWtGZix4uvkWWjUc-ic3EZZVa-agwkvPy6zpMrZBxHuUmH89zj5Rd5clBmdzGbh-\" target=\"_blank\" rel=\"noopener\">ici<\/a>, et mise en vente g\u00e9n\u00e9rale le vendredi 30 mai \u00e0 11h, par <a href=\"https:\/\/l.facebook.com\/l.php?u=https%3A%2F%2Ftix.to%2Fto_parisFB%2Fctjob%3Ffbclid%3DIwZXh0bgNhZW0CMTAAYnJpZBEwVkF5WHlpQjNKVERUSWZOTwEeZ8xkdemtDtFMoqlZXEs23nATEUCSl0b2dQuU-AqsU0dkr28mehptPyl7JKg_aem___E6F4eWXbZBFd9yKPC0Kg&amp;h=AT1-gaO6fkKSMhnJjwWOaMw-GCSvh_2hKZJObqgKNvebzkGBdviVxAcECBZyiGI7gW-929A3Y-MaxsoTktgSIWx_qoueWACRCbQwU4u2Qjn8ZBqOyX9KTEni-geMHHoKhOPXqRbwSKCXei42V1cQlT3ojRc5JWLjva0&amp;__tn__=-UK*F&amp;c[0]=AT2om2FcY83qxJFhTIB0NlF0KqFf_3VdQTSelSJW4eBMkScMcoPOi0WQ25vO2LTNMIAdk-6_DmOTrbaM6wXGBuru1t4g0paG2cNP7dJ_11Rc6I3oKWwc7Vhl7sMuTU8kZw75iuV0U9PAa8uX5ClQ0pDP1Z2dsWtGZix4uvkWWjUc-ic3EZZVa-agwkvPy6zpMrZBxHuUmH89zj5Rd5clBmdzGbh-\" target=\"_blank\" rel=\"noopener\">l\u00e0<\/a>.<\/p>\n<p>Rendez-vous le 31 octobre 2025 \u00e0 <strong>l\u2019Accor Arena<\/strong> pour d\u00e9couvrir <strong>A Wonderful Life<\/strong> en live, dans une nouvelle dimension sc\u00e9nique !<\/p>\n<p><img loading=\"lazy\" decoding=\"async\" width=\"819\" height=\"1024\" src=\"https:\/\/www.europesays.com\/fr\/wp-content\/uploads\/2025\/05\/500031923_1143259754505708_1319863694803544664_n-819x1024.jpg\" alt=\"\" class=\"wp-image-222616\"\/><\/p>\n<p>Artwork et tracklisting de <strong>A Wonderful Life<\/strong><\/p>\n<p><img loading=\"lazy\" decoding=\"async\" width=\"500\" height=\"500\" src=\"https:\/\/www.europesays.com\/fr\/wp-content\/uploads\/2025\/05\/IMG_6335-500x500.jpeg.webp.webp\" alt=\"\" class=\"wp-image-222620\"\/><\/p>\n","protected":false},"excerpt":{"rendered":"Apr\u00e8s avoir \u00e9mu le public dans des salles intimistes et foul\u00e9 les plus grandes sc\u00e8nes aux c\u00f4t\u00e9s de&hellip;\n","protected":false},"author":2,"featured_media":125911,"comment_status":"","ping_status":"","sticky":false,"template":"","format":"standard","meta":{"footnotes":""},"categories":[1888],"tags":[8677,11,1777,674,1011,27,12,626,25,24914,24915],"class_list":{"0":"post-125910","1":"post","2":"type-post","3":"status-publish","4":"format-standard","5":"has-post-thumbnail","7":"category-paris","8":"tag-accor-arena","9":"tag-actualites","10":"tag-eu","11":"tag-europe","12":"tag-fr","13":"tag-france","14":"tag-news","15":"tag-paris","16":"tag-republique-francaise","17":"tag-tom-odell","18":"tag-wonderful-life-tour"},"share_on_mastodon":{"url":"https:\/\/pubeurope.com\/@fr\/114566026473775936","error":""},"_links":{"self":[{"href":"https:\/\/www.europesays.com\/fr\/wp-json\/wp\/v2\/posts\/125910","targetHints":{"allow":["GET"]}}],"collection":[{"href":"https:\/\/www.europesays.com\/fr\/wp-json\/wp\/v2\/posts"}],"about":[{"href":"https:\/\/www.europesays.com\/fr\/wp-json\/wp\/v2\/types\/post"}],"author":[{"embeddable":true,"href":"https:\/\/www.europesays.com\/fr\/wp-json\/wp\/v2\/users\/2"}],"replies":[{"embeddable":true,"href":"https:\/\/www.europesays.com\/fr\/wp-json\/wp\/v2\/comments?post=125910"}],"version-history":[{"count":0,"href":"https:\/\/www.europesays.com\/fr\/wp-json\/wp\/v2\/posts\/125910\/revisions"}],"wp:featuredmedia":[{"embeddable":true,"href":"https:\/\/www.europesays.com\/fr\/wp-json\/wp\/v2\/media\/125911"}],"wp:attachment":[{"href":"https:\/\/www.europesays.com\/fr\/wp-json\/wp\/v2\/media?parent=125910"}],"wp:term":[{"taxonomy":"category","embeddable":true,"href":"https:\/\/www.europesays.com\/fr\/wp-json\/wp\/v2\/categories?post=125910"},{"taxonomy":"post_tag","embeddable":true,"href":"https:\/\/www.europesays.com\/fr\/wp-json\/wp\/v2\/tags?post=125910"}],"curies":[{"name":"wp","href":"https:\/\/api.w.org\/{rel}","templated":true}]}}