{"id":125912,"date":"2025-05-25T02:06:24","date_gmt":"2025-05-25T02:06:24","guid":{"rendered":"https:\/\/www.europesays.com\/fr\/125912\/"},"modified":"2025-05-25T02:06:24","modified_gmt":"2025-05-25T02:06:24","slug":"psg-reims-3-0-paris-label-coupe","status":"publish","type":"post","link":"https:\/\/www.europesays.com\/fr\/125912\/","title":{"rendered":"PSG-Reims (3-0)\u00a0: Paris, label Coupe !"},"content":{"rendered":"<p class=\"paragraph text_align_left\">Malgr\u00e9 sa jeunesse, le <a href=\"https:\/\/www.leparisien.fr\/sports\/football\/psg\/\" target=\"_blank\" rel=\"noreferrer nofollow noopener\">PSG <\/a>ne tombera pas dans le pi\u00e8ge en pensant que toutes les finales peuvent aussi bien finir, avec une Coupe et sans souffrir et m\u00eame de la gestion \u00e0 l\u2019heure de jeu. Une semaine avant Munich et la <a href=\"https:\/\/www.leparisien.fr\/sports\/football\/ligue-des-champions\/\" target=\"_blank\" rel=\"noreferrer nofollow noopener\">Ligue des champions<\/a> contre l\u2019Inter Milan, il s\u2019est \u00e0 peine fatigu\u00e9 pour d\u00e9crocher un nouveau doubl\u00e9 Coupe &#8211; championnat, le deuxi\u00e8me de l\u2019\u00e8re Luis Enrique, qui aura donc d\u2019ores et d\u00e9j\u00e0 r\u00e9ussi \u00e0 faire mieux que la saison derni\u00e8re. Le voil\u00e0 nanti des deux titres nationaux, d\u2019un Troph\u00e9e des champions et donc en finale de la plus prestigieuse et plus relev\u00e9e des comp\u00e9titions entre clubs au monde.<\/p>\n<p class=\"lp-f-ui-06 bet-widget_legal-notices lp-color-text-muted lp-mb-07\">LES JEUX D&rsquo;ARGENT ET DE HASARD PEUVENT \u00caTRE DANGEREUX : PERTES D&rsquo;ARGENT, CONFLITS FAMILIAUX, ADDICTION\u2026 RETROUVEZ NOS CONSEILS SUR <a href=\"https:\/\/joueurs-info-service.fr\/\" class=\"lp-color-text-muted\" rel=\"nofollow noopener\" target=\"_blank\">JOUEURS-INFO-SERVICE.FR<\/a> (09 74 75 13 13 &#8211; APPEL NON SURTAX\u00c9)<\/p>\n<p><img decoding=\"async\" class=\"image \" loading=\"lazy\" src=\"https:\/\/www.europesays.com\/fr\/wp-content\/uploads\/2025\/05\/MW7RQUBUXJGZRH7GO5N3J3W5NQ.jpg\" alt=\"\" align=\"\" data-rubrique-principale=\"\" data-article-type=\"\" fetchpriority=\"auto\"\/><\/p>\n<p class=\"paragraph text_align_left\">Il ne tirera sans doute rien de cette large victoire en Coupe de France contre des R\u00e9mois bloqu\u00e9s dans un espace-temps compris entre le nul et le m\u00e9diocre. Mais il pourra quand m\u00eame s\u2019en servir pour gonfler la confiance du moment de son \u00e9quipe, rallier Munich dans la joie et un climat d\u2019euphorie, avec des joueurs toujours aussi arm\u00e9s pour passer du rien d\u2019une fin de championnat sans enjeu \u00e0 la concentration des grands soirs, avec une Coupe de France en jeu.<\/p>\n<p>Pr\u00eat pour le plus grand d\u00e9fi de son histoire<\/p>\n<p class=\"paragraph text_align_left\">Il n\u2019avait pas de doutes mais si l\u2019Inter croit les Parisiens un peu d\u00e9connect\u00e9s, le succ\u00e8s au Stade de France rappelle l\u2019app\u00e9tit intact et vorace du PSG, pr\u00eat pour le plus grand d\u00e9fi de son histoire \u00e0 l\u2019Allianz Arena. Il n\u2019y a aucune ombre au tableau et si <a href=\"https:\/\/www.leparisien.fr\/sports\/football\/psg\/psg-reims-kvaratskhelia-finalement-remplacant-doue-titulaire-24-05-2025-OJYLVGJES5F3LPM5NFWMU2O4H4.php\" target=\"_blank\" rel=\"noreferrer nofollow noopener\">Khvicha Kvaratskhelia<\/a> n\u2019a pu participer \u00e0 la rencontre et a \u00e9t\u00e9 renvoy\u00e9 chez lui \u00e0 la pause, c\u2019est parce qu\u2019il souffrait de migraines. Il est possible que malgr\u00e9 tout, il donne mal \u00e0 la t\u00eate aux Int\u00e9ristes dans une semaine, quand il aura aval\u00e9 les Doliprane n\u00e9cessaires.<\/p>\n<p class=\"paragraph text_align_left\">On ne savait pas que <a href=\"https:\/\/www.leparisien.fr\/sports\/football\/ligue-des-champions\/il-faut-savourer-car-on-ne-sait-pas-si-ca-reviendra-le-psg-chasse-la-pression-et-affiche-son-bonheur-21-05-2025-P2TGRUSBVRAPNLUI7C7YBCM2Q4.php\" target=\"_blank\" rel=\"noreferrer nofollow noopener\">le media day du PSG<\/a> consistait \u00e0 ouvrir un deuxi\u00e8me entra\u00eenement du club dans la semaine. Apr\u00e8s mercredi, la s\u00e9ance du Stade de France n\u2019a donn\u00e9 lieu \u00e0 aucune cocasserie comme<a href=\"https:\/\/www.leparisien.fr\/sports\/football\/psg\/psg-les-images-de-luis-enrique-qui-supervise-lentrainement-depuis-une-plate-forme-21-05-2025-APSWM5FQBBDXNHW3NJPCQK5LTQ.php\" target=\"_blank\" rel=\"noreferrer nofollow noopener\"> Luis Enrique juch\u00e9 sur une nacelle<\/a> mais le match a \u00e9t\u00e9 un aller sans retour, une marche \u00e0 sens unique, aussi implacable qu\u2019annonc\u00e9e. Reims n\u2019a pas r\u00e9sist\u00e9. L\u2019\u00e9quipe de Samba Diawara a simplement pris ses marques, surtout vu sa moiti\u00e9 de terrain sans jamais rien comprendre \u00e0 l\u2019opposition ni \u00e0 l\u2019enjeu, d\u00e9pass\u00e9 \u00e0 chaque instant.<\/p>\n<p><img decoding=\"async\" class=\"image \" loading=\"lazy\" src=\"https:\/\/www.europesays.com\/fr\/wp-content\/uploads\/2025\/05\/J2CIZCNQUZFFHKF7ZYDYOOPNN4.jpg\" alt=\"\" align=\"\" data-rubrique-principale=\"\" data-article-type=\"\" fetchpriority=\"auto\"\/><\/p>\n<p class=\"paragraph text_align_left\">Paris avait d\u00e9cid\u00e9 de sortir <a href=\"https:\/\/www.leparisien.fr\/sports\/football\/ousmane-dembele\/\" target=\"_blank\" rel=\"noreferrer nofollow noopener\">Ousmane Demb\u00e9l\u00e9<\/a> de la densit\u00e9 de la d\u00e9fense \u00e0 cinq champenoise pour distribuer et distiller des ballons dans le dos de la d\u00e9fense. Les R\u00e9mois n\u2019ont jamais trouv\u00e9 de parade et peut-\u00eatre m\u00eame jamais cherch\u00e9 \u00e0 en trouver une, r\u00e9citant du par c\u0153ur, sans passion ni adaptation.<\/p>\n<p>Reims n\u2019avait pas envie d\u2019\u00eatre l\u00e0<\/p>\n<p class=\"paragraph text_align_left\">Face \u00e0 ce cat\u00e9chisme d\u2019un autre \u00e2ge, les partenaires de <a href=\"https:\/\/www.leparisien.fr\/sports\/football\/ligue-1\/il-aurait-pu-aller-nimporte-ou-et-il-est-reste-marquinhos-ame-du-psg-amoureux-de-paris-23-05-2025-5WVV665LGRHFHDEXZ4XHKEAHDE.php\" target=\"_blank\" rel=\"noreferrer nofollow noopener\">Marquinhos <\/a>se sont amus\u00e9s de toutes les largesses tactiques et des facilit\u00e9s offertes, avec un but en contre pour commencer, amen\u00e9 gr\u00e2ce \u00e0 la vista de D\u00e9sir\u00e9 Dou\u00e9 avant que l\u2019ancien Rennais, qui a d\u00fb appr\u00e9cier la victoire en Gambardella des Bretons quelques heures plus t\u00f4t, ne redouble sa passe d\u00e9cisive, les deux fois<a href=\"https:\/\/www.leparisien.fr\/sports\/football\/psg\/psg-reims-3-0-bradley-barcola-une-confiance-retrouvee-au-meilleur-des-moments-24-05-2025-BFKX4QN73VADJF4FMATFV3DBNY.php\" target=\"_blank\" rel=\"noreferrer nofollow noopener\"> pour un Bradley Barcola enfin juste face au but.<\/a> Ou quand DD et BB s\u2019occupent de tout pour ramener la 16e Coupe de France de l\u2019histoire du club.<\/p>\n<p class=\"paragraph text_align_left\">Deux buts en trois minutes qui ont achev\u00e9 un adversaire venu en victime expiatoire, provoquant un haussement des bras de Samba Diawara, l\u2019air de dire sur le bord de la touche : les gars, ce n\u2019est pas possible. D\u00e9cid\u00e9ment intenable, Barcola a parachev\u00e9 la d\u00e9monstration avec une offrande cette fois pour Achraf Hakimi qui aura jou\u00e9 attaquant toute la rencontre.<\/p>\n<p class=\"paragraph text_align_left\">Le Marocain n\u2019avait rien \u00e0 surveiller dans son camp, Reims se montrant incapable de produire quatre passes r\u00e9ussies d\u2019affil\u00e9e. Ils n\u2019avaient pas envie d\u2019\u00eatre l\u00e0 et cela s\u2019est vu. Ils esp\u00e8rent pouvoir dire en juin qu\u2019ils ont perdu la Coupe de France contre les champions d\u2019Europe.<\/p>\n<p>Feuille de match<\/p>\n<p class=\"paragraph text_align_left\">Mi-temps : 3-0.<\/p>\n<p class=\"paragraph text_align_left\">77 101 spectateurs.<\/p>\n<p class=\"paragraph text_align_left\">Arbitre : M. Bastien.<\/p>\n<p class=\"paragraph text_align_left\"><b>Buts. <\/b>Barcola (16e, 19e), Hakimi (43e).<\/p>\n<p class=\"paragraph text_align_left\"><b>PSG : <\/b>Safonov &#8211; Hakimi, Marquinhos, Pacho (Hernandez, 61e), Mendes (Beraldo, 61e) &#8211; Neves (Mayulu, 71e), Vitinha (Za\u00efre-Emery, 71e), Ruiz &#8211; Barcola, Demb\u00e9l\u00e9, Dou\u00e9 (Ramos, 71e). <b>Entr. :<\/b> Luis Enrique.<\/p>\n<p class=\"paragraph text_align_left\"><b>Reims :<\/b> Diouf &#8211; Sekine, Okumu (Moscardo, 46e), Gbane, Kipr\u00e9, Akieme &#8211; Ito (Tia, 46e), Atangana, Am. Kon\u00e9 (Patrick, 74e), Nakamura (Diakhon, 63e) &#8211; Siebatcheu (Diakit\u00e9, 46e). <b>Entr. : <\/b>Diawara.<\/p>\n","protected":false},"excerpt":{"rendered":"Malgr\u00e9 sa jeunesse, le PSG ne tombera pas dans le pi\u00e8ge en pensant que toutes les finales peuvent&hellip;\n","protected":false},"author":2,"featured_media":125913,"comment_status":"","ping_status":"","sticky":false,"template":"","format":"standard","meta":{"footnotes":""},"categories":[1888],"tags":[11,1777,674,63,1011,27,12,626,93,25,60],"class_list":{"0":"post-125912","1":"post","2":"type-post","3":"status-publish","4":"format-standard","5":"has-post-thumbnail","7":"category-paris","8":"tag-actualites","9":"tag-eu","10":"tag-europe","11":"tag-football","12":"tag-fr","13":"tag-france","14":"tag-news","15":"tag-paris","16":"tag-psg","17":"tag-republique-francaise","18":"tag-sports"},"share_on_mastodon":{"url":"https:\/\/pubeurope.com\/@fr\/114566030163315812","error":""},"_links":{"self":[{"href":"https:\/\/www.europesays.com\/fr\/wp-json\/wp\/v2\/posts\/125912","targetHints":{"allow":["GET"]}}],"collection":[{"href":"https:\/\/www.europesays.com\/fr\/wp-json\/wp\/v2\/posts"}],"about":[{"href":"https:\/\/www.europesays.com\/fr\/wp-json\/wp\/v2\/types\/post"}],"author":[{"embeddable":true,"href":"https:\/\/www.europesays.com\/fr\/wp-json\/wp\/v2\/users\/2"}],"replies":[{"embeddable":true,"href":"https:\/\/www.europesays.com\/fr\/wp-json\/wp\/v2\/comments?post=125912"}],"version-history":[{"count":0,"href":"https:\/\/www.europesays.com\/fr\/wp-json\/wp\/v2\/posts\/125912\/revisions"}],"wp:featuredmedia":[{"embeddable":true,"href":"https:\/\/www.europesays.com\/fr\/wp-json\/wp\/v2\/media\/125913"}],"wp:attachment":[{"href":"https:\/\/www.europesays.com\/fr\/wp-json\/wp\/v2\/media?parent=125912"}],"wp:term":[{"taxonomy":"category","embeddable":true,"href":"https:\/\/www.europesays.com\/fr\/wp-json\/wp\/v2\/categories?post=125912"},{"taxonomy":"post_tag","embeddable":true,"href":"https:\/\/www.europesays.com\/fr\/wp-json\/wp\/v2\/tags?post=125912"}],"curies":[{"name":"wp","href":"https:\/\/api.w.org\/{rel}","templated":true}]}}