{"id":125916,"date":"2025-05-25T02:08:13","date_gmt":"2025-05-25T02:08:13","guid":{"rendered":"https:\/\/www.europesays.com\/fr\/125916\/"},"modified":"2025-05-25T02:08:13","modified_gmt":"2025-05-25T02:08:13","slug":"un-echange-record-de-prisonniers-et-le-vatican-pas-en-odeur-de-saintete-au-kremlin","status":"publish","type":"post","link":"https:\/\/www.europesays.com\/fr\/125916\/","title":{"rendered":"Un \u00e9change record de prisonniers et le Vatican pas en odeur de saintet\u00e9 au Kremlin"},"content":{"rendered":"<p>Vous avez rat\u00e9 les derniers \u00e9v\u00e9nements sur la <a href=\"https:\/\/www.20minutes.fr\/monde\/ukraine\/\" class=\"color-ultramarine c-link\" rel=\"nofollow noopener\" target=\"_blank\">guerre en Ukraine<\/a>\u00a0? 20 Minutes fait le point pour vous tous les soirs. Entre les d\u00e9clarations fortes, les avanc\u00e9es sur le front et le bilan des combats, voici l\u2019essentiel de ce vendredi 23\u00a0mai, au 1.185e jour de la guerre.<\/p>\n<p>Le fait du jour<\/p>\n<p>C\u2019\u00e9tait le seul r\u00e9sultat \u00ab\u00a0tangible\u00a0\u00bb des pourparlers d\u2019Istanbul et il se concr\u00e9tise. La <a href=\"https:\/\/www.20minutes.fr\/monde\/russie\/\" class=\"color-ultramarine c-link\" rel=\"nofollow noopener\" target=\"_blank\">Russie<\/a> et l\u2019Ukraine ont entam\u00e9 ce vendredi la premi\u00e8re \u00e9tape d\u2019un \u00e9change record de prisonniers, impliquant \u00e0 ce stade 270 militaires et 120 civils mais qui doit au final se traduire par un \u00ab\u00a01.000 pour 1.000\u00a0\u00bb. \u00ab\u00a0Aujourd\u2019hui, 390 personnes, samedi et dimanche, nous pr\u00e9voyons que l\u2019\u00e9change se poursuivra\u00a0\u00bb, a \u00e9crit <a href=\"https:\/\/www.20minutes.fr\/monde\/volodymyr-zelensky\/\" class=\"color-ultramarine c-link\" rel=\"nofollow noopener\" target=\"_blank\">Volodymyr Zelensky <\/a>sur son compte Telegram, publiant des photos de soldats ukrainiens en cours de transfert dans des autobus. \u00ab\u00a0Nous ram\u00e8nerons tout le monde, sans exception. Chacun de nos citoyens, chaque militaire et civil ukrainien\u00a0\u00bb, a assur\u00e9 le pr\u00e9sident ukrainien.<\/p>\n<p>Peu avant la confirmation de Kiev et Moscou, <a href=\"https:\/\/www.20minutes.fr\/dossier\/donald_trump\" class=\"color-ultramarine c-link\" rel=\"nofollow noopener\" target=\"_blank\">Donald Trump<\/a> avait annonc\u00e9 sur son r\u00e9seau Truth Social ce \u00ab\u00a0gros \u00e9change de prisonniers\u00a0\u00bb, f\u00e9licitant les bellig\u00e9rants et se demandant si cela pourrait augurer de \u00ab\u00a0quelque chose d\u2019\u00e9norme\u00a0\u00bb.<\/p>\n<\/p>\n<p>Il y a toutefois d\u00e9j\u00e0 une ombre au tableau. Le parquet g\u00e9n\u00e9ral d\u2019Ukraine accuse l\u2019arm\u00e9e russe d\u2019avoir ex\u00e9cut\u00e9 environ 270 prisonniers de guerre ukrainiens depuis le d\u00e9but de la guerre assurant que cela r\u00e9sultait de \u00ab\u00a0directives\u00a0\u00bb des responsables russes.<\/p>\n<p>La d\u00e9claration du jour<\/p>\n<blockquote class=\"mx-m@xs mx-xxl@md color-ultramarine c-citation\">\n<p class=\"font-weight-regular@xs text-italic font-source-serif-pro text-l@xs c-citation__content\">\u00ab\u00a0Ce ne serait pas tr\u00e8s \u00e9l\u00e9gant que des pays orthodoxes discutent en terre catholique\u2026\u00a0\u00bb<\/p>\n<\/blockquote>\n<p>C\u2019est en ces termes que Sergue\u00ef Lavrov, le chef de la diplomatie russe, a sembl\u00e9 \u00e9carter l\u2019hypoth\u00e8se \u2013 \u00e9voqu\u00e9e par le <a href=\"https:\/\/www.20minutes.fr\/monde\/pape-leon-xiv\/\" class=\"color-ultramarine c-link\" rel=\"nofollow noopener\" target=\"_blank\">pape L\u00e9on XIV<\/a> en personne, les <a href=\"https:\/\/www.20minutes.fr\/monde\/etats-unis\/\" class=\"color-ultramarine c-link\" rel=\"nofollow noopener\" target=\"_blank\">Etats-Unis<\/a> et l\u2019Italie \u2013 d\u2019organiser la suite des n\u00e9gociations de paix au Vatican. \u00ab\u00a0Le Vatican lui-m\u00eame ne serait pas tr\u00e8s \u00e0 l\u2019aise dans ces conditions pour accueillir les d\u00e9l\u00e9gations de deux pays orthodoxes\u00a0\u00bb, a ajout\u00e9 le tout-puissant ministre russe des Affaires \u00e9trang\u00e8res. \u00ab\u00a0Pour l\u2019instant, aucune d\u00e9cision ni accord n\u2019ont \u00e9t\u00e9 pris concernant le prochain lieu des n\u00e9gociations\u00a0\u00bb, a indiqu\u00e9 de son c\u00f4t\u00e9, un peu plus tard dans la journ\u00e9e, Dmitri Peskov, le porte-parole du Kremlin.<\/p>\n<p>Le chiffre du jour<\/p>\n<p>10.000 roubles. Soit environ 110 euros. Le montant de l\u2019amende inflig\u00e9 par un tribunal de Saint-P\u00e9tersbourg \u00e0, Lioudmila Vassilieva, 84 ans et survivante du dantesque si\u00e8ge de Leningrad. L\u2019objet du d\u00e9lit\u00a0? Une pancarte avec un texte \u00e9crit \u00e0 la main\u00a0: \u00ab\u00a0A tous. Arr\u00eatons la guerre\u00a0! Nous sommes responsables de la paix sur Terre\u00a0!\u00a0\u00bb. Il lui a valu d\u2019\u00eatre jug\u00e9e pour avoir \u00ab\u00a0discr\u00e9dit\u00e9\u00a0\u00bb l\u2019arm\u00e9e.<\/p>\n<p>Le message \u00e9tait sign\u00e9 \u00ab\u00a0Avec amour, Lioudmila, enfant de Leningrad assi\u00e9g\u00e9e\u00a0\u00bb, dans une r\u00e9f\u00e9rence compr\u00e9hensible par tous les Russes au terrible si\u00e8ge, qui a dur\u00e9 du 8\u00a0septembre 1941 au 27\u00a0janvier 1944, par l\u2019arm\u00e9e allemande de Leningrad (le nom de Saint-P\u00e9tersbourg \u00e0 l\u2019\u00e9poque sovi\u00e9tique). Lioudmila Vassilieva a brandi sa pancarte en mars dernier dans le centre de la ville qu\u2019elle n\u2019a jamais quitt\u00e9e.<\/p>\n<p>La tendance<\/p>\n<p>Pendant que la diplomatie pi\u00e9tine, les drones virevoltent. La Russie a indiqu\u00e9 ce vendredi avoir abattu dans la nuit 112 drones ukrainiens, qui faisaient notamment route vers Moscou pour la troisi\u00e8me journ\u00e9e cons\u00e9cutive, paralysant le fonctionnement des a\u00e9roports de la capitale russe.<\/p>\n<p>Dans la r\u00e9gion de Lipetsk, \u00e0 environ 450\u00a0km au sud-est de Moscou, la chute d\u2019un drone dans une zone industrielle de la ville de Ielets a provoqu\u00e9 un incendie faisant huit bless\u00e9s, a pr\u00e9cis\u00e9 pour sa part le gouverneur r\u00e9gional, Igor Artamonov, sur Telegram.<\/p>\n<p><a href=\"https:\/\/www.20minutes.fr\/monde\/ukraine\/\" class=\"c-link c-btn c-btn--primary\" rel=\"nofollow noopener\" target=\"_blank\">Notre dossier sur la guerre en Ukraine<\/a><\/p>\n<p>Depuis mercredi, les attaques de drones explosifs se sont intensifi\u00e9es des deux c\u00f4t\u00e9s. En trois ans, le bilan du conflit se chiffre au moins en dizaines de milliers de morts, et les combats ont forc\u00e9 des millions d\u2019Ukrainiens \u00e0 fuir des villes et villages de l\u2019est et du sud du pays.<\/p>\n","protected":false},"excerpt":{"rendered":"Vous avez rat\u00e9 les derniers \u00e9v\u00e9nements sur la guerre en Ukraine\u00a0? 20 Minutes fait le point pour vous&hellip;\n","protected":false},"author":2,"featured_media":125917,"comment_status":"","ping_status":"","sticky":false,"template":"","format":"standard","meta":{"footnotes":""},"categories":[1590],"tags":[47,11,75,73,1777,674,131,4998,74,1916,12,20114,132,1135,220,4193,135,134],"class_list":{"0":"post-125916","1":"post","2":"type-post","3":"status-publish","4":"format-standard","5":"has-post-thumbnail","7":"category-ukraine","8":"tag-actualite","9":"tag-actualites","10":"tag-donald-trump","11":"tag-etats-unis","12":"tag-eu","13":"tag-europe","14":"tag-guerre-en-ukraine","15":"tag-kremlin","16":"tag-monde","17":"tag-moscou","18":"tag-news","19":"tag-pape-leon-xiv","20":"tag-russie","21":"tag-serguei-lavrov","22":"tag-ukraine","23":"tag-vatican","24":"tag-vladimir-poutine","25":"tag-volodymyr-zelensky"},"share_on_mastodon":{"url":"https:\/\/pubeurope.com\/@fr\/114566037806693510","error":""},"_links":{"self":[{"href":"https:\/\/www.europesays.com\/fr\/wp-json\/wp\/v2\/posts\/125916","targetHints":{"allow":["GET"]}}],"collection":[{"href":"https:\/\/www.europesays.com\/fr\/wp-json\/wp\/v2\/posts"}],"about":[{"href":"https:\/\/www.europesays.com\/fr\/wp-json\/wp\/v2\/types\/post"}],"author":[{"embeddable":true,"href":"https:\/\/www.europesays.com\/fr\/wp-json\/wp\/v2\/users\/2"}],"replies":[{"embeddable":true,"href":"https:\/\/www.europesays.com\/fr\/wp-json\/wp\/v2\/comments?post=125916"}],"version-history":[{"count":0,"href":"https:\/\/www.europesays.com\/fr\/wp-json\/wp\/v2\/posts\/125916\/revisions"}],"wp:featuredmedia":[{"embeddable":true,"href":"https:\/\/www.europesays.com\/fr\/wp-json\/wp\/v2\/media\/125917"}],"wp:attachment":[{"href":"https:\/\/www.europesays.com\/fr\/wp-json\/wp\/v2\/media?parent=125916"}],"wp:term":[{"taxonomy":"category","embeddable":true,"href":"https:\/\/www.europesays.com\/fr\/wp-json\/wp\/v2\/categories?post=125916"},{"taxonomy":"post_tag","embeddable":true,"href":"https:\/\/www.europesays.com\/fr\/wp-json\/wp\/v2\/tags?post=125916"}],"curies":[{"name":"wp","href":"https:\/\/api.w.org\/{rel}","templated":true}]}}