{"id":125930,"date":"2025-05-25T02:15:10","date_gmt":"2025-05-25T02:15:10","guid":{"rendered":"https:\/\/www.europesays.com\/fr\/125930\/"},"modified":"2025-05-25T02:15:10","modified_gmt":"2025-05-25T02:15:10","slug":"jafar-panahi-le-sacre-dun-dissident-obstine-liberation","status":"publish","type":"post","link":"https:\/\/www.europesays.com\/fr\/125930\/","title":{"rendered":"Jafar Panahi, le sacre d\u2019un dissident obstin\u00e9 \u2013 Lib\u00e9ration"},"content":{"rendered":"<p class=\"sc-ksZaOG ehjQrN text-element\">\u00abC\u2018est le moment de demander \u00e0 tous les Iraniens de toutes opinions en Iran et dans le monde entier : mettons tous nos probl\u00e8mes et nos diff\u00e9rences de c\u00f4t\u00e9, le plus important c\u2018est notre pays et la libert\u00e9 dans notre pays. Que personne n\u2019ose nous dire ce qu\u2019il faut mettre comme v\u00eatements, ce qu\u2019il faut dire, faire ou ne pas faire.\u00bb En recevant la palme d\u2019or des mains de Cate Blanchett <a href=\"https:\/\/www.liberation.fr\/culture\/cinema\/cannes-2025-un-simple-accident-de-jafar-panahi-critique-sans-detour-du-joug-iranien-20250520_BH7HGVMU65AM7AQZ2A3CEITJUQ\/\" target=\"_blank\" rel=\"noreferrer noopener\" title=\"https:\/\/www.liberation.fr\/culture\/cinema\/cannes-2025-un-simple-accident-de-jafar-panahi-critique-sans-detour-du-joug-iranien-20250520_BH7HGVMU65AM7AQZ2A3CEITJUQ\/\">pour <b>Un simple accident<\/b><\/a><b>,<\/b> le cin\u00e9aste Jafar Panahi, gardant ses lunettes noires, identiques \u00e0 celle de celui qui fut son ma\u00eetre, Abbas Kiarostami, a enfonc\u00e9 le clou qu\u2019il esp\u00e8re d\u00e9cisif sur le cercueil du r\u00e9gime iranien. Principal artiste opposant au r\u00e9gime des mollahs au fil d\u2019une carri\u00e8re de plus de trente ans, il signe le plus violent et direct r\u00e9quisitoire qu\u2019il pouvait imaginer apr\u00e8s sept mois d\u2019incarc\u00e9ration \u00e0 la prison d\u2019Evin.<\/p>\n<p class=\"sc-ksZaOG ehjQrN text-element\">Le film raconte l\u2019enl\u00e8vement d\u2019un ge\u00f4lier et tortionnaire par ses victimes qui h\u00e9sitent d\u2019abord sur son identit\u00e9 puis sur le sort \u00e0 lui infliger. La rage qui anime les personnages est temp\u00e9r\u00e9e par le sens comique de Panahi, une \u00e9quip\u00e9e travers\u00e9e par les traumat<\/p>\n","protected":false},"excerpt":{"rendered":"\u00abC\u2018est le moment de demander \u00e0 tous les Iraniens de toutes opinions en Iran et dans le monde&hellip;\n","protected":false},"author":2,"featured_media":125931,"comment_status":"","ping_status":"","sticky":false,"template":"","format":"standard","meta":{"footnotes":""},"categories":[2],"tags":[11,5634,1011,27,12,25],"class_list":{"0":"post-125930","1":"post","2":"type-post","3":"status-publish","4":"format-standard","5":"has-post-thumbnail","7":"category-actualites","8":"tag-actualites","9":"tag-festival-de-cannes","10":"tag-fr","11":"tag-france","12":"tag-news","13":"tag-republique-francaise"},"share_on_mastodon":{"url":"https:\/\/pubeurope.com\/@fr\/114566065233280994","error":""},"_links":{"self":[{"href":"https:\/\/www.europesays.com\/fr\/wp-json\/wp\/v2\/posts\/125930","targetHints":{"allow":["GET"]}}],"collection":[{"href":"https:\/\/www.europesays.com\/fr\/wp-json\/wp\/v2\/posts"}],"about":[{"href":"https:\/\/www.europesays.com\/fr\/wp-json\/wp\/v2\/types\/post"}],"author":[{"embeddable":true,"href":"https:\/\/www.europesays.com\/fr\/wp-json\/wp\/v2\/users\/2"}],"replies":[{"embeddable":true,"href":"https:\/\/www.europesays.com\/fr\/wp-json\/wp\/v2\/comments?post=125930"}],"version-history":[{"count":0,"href":"https:\/\/www.europesays.com\/fr\/wp-json\/wp\/v2\/posts\/125930\/revisions"}],"wp:featuredmedia":[{"embeddable":true,"href":"https:\/\/www.europesays.com\/fr\/wp-json\/wp\/v2\/media\/125931"}],"wp:attachment":[{"href":"https:\/\/www.europesays.com\/fr\/wp-json\/wp\/v2\/media?parent=125930"}],"wp:term":[{"taxonomy":"category","embeddable":true,"href":"https:\/\/www.europesays.com\/fr\/wp-json\/wp\/v2\/categories?post=125930"},{"taxonomy":"post_tag","embeddable":true,"href":"https:\/\/www.europesays.com\/fr\/wp-json\/wp\/v2\/tags?post=125930"}],"curies":[{"name":"wp","href":"https:\/\/api.w.org\/{rel}","templated":true}]}}