{"id":125936,"date":"2025-05-25T02:19:13","date_gmt":"2025-05-25T02:19:13","guid":{"rendered":"https:\/\/www.europesays.com\/fr\/125936\/"},"modified":"2025-05-25T02:19:13","modified_gmt":"2025-05-25T02:19:13","slug":"super-xiii-carcassonne-veut-garder-le-bouclier-a-la-cite-rugby-a-xiii","status":"publish","type":"post","link":"https:\/\/www.europesays.com\/fr\/125936\/","title":{"rendered":"Super XIII &#8211; Carcassonne veut garder le bouclier \u00e0 la Cit\u00e9 &#8211; Rugby \u00e0 XIII"},"content":{"rendered":"<p style=\"text-align: justify;\"><strong>Face \u00e0 Albi et son \u00e9tiquette de favori, le champion en titre carcassonnais va devoir batailler pour esp\u00e9rer garder son titre.\u00a0 <\/strong><\/p>\n<p style=\"text-align: justify;\">C\u2019est la rencontre que tout bon supporter de rugby \u00e0 XIII attend avec impatience. Et on les comprend. Carcassonne, le champion en titre, retrouve Albi pour un all\u00e9chant remake de la finale de la saison pass\u00e9e. Au terme d\u2019une saison remplie de rebondissements, Audois et Tarnais ont valid\u00e9 leur billet pour la grande finale du Super XIII, mais Carcassonne parviendra-t-il \u00e0 r\u00e9aliser le back-to-back ?<\/p>\n<p>Carcassonne, l\u2019habitu\u00e9<\/p>\n<p style=\"text-align: justify;\">Voir Carcassonne en finale de Super XIII est presque devenu habituel tant l\u2019\u00e9quipe de Fred Camel domine le championnat depuis quelques ann\u00e9es. Ce dimanche, les Canaris participeront \u00e0 leur 6\u00e8me finale cons\u00e9cutive. Une performance historique qui n\u2019avait pas \u00e9t\u00e9 r\u00e9alis\u00e9e depuis 1988 et les 7 finales enchain\u00e9es par le XIII Catalan.<\/p>\n<p style=\"text-align: justify;\">Toutefois, m\u00eame si Carcassonne a particip\u00e9 \u00e0 chaque finale de championnat de France depuis 2019, toutes n\u2019ont pas souri aux Canaris. D\u00e9faits par Saint-Est\u00e8ve XIII Catalan (32-24) et L\u00e9zignan (16-12) en 2019 et 2021, les Jaune et Noir se reprennent face \u00e0 Limoux en 2022 (20-16) avant que les Grizzlies se vengent l\u2019ann\u00e9e suivante, en 2023 (34-24). La saison derni\u00e8re, les joueurs de la Cit\u00e9 doublaient les Tigers d\u2019Albi dans les derniers instants d\u2019<a href=\"https:\/\/treizemondial.fr\/carcassonne-brise-le-reve-dalbi-et-fait-le-double\/\" target=\"_blank\" rel=\"noopener\">une finale somptueuse<\/a> (8-4).<\/p>\n<p><a href=\"https:\/\/treizemondial.fr\/lannee-ou-jamais-pour-albi\/\" class=\"vlp-link\" title=\"L&#039;ann\u00e9e ou jamais pour Albi ?\" target=\"_blank\" rel=\"noopener\"><img loading=\"lazy\" decoding=\"async\" style=\"max-width: 800px;\" width=\"800\" height=\"445\" src=\"https:\/\/www.europesays.com\/fr\/wp-content\/uploads\/2025\/05\/Tony-Gigot-Albi-2024-2025.png\" class=\"attachment-large size-large\" alt=\"\"  \/><\/p>\n<p>L&rsquo;ann\u00e9e ou jamais pour Albi ?<\/p>\n<p>En qu\u00eate du titre\u00a0supr\u00eame depuis plusieurs saisons, Albi a l&rsquo;occasion d&rsquo;enfin toucher au planchot ce dimanche face \u00e0 Carcassonne. Un titre que toute une ville attend depuis 48 ans.<\/p>\n<p>Lire l&rsquo;article<\/p>\n<p>treizemondial.fr<\/p>\n<p>Mais Carcassonne outsider<\/p>\n<p style=\"text-align: justify;\">M\u00eame si Carcassonne est abonn\u00e9 aux grands rendez-vous et aux finales, les Canaris devront tout de m\u00eame endosser le dossard d\u2019outsider face \u00e0 des Albigeois qui n\u2019ont jamais \u00e9t\u00e9 aussi proches de soulever le bouclier.<\/p>\n<p style=\"text-align: justify;\">Cette saison, Tarnais et Audois se sont affront\u00e9s trois fois. Trois rencontres et trois r\u00e9sultats favorables aux pensionnaires de Mazicou, privant notamment Carcassonne d\u2019une finale de Coupe de France. Un avantage psychologique qui ne sera pas n\u00e9gligeable pour Albi et une source de pression suppl\u00e9mentaire pour les Audois.<\/p>\n<p style=\"text-align: justify;\">Ajout\u00e9 \u00e0 la pression et \u00e0 l\u2019enjeu de cette finale, Fred Camel et Teddy Saddaoui doivent composer sans de nombreux cadres de leur \u00e9quipe. Bastien Escamilla et Vincent Albert, bless\u00e9s de longue date, seront dans les tribunes pour soutenir les leurs. Les corps de Georgy Gambaro, Thibault Franck et Maika Serulevu commencent aussi \u00e0 souffrir en cette fin de saison, alors que Max Clarke et F\u00e9lix Aubry sont \u00e9galement touch\u00e9s.<\/p>\n<p style=\"text-align: justify;\">N\u00e9anmoins, attention tout de m\u00eame \u00e0 ne pas vendre la peau de l\u2019ours avant de l\u2019avoir tu\u00e9. Surtout lorsque l\u2019ours en question se pare de jaune et de noir avant de rentrer, d\u00e9chain\u00e9, sur la pelouse du Parc des Sports et de l\u2019amiti\u00e9 de Narbonne. Si nous ne connaissons pas encore le r\u00e9sultat, une seule chose est certaine. Comme \u00e0 leur habitude, les deux \u00e9quipes nous offriront surement une finale \u00e9pique et un spectacle grandiose.<\/p>\n<blockquote class=\"instagram-media\" data-instgrm-captioned=\"\" data-instgrm-permalink=\"https:\/\/www.instagram.com\/p\/DJpJZ5gseJI\/?utm_source=ig_embed&amp;utm_campaign=loading\" data-instgrm-version=\"14\" style=\" background:#FFF; border:0; border-radius:3px; box-shadow:0 0 1px 0 rgba(0,0,0,0.5),0 1px 10px 0 rgba(0,0,0,0.15); margin: 1px; max-width:500px; min-width:326px; padding:0; width:99.375%; width:-webkit-calc(100% - 2px); width:calc(100% - 2px);\">\n<\/blockquote>\n<p>        <script async src=\"\/\/www.instagram.com\/embed.js\"><\/script><\/p>\n","protected":false},"excerpt":{"rendered":"Face \u00e0 Albi et son \u00e9tiquette de favori, le champion en titre carcassonnais va devoir batailler pour esp\u00e9rer&hellip;\n","protected":false},"author":2,"featured_media":125937,"comment_status":"","ping_status":"","sticky":false,"template":"","format":"standard","meta":{"footnotes":""},"categories":[1416],"tags":[20088,7298,24918,1011,27,479,2228,1468,2229,60,2231],"class_list":{"0":"post-125936","1":"post","2":"type-post","3":"status-publish","4":"format-standard","5":"has-post-thumbnail","7":"category-rugby","8":"tag-albi-rl-xiii","9":"tag-carcassonne-xiii","10":"tag-finale-de-super-xiii","11":"tag-fr","12":"tag-france","13":"tag-rugby","14":"tag-rugby-a-xiii","15":"tag-rugby-football","16":"tag-rugby-league","17":"tag-sports","18":"tag-super-xiii"},"share_on_mastodon":{"url":"https:\/\/pubeurope.com\/@fr\/114566081030010949","error":""},"_links":{"self":[{"href":"https:\/\/www.europesays.com\/fr\/wp-json\/wp\/v2\/posts\/125936","targetHints":{"allow":["GET"]}}],"collection":[{"href":"https:\/\/www.europesays.com\/fr\/wp-json\/wp\/v2\/posts"}],"about":[{"href":"https:\/\/www.europesays.com\/fr\/wp-json\/wp\/v2\/types\/post"}],"author":[{"embeddable":true,"href":"https:\/\/www.europesays.com\/fr\/wp-json\/wp\/v2\/users\/2"}],"replies":[{"embeddable":true,"href":"https:\/\/www.europesays.com\/fr\/wp-json\/wp\/v2\/comments?post=125936"}],"version-history":[{"count":0,"href":"https:\/\/www.europesays.com\/fr\/wp-json\/wp\/v2\/posts\/125936\/revisions"}],"wp:featuredmedia":[{"embeddable":true,"href":"https:\/\/www.europesays.com\/fr\/wp-json\/wp\/v2\/media\/125937"}],"wp:attachment":[{"href":"https:\/\/www.europesays.com\/fr\/wp-json\/wp\/v2\/media?parent=125936"}],"wp:term":[{"taxonomy":"category","embeddable":true,"href":"https:\/\/www.europesays.com\/fr\/wp-json\/wp\/v2\/categories?post=125936"},{"taxonomy":"post_tag","embeddable":true,"href":"https:\/\/www.europesays.com\/fr\/wp-json\/wp\/v2\/tags?post=125936"}],"curies":[{"name":"wp","href":"https:\/\/api.w.org\/{rel}","templated":true}]}}