{"id":125938,"date":"2025-05-25T02:20:09","date_gmt":"2025-05-25T02:20:09","guid":{"rendered":"https:\/\/www.europesays.com\/fr\/125938\/"},"modified":"2025-05-25T02:20:09","modified_gmt":"2025-05-25T02:20:09","slug":"novak-djokovic-retrouve-le-gout-de-la-victoire-a-geneve-et-empoche-un-centieme-titre-en-carriere","status":"publish","type":"post","link":"https:\/\/www.europesays.com\/fr\/125938\/","title":{"rendered":"Novak Djokovic retrouve le go\u00fbt de la victoire \u00e0 Gen\u00e8ve et empoche un centi\u00e8me titre en carri\u00e8re"},"content":{"rendered":"<p>Malmen\u00e9 par Hubert Hurkacz, le Serbe de 38 ans s\u2019est finalement impos\u00e9 apr\u00e8s plus de trois heures de jeu (5-7, 7-6, 7-6).<\/p>\n<p class=\"fig-paragraph\"><a href=\"http:\/\/www.lefigaro.fr\/sports\/tennis\/tennis-c-est-deja-fini-entre-novak-djokovic-et-andy-murray-20250513\" data-fig-type=\"NewsFlash\" data-gtm-custom-categorie=\"navigation\" data-gtm-custom-action=\"crossclick\" data-gtm-custom-label=\"Contextuel\" data-gtm-event=\"customEventSPE\" data-fig-domain=\"LEFIGARO\" target=\"_blank\" rel=\"noopener\">Novak Djokovic<\/a>\u00a0rentre dans le club des \u00abcentenaires\u00bb. Le Serbe a gagn\u00e9 le centi\u00e8me titre de sa carri\u00e8re samedi sur la terre battue de Gen\u00e8ve, \u00e0 la veille de l&rsquo;ouverture de Roland-Garros, en battant dans une finale de plus de trois heures le Polonais\u00a0<a href=\"http:\/\/www.lefigaro.fr\/sports\/tennis\/tennis-une-finale-djokovic-hurkacz-a-geneve-le-serbe-visera-son-100e-titre-en-carriere-20250523\" data-fig-type=\"NewsFlash\" data-gtm-custom-categorie=\"navigation\" data-gtm-custom-action=\"crossclick\" data-gtm-custom-label=\"Contextuel\" data-gtm-event=\"customEventSPE\" data-fig-domain=\"LEFIGARO\" target=\"_blank\" rel=\"noopener\">Hubert Hurkacz<\/a>\u00a05-7, 7-6, 7-6.<\/p>\n<p class=\"fig-paragraph\">Le Serbe est le troisi\u00e8me champion \u00e0 atteindre cent titres apr\u00e8s Jimmy Connors (109) et Roger Federer (103). \u00c0 38 ans (depuis jeudi), il aura sans doute du mal \u00e0 battre ce record, qui ne figure certainement pas parmi ses principaux objectifs, mais l\u2019essentiel est ailleurs.<\/p>\n<p class=\"fig-paragraph\">Apr\u00e8s le faux d\u00e9part de sa saison sur terre battue &#8212; deux d\u00e9faites au premier tour \u00e0 Monte Carlo puis \u00e0 Madrid &#8212; l\u2019homme aux 24 Grands Chelems a retrouv\u00e9 un peu de confiance et de rythme, ce qu\u2019il \u00e9tait venu chercher \u00e0 Gen\u00e8ve alors que le plus souvent il ne joue pas pendant la semaine qui pr\u00e9c\u00e8de un Majeur.<\/p>\n<p class=\"fig-paragraph\">Un peu seulement car son jeu a encore sembl\u00e9 tr\u00e8s loin de son meilleur niveau. Souvent loin derri\u00e8re sa ligne de fond de court, il a commis 38 erreurs directes (dont une double faute qui lui a co\u00fbt\u00e9 le premier set) et n\u2019a jamais vraiment domin\u00e9 l\u2019\u00e9change contre un grand serveur (1,96 m) qui n\u2019est pourtant pas un sp\u00e9cialiste de la terre battue. En sept duels, il avait d\u2019ailleurs toujours battu le Polonais, qui ne traverse pas non plus la meilleure p\u00e9riode de sa carri\u00e8re (31e mondial alors qu\u2019il \u00e9tait encore dans le top 10 la saison derni\u00e8re).<\/p>\n<p class=\"fig-body-link\">\n            \u00c0 lire aussi<br \/>\n        <a class=\"fig-body-link__link\" href=\"http:\/\/www.lefigaro.fr\/sports\/tennis\/tennis-il-arrive-a-trouver-mes-faiblesses-a-chaque-fois-craint-monfils-avant-de-retrouver-djoko-20220502\" data-fig-type=\"NewsFlash\" data-gtm-custom-categorie=\"navigation\" data-gtm-custom-action=\"crossclick\" data-gtm-custom-label=\"Contextuel\" data-gtm-event=\"customEventSPE\" data-fig-domain=\"LEFIGARO\" target=\"_blank\" rel=\"noopener\">Tennis\u00a0: \u00abIl arrive \u00e0 trouver mes faiblesses \u00e0 chaque fois\u00bb, craint Monfils, avant de retrouver \u00abDjoko\u00bb<br \/>\n    <\/a>\n<\/p>\n<p class=\"fig-paragraph\">Certes Djokovic a su hausser le ton dans les deux tie-break et se tirer d\u2019un mauvais pas dans la derni\u00e8re apr\u00e8s avoir \u00e9t\u00e9 rapidement break\u00e9 (0-2). \u00abIl a fallu bosser. Il a \u00e9t\u00e9 longtemps plus pr\u00e8s de la victoire que moi. Je me suis accroch\u00e9 et il s\u2019est un peu break\u00e9 tout seul\u00bb, a dit l\u2019ex-N.1 mondial, \u00e0 propos du jeu de service compl\u00e8tement rat\u00e9 par Hurkacz alors qu\u2019il menait 4-3 dans le troisi\u00e8me set.<\/p>\n<p class=\"fig-paragraph\">Pour se replacer parmi les favoris pour un quatri\u00e8me titre, le Serbe devra jouer un autre tennis \u00e0 Roland-Garros, o\u00f9 son premier adversaire sera l\u2019Am\u00e9ricain Mackenzie McDonald. En attendant, il a eu le bonheur de soulever son premier troph\u00e9e depuis sa m\u00e9daille d\u2019or olympique \u00e0 Paris l\u2019\u00e9t\u00e9 dernier et le premier sur le cirucit ATP proprement dit depuis le Masters fin 2023. Il ajoute un nouveau record \u00e0 son incroyable collection: il est le premier \u00e0 gagner au moins un titre chaque ann\u00e9e pendant vingt ans depuis 2006.<\/p>\n<p class=\"fig-paragraph\"><strong>\u00c0 VOIR AUSSI &#8211; <\/strong>Coupe de France\u00a0: le parcours du Paris SG jusqu\u2019\u00e0 la finale face au Stade de Reims<\/p>\n<p>\u00a0\u00bb<br \/>\n        data-script=\u00a0\u00bbhttps:\/\/static.lefigaro.fr\/widget-video\/short-ttl\/dugout\/index.js\u00a0\u00bb<br \/>\n    &gt;<\/p>\n","protected":false},"excerpt":{"rendered":"Malmen\u00e9 par Hubert Hurkacz, le Serbe de 38 ans s\u2019est finalement impos\u00e9 apr\u00e8s plus de trois heures de&hellip;\n","protected":false},"author":2,"featured_media":125939,"comment_status":"","ping_status":"","sticky":false,"template":"","format":"standard","meta":{"footnotes":""},"categories":[1415],"tags":[47,4169,525,1981,4178,4179,1011,27,10868,1114,3996,4177,4176,4174,6433,4175,1980,4171,60,1467,4172,4173,4170],"class_list":{"0":"post-125938","1":"post","2":"type-post","3":"status-publish","4":"format-standard","5":"has-post-thumbnail","7":"category-tennis","8":"tag-actualite","9":"tag-atp","10":"tag-calendrier","11":"tag-classement","12":"tag-coupe-davis","13":"tag-fed-cup","14":"tag-fr","15":"tag-france","16":"tag-geneve","17":"tag-infos","18":"tag-jeux-olympiques","19":"tag-masters-1000","20":"tag-masters-500","21":"tag-masters-series","22":"tag-novak-djokovic","23":"tag-open-daustralie","24":"tag-resultats","25":"tag-roland-garros","26":"tag-sports","27":"tag-tennis","28":"tag-us-open","29":"tag-wimbledon","30":"tag-wta"},"share_on_mastodon":{"url":"https:\/\/pubeurope.com\/@fr\/114566084848181671","error":""},"_links":{"self":[{"href":"https:\/\/www.europesays.com\/fr\/wp-json\/wp\/v2\/posts\/125938","targetHints":{"allow":["GET"]}}],"collection":[{"href":"https:\/\/www.europesays.com\/fr\/wp-json\/wp\/v2\/posts"}],"about":[{"href":"https:\/\/www.europesays.com\/fr\/wp-json\/wp\/v2\/types\/post"}],"author":[{"embeddable":true,"href":"https:\/\/www.europesays.com\/fr\/wp-json\/wp\/v2\/users\/2"}],"replies":[{"embeddable":true,"href":"https:\/\/www.europesays.com\/fr\/wp-json\/wp\/v2\/comments?post=125938"}],"version-history":[{"count":0,"href":"https:\/\/www.europesays.com\/fr\/wp-json\/wp\/v2\/posts\/125938\/revisions"}],"wp:featuredmedia":[{"embeddable":true,"href":"https:\/\/www.europesays.com\/fr\/wp-json\/wp\/v2\/media\/125939"}],"wp:attachment":[{"href":"https:\/\/www.europesays.com\/fr\/wp-json\/wp\/v2\/media?parent=125938"}],"wp:term":[{"taxonomy":"category","embeddable":true,"href":"https:\/\/www.europesays.com\/fr\/wp-json\/wp\/v2\/categories?post=125938"},{"taxonomy":"post_tag","embeddable":true,"href":"https:\/\/www.europesays.com\/fr\/wp-json\/wp\/v2\/tags?post=125938"}],"curies":[{"name":"wp","href":"https:\/\/api.w.org\/{rel}","templated":true}]}}