{"id":125940,"date":"2025-05-25T02:22:10","date_gmt":"2025-05-25T02:22:10","guid":{"rendered":"https:\/\/www.europesays.com\/fr\/125940\/"},"modified":"2025-05-25T02:22:10","modified_gmt":"2025-05-25T02:22:10","slug":"ils-mont-passe-comme-si-je-netais-pas-la","status":"publish","type":"post","link":"https:\/\/www.europesays.com\/fr\/125940\/","title":{"rendered":"Ils m&rsquo;ont pass\u00e9 comme si je n&rsquo;\u00e9tais pas l\u00e0"},"content":{"rendered":"<p>Son retour en premi\u00e8re ligne et sa premi\u00e8re qualification de l&rsquo;ann\u00e9e devant son co\u00e9quipier n&rsquo;auront \u00e9t\u00e9 qu&rsquo;une illusion. <a href=\"https:\/\/fr.motorsport.com\/driver\/pecco-bagnaia\/109394\/\" target=\"_blank\" rel=\"noopener\">Pecco Bagnaia<\/a> est apparu impuissant pendant la course sprint de Silverstone, sixi\u00e8me sous le drapeau \u00e0 damier, \u00e0 sept secondes du vainqueur, <a href=\"https:\/\/fr.motorsport.com\/driver\/alex-marquez\/96324\/\" target=\"_blank\" rel=\"noopener\">\u00c1lex M\u00e1rquez<\/a>.<\/p>\n<p>Une nouvelle fois, l&rsquo;Italien explique sa contre-performance par un manque de sensations sur l&rsquo;avant et des difficult\u00e9s \u00e0 ralentir sa moto, ce qui l&rsquo;a pouss\u00e9 dans cette courte \u00e9preuve \u00e0 beaucoup solliciter son pneu arri\u00e8re et \u00e0 l&rsquo;user pr\u00e9matur\u00e9ment. Au bout de quatre tours, il s&rsquo;est senti comme une proie pour les pilotes qui ont fondu sur lui, et ceux-ci ont effectivement r\u00e9ussi \u00e0 le faire reculer de trois rangs dans les trois derni\u00e8res boucles.<\/p>\n<p>\u00ab\u00a0Les qualifications ont \u00e9t\u00e9 positives mais on a quand m\u00eame pris six dixi\u00e8mes par rapport \u00e0 la pole\u00a0\u00bb, fait remarquer Bagnaia. \u00ab\u00a0J&rsquo;\u00e9tais deux dixi\u00e8mes plus lent qu&rsquo;hier. J&rsquo;\u00e9tais tr\u00e8s surpris d&rsquo;\u00eatre en premi\u00e8re ligne. J&rsquo;\u00e9tais content mais je sais que c&rsquo;\u00e9tait un peu bizarre d&rsquo;\u00eatre en premi\u00e8re ligne avec ce chrono.\u00a0\u00bb<\/p>\n<p>\u00ab\u00a0En course, j&rsquo;ai r\u00e9ussi \u00e0 partir assez bien, \u00e0 me lib\u00e9rer de Fabio [Quartararo] parce qu&rsquo;il a fait une erreur. J&rsquo;ai essay\u00e9 de suivre les premiers. Je n&rsquo;allais pas aussi vite qu&rsquo;eux, surtout pas aussi vite qu&rsquo;\u00c1lex. Marc a \u00e9t\u00e9 meilleur pour rester \u00e0 son contact.\u00a0\u00bb<\/p>\n<p>\u00ab\u00a0Mais au bout de quatre tours, mon pneu arri\u00e8re \u00e9tait compl\u00e8tement fini, je n&rsquo;avais plus de grip. Tout vient du fait que je n&rsquo;avais pas de confiance sur l&rsquo;avant, or en n&rsquo;arrivant pas \u00e0 bien m&rsquo;arr\u00eater, j&rsquo;\u00e9largis toujours un peu, j&rsquo;utilise l&rsquo;arri\u00e8re et il s&rsquo;est compl\u00e8tement us\u00e9. Ensuite, \u00e7a a \u00e9t\u00e9 une course de survie\u00a0\u00bb, poursuit le pilote italien.<\/p>\n<p>   <img decoding=\"async\" draggable=\"false\" src=\"https:\/\/www.europesays.com\/fr\/wp-content\/uploads\/2025\/05\/1748139730_724_francesco-bagnaia-ducati-team.jpg\" alt=\"Francesco Bagnaia, Ducati Team&#10;\" width=\"1200\" height=\"800\" loading=\"lazy\"\/> <\/p>\n<p class=\"title\">Pecco Bagnaia dit avoir tout le soutien des ing\u00e9nieurs Ducati.<\/p>\n<p class=\"photographer\">Photo de : Ducati Corse<\/p>\n<p>\u00ab\u00a0J&rsquo;ai perdu plusieurs fois la moto en entr\u00e9e, puis chaque fois que je mettais les gaz je perdais beaucoup. Zarco m&rsquo;a d\u00e9pass\u00e9 d&rsquo;une mani\u00e8re vraiment incroyable\u00a0\u00bb, d\u00e9crit Bagnaia, qui se sait en difficult\u00e9 cette ann\u00e9e mais ne s&rsquo;attendait pourtant pas \u00e0 souffrir autant dans cette course.<\/p>\n<p>\u00ab\u00a0\u00c7a a \u00e9t\u00e9 clairement au-del\u00e0 [de ce \u00e0 quoi je m&rsquo;attendais]. Je savais que j&rsquo;aurais pu faire troisi\u00e8me en me battant. Je savais que j&rsquo;allais r\u00e9ussir \u00e0 passer Fabio d&rsquo;une mani\u00e8re ou d&rsquo;une autre, mais je savais aussi qu&rsquo;\u00c1lex allait avoir un rythme nettement sup\u00e9rieur parce qu&rsquo;il a bien pilot\u00e9 tout le week-end alors que nous, on est plus en difficult\u00e9.\u00a0\u00bb<\/p>\n<p>Lire aussi :<\/p>\n<p>\u00ab\u00a0Je savais que ce serait dur de faire mieux que troisi\u00e8me, en tout cas pas la victoire, mais au bout de quatre tours j&rsquo;ai compris qu&rsquo;il fallait que je me bouge sinon ceux de derri\u00e8re allaient revenir. Et quand ils sont arriv\u00e9s, ils m&rsquo;ont pass\u00e9 comme si je n&rsquo;\u00e9tais pas l\u00e0. \u00c7a a donc \u00e9t\u00e9 plus compliqu\u00e9 que pr\u00e9vu.\u00a0\u00bb<\/p>\n<p>\u00ab\u00a0Ducati est avec moi \u00e0 100%\u00a0\u00bb<\/p>\n<p>C&rsquo;est sans illusions que Bagnaia aborde la course longue de dimanche, malgr\u00e9 le soulagement de pouvoir passer \u00e0 des pneus plus r\u00e9sistants. \u00ab\u00a0Tant qu&rsquo;on n&rsquo;aura pas r\u00e9solu mon probl\u00e8me par rapport au feeling avec l&rsquo;avant, \u00e7a va \u00eatre dur de faire mieux sur certaines pistes comme celle-ci, o\u00f9 le pneu s&rsquo;use beaucoup\u00a0\u00bb, tranche-t-il, tout en mentionnant le soutien de Ducati.<\/p>\n<p>\u00ab\u00a0Aujourd&rsquo;hui, on a fait une r\u00e9union assez longue. J&rsquo;ai aussi entendu certaines choses qu&rsquo;a dites Marc et qui correspondent \u00e0 mes sensations, alors on va essayer de renverser la situation\u00a0\u00bb, ajoute Bagnaia. \u00ab\u00a0Ducati est avec moi \u00e0 100%. On est tous en train d&rsquo;essayer de r\u00e9soudre la situation. Si jamais on n&rsquo;arrive pas \u00e0 r\u00e9soudre la situation, ce sera une d\u00e9faite pour tout le monde.\u00a0\u00bb<\/p>\n<blockquote>\n<p>Si jamais on n&rsquo;arrive pas \u00e0 r\u00e9soudre la situation, ce sera une d\u00e9faite pour tout le monde.<\/p>\n<\/blockquote>\n<p>Seulement, son co\u00e9quipier glissait ce soir que la GP25 du team d&rsquo;usine est <a href=\"https:\/\/fr.motorsport.com\/motogp\/news\/marc-marquez-limite-degats-sprint-silverstone\/10726238\/\" target=\"_self\" rel=\"noopener\">\u00ab\u00a0exactement la m\u00eame moto\u00a0\u00bb<\/a> que la GP24 d&rsquo;\u00c1lex M\u00e1rquez, ce qui va \u00e0 l&rsquo;encontre des analyses faites par l&rsquo;Italien.\u00a0\u00ab\u00a0Th\u00e9oriquement, les deux motos sont similaires, mais quand je vois ce qu&rsquo;\u00c1lex M\u00e1rquez fait en piste, c&rsquo;est ce que je faisais l&rsquo;ann\u00e9e derni\u00e8re et cette ann\u00e9e je n&rsquo;arrive plus \u00e0 r\u00e9pliquer \u00e7a\u00a0\u00bb, r\u00e9agit-il. \u00ab\u00a0Th\u00e9oriquement, elles sont similaires, mais j&rsquo;ai des sensations qui font que je n&rsquo;arrive pas \u00e0 la faire fonctionner. Mes sensations sur l&rsquo;avant ne me permettent pas de d\u00e9passer qui que ce soit.\u00a0\u00bb<\/p>\n<p><img decoding=\"async\" class=\"sizer\" draggable=\"false\" src=\"data:image\/png;base64,iVBORw0KGgoAAAANSUhEUgAAABAAAAAJCAYAAAA7KqwyAAAAGXRFWHRTb2Z0d2FyZQBBZG9iZSBJbWFnZVJlYWR5ccllPAAAABpJREFUeNpi\/P\/\/PwMlgImBQjBqwLAwACDAAOVfAw9\/ZDvcAAAAAElFTkSuQmCC\" alt=\"\" loading=\"lazy\"\/><\/p>\n<p class=\"title\">VID\u00c9O &#8211; R\u00c9SUM\u00c9\u00a0: La course sprint au GP de Grande-Bretagne<\/p>\n<p>Et Bagnaia d&rsquo;illustrer son propos\u00a0:\u00a0\u00ab\u00a0Aujourd&rsquo;hui, j&rsquo;avais la possibilit\u00e9 de d\u00e9passer Fabio au freinage, j&rsquo;\u00e9tais positionn\u00e9 pour me lancer, j&rsquo;ai frein\u00e9 tr\u00e8s t\u00f4t par rapport \u00e0 mes habitudes dans ce virage-l\u00e0, lui il a frein\u00e9 plus tard et il s&rsquo;est arr\u00eat\u00e9 plus vite tandis que, moi, j&rsquo;\u00e9tais l\u00e0 avec la moto qui n&rsquo;avait pas encore ralenti. Dans cette phase-l\u00e0, j&rsquo;ai une tr\u00e8s grosse limite par rapport \u00e0 comment je pilote.\u00a0\u00bb<\/p>\n<p>\u00ab\u00a0Je vais vous donner un exemple\u00a0\u00bb, ajoute encore le pilote italien pour d\u00e9crire \u00e0 quel point il est perdu. \u00ab\u00a0Pour la premi\u00e8re fois cette saison, je n\u2019arrive pas \u00e0 comprendre si j&rsquo;utilise un pneu tendre ou un dur. Ils donnent des sensations totalement diff\u00e9rentes mais, pour moi, c&rsquo;est la m\u00eame chose en pilotant la moto. C&rsquo;est la situation actuelle.\u00a0\u00bb<\/p>\n<p>\u00ab\u00a0Ce sont de petits d\u00e9tails qui ne m&rsquo;aident pas actuellement, ou qui ne me donnent pas de sensations sur l&rsquo;avant. De 2021 \u00e0 2024, j&rsquo;ai toujours eu les m\u00eames sensations et actuellement, c&rsquo;est la premi\u00e8re fois que je ne peux pas avoir de sensations sur l&rsquo;avant. C&rsquo;est un gros souci pour mon pilotage. J&rsquo;essaie de m&rsquo;adapter \u00e0 la moto mais ce n&rsquo;\u00e9tait pas simple, puis je d\u00e9truis le pneu, je ne suis pas heureux en pilotant&#8230; Ce n&rsquo;est pas simple.\u00a0\u00bb<\/p>\n<p style=\"text-align: right;\">Avec Vincent Lalanne-Sicaud<\/p>\n<p>Dans cet article<\/p>\n<p>    L\u00e9na Buffa\n<\/p>\n<p>    MotoGP\n<\/p>\n<p>    Pecco Bagnaia\n<\/p>\n<p>    Ducati Team\n<\/p>\n<p>Soyez le premier inform\u00e9 et souscrivez aux alertes mails pour recevoir les infos en temps r\u00e9el<\/p>\n<p>    S&rsquo;abonner aux alertes de news<\/p>\n","protected":false},"excerpt":{"rendered":"Son retour en premi\u00e8re ligne et sa premi\u00e8re qualification de l&rsquo;ann\u00e9e devant son co\u00e9quipier n&rsquo;auront \u00e9t\u00e9 qu&rsquo;une illusion.&hellip;\n","protected":false},"author":2,"featured_media":125941,"comment_status":"","ping_status":"","sticky":false,"template":"","format":"standard","meta":{"footnotes":""},"categories":[1413],"tags":[4950,1011,27,23124,1457,1456,1458,4951,23125,60],"class_list":{"0":"post-125940","1":"post","2":"type-post","3":"status-publish","4":"format-standard","5":"has-post-thumbnail","7":"category-moto","8":"tag-ducati-team","9":"tag-fr","10":"tag-france","11":"tag-gp-de-grande-bretagne","12":"tag-moto","13":"tag-motocycle","14":"tag-motogp","15":"tag-pecco-bagnaia","16":"tag-silverstone","17":"tag-sports"},"share_on_mastodon":{"url":"https:\/\/pubeurope.com\/@fr\/114566092845205018","error":""},"_links":{"self":[{"href":"https:\/\/www.europesays.com\/fr\/wp-json\/wp\/v2\/posts\/125940","targetHints":{"allow":["GET"]}}],"collection":[{"href":"https:\/\/www.europesays.com\/fr\/wp-json\/wp\/v2\/posts"}],"about":[{"href":"https:\/\/www.europesays.com\/fr\/wp-json\/wp\/v2\/types\/post"}],"author":[{"embeddable":true,"href":"https:\/\/www.europesays.com\/fr\/wp-json\/wp\/v2\/users\/2"}],"replies":[{"embeddable":true,"href":"https:\/\/www.europesays.com\/fr\/wp-json\/wp\/v2\/comments?post=125940"}],"version-history":[{"count":0,"href":"https:\/\/www.europesays.com\/fr\/wp-json\/wp\/v2\/posts\/125940\/revisions"}],"wp:featuredmedia":[{"embeddable":true,"href":"https:\/\/www.europesays.com\/fr\/wp-json\/wp\/v2\/media\/125941"}],"wp:attachment":[{"href":"https:\/\/www.europesays.com\/fr\/wp-json\/wp\/v2\/media?parent=125940"}],"wp:term":[{"taxonomy":"category","embeddable":true,"href":"https:\/\/www.europesays.com\/fr\/wp-json\/wp\/v2\/categories?post=125940"},{"taxonomy":"post_tag","embeddable":true,"href":"https:\/\/www.europesays.com\/fr\/wp-json\/wp\/v2\/tags?post=125940"}],"curies":[{"name":"wp","href":"https:\/\/api.w.org\/{rel}","templated":true}]}}