{"id":125946,"date":"2025-05-25T02:25:11","date_gmt":"2025-05-25T02:25:11","guid":{"rendered":"https:\/\/www.europesays.com\/fr\/125946\/"},"modified":"2025-05-25T02:25:11","modified_gmt":"2025-05-25T02:25:11","slug":"direct-cs-cdf-paris-saint-germain-stade-de-reims","status":"publish","type":"post","link":"https:\/\/www.europesays.com\/fr\/125946\/","title":{"rendered":"Direct CS (CdF) &#8211; Paris Saint-Germain \/ Stade de Reims"},"content":{"rendered":"<p>Ce samedi soir, le PSG affrontait le Stade de Reims avec<br \/>\npour ambition de soulever la 16e Coupe de France de son histoire.<br \/>\nUne mission r\u00e9ussie pour les Rouge &amp; Bleu.<\/p>\n<p>Avant de penser \u00e0 sa finale de <strong>Ligue des<br \/>\nchampions<\/strong> le 31 mai prochain, le <strong>PSG<\/strong><br \/>\navait un autre objectif \u00e0 remplir ce samedi. Oppos\u00e9 au<br \/>\n<strong>Stade de Reims<\/strong> ce samedi soir en finale de<br \/>\n<strong><a href=\"https:\/\/canal-supporters.com\/cdf-les-chiffres-cles-avant-la-finale-psg-reims\/\" title=\"\" target=\"_blank\" rel=\"noopener\">Coupe de France<\/a><\/strong>, le club de la capitale avait<br \/>\n\u00e0 coeur de soulever son 16e troph\u00e9e dans cette comp\u00e9tition et<br \/>\nmarquer encore plus l\u2019histoire du football fran\u00e7ais. Et pour cela,<br \/>\n<strong><a href=\"https:\/\/canal-supporters.com\/luis-enrique-on-veut-marquer-lhistoire-depuis-le-premier-jour-avant-psg-stade-de-reims\/\" title=\"\" target=\"_blank\" rel=\"noopener\">Luis Enrique<\/a><\/strong> avait align\u00e9 une \u00e9quipe<br \/>\ncomp\u00e9titive face aux Champenois.<\/p>\n<p>Le r\u00e9sum\u00e9 du<br \/>\nmatch<\/p>\n<p>D\u00e8s le d\u00e9but de la rencontre, le <strong>PSG<\/strong> a montr\u00e9<br \/>\nson intention de remporter ce troph\u00e9e avec un pressing haut et une<br \/>\ndomination totale dans le camp adverse. Mais face au bloc bas du<br \/>\n<strong>Stade de Reims<\/strong>, les Parisiens ont manqu\u00e9 de<br \/>\njustesse dans le dernier geste, sur une pelouse compliqu\u00e9e. Mais<br \/>\nrapidement, les Rouge &amp; Bleu ont fait sauter le verrou r\u00e9mois. Sur<br \/>\nune belle passe en profondeur de <strong>D\u00e9sir\u00e9 Dou\u00e9<\/strong>,<br \/>\n<strong>Bradley Barcola<\/strong> a tromp\u00e9 <strong>Yehvann<br \/>\nDiouf<\/strong> d\u2019une frappe plac\u00e9e (1-0, 17e). Le d\u00e9but du show de<br \/>\nl\u2019ancien Lyonnais. Dans la foul\u00e9e, les deux hommes ont r\u00e9p\u00e9t\u00e9 le<br \/>\nm\u00eame sch\u00e9ma pour mettre rapidement le coup de massue sur la t\u00eate<br \/>\ndes Champenois avec un doubl\u00e9 de <strong>Bradley<br \/>\nBarcola<\/strong> (2-0, 20e). En mode rouleau compresseur, les<br \/>\njoueurs de <strong>Luis Enrique<\/strong> n\u2019ont laiss\u00e9 aucune miette<br \/>\n\u00e0 leurs adversaires compl\u00e8tement pris dans l\u2019intensit\u00e9 parisienne.<br \/>\nSi <strong>Ousmane Demb\u00e9l\u00e9<\/strong> n\u2019a pas r\u00e9ussi \u00e0 r\u00e9gler la mire<br \/>\nface au but (32e, 40e), les champions de France sont rentr\u00e9s aux<br \/>\nvestiaires avec une avance de trois buts. Double buteur,<br \/>\n<strong>Bradley Barcola<\/strong> s\u2019est transform\u00e9 en passeur avec<br \/>\nun centre parfait pour <strong>Achraf Hakimi<\/strong> au second<br \/>\npoteau (3-0, 43e). Tr\u00e8s s\u00e9rieux face \u00e0 un adversaire d\u00e9pass\u00e9, le<br \/>\n<strong>PSG<\/strong> a regagn\u00e9 les vestiaires avec ce large score<br \/>\n(3-0).<\/p>\n<p>En seconde p\u00e9riode, le <strong>PSG<\/strong> est entr\u00e9 en mode<br \/>\ngestion en vue de sa finale de <strong>Ligue des champions<\/strong><br \/>\nface \u00e0 <strong>l\u2019Inter<\/strong> la semaine prochaine (31 mai). Mais<br \/>\ncela n\u2019a pas emp\u00each\u00e9 les Rouge &amp; Bleu de se procurer quelques<br \/>\noccasions franches. <strong>Bradley Barcola<\/strong> (58e) \u00e9tait<br \/>\nproche d\u2019un tripl\u00e9 mais <strong>Yehvann Diouf<\/strong> s\u2019est<br \/>\ninterpos\u00e9 tandis qu\u2019<strong>Ousmane Demb\u00e9l\u00e9<\/strong> a trouv\u00e9 le<br \/>\npoteau du portier r\u00e9mois (63e).<\/p>\n<p>Fil du<br \/>\nmatch<\/p>\n<ul class=\"wp-block-list\">\n<li><strong>0\u2032 Le coup d\u2019envoi est donn\u00e9 par Reims. Bon match \u00e0 toutes et \u00e0 tous !!!<\/strong><\/li>\n<li>2\u2032 Premier bon ballon dans la surface pour Nuno Mendes, mais le Portugais glisse et perd le ballon. Le lat\u00e9ral gauche avait \u00e9t\u00e9 parfaitement trouv\u00e9 sur une longue passe en profondeur.<\/li>\n<li>5\u2032 La frappe lointaine de Kon\u00e9 est capt\u00e9e sans difficult\u00e9 par Safonov. C\u2019est le premier tir cadr\u00e9 du match.<\/li>\n<li>6\u2032 Les Parisiens sont tr\u00e8s bien rentr\u00e9s dans leur match en r\u00e9cup\u00e9rant haut les ballons dans le camp adverse.<\/li>\n<li><strong>8\u2032 La voici la premi\u00e8re occasion du PSG. Trouv\u00e9 par une passe subtile de Demb\u00e9l\u00e9, Hakimi a tout le temps de centrer mais glisse au moment de sa passe. Mais, le Marocain parvient tout de m\u00eame \u00e0 trouver en retrait Demb\u00e9l\u00e9, dont la frappe est d\u00e9tourn\u00e9e par la d\u00e9fense r\u00e9moise.<\/strong><\/li>\n<li>10\u2032 Les Parisiens poussent tr\u00e8s forts pour ouvrir le score. Cette fois-ci, c\u2019est au tour de Dou\u00e9 de semer la panique dans la d\u00e9fense de Reims, qui d\u00e9gage en panique.<\/li>\n<li><strong>12\u2032 Tr\u00e8s bel encha\u00eenement de Dou\u00e9, qui \u00e9limine son adversaire d\u2019une roulette avant de frappe au-dessus de la cage de Diouf.<\/strong><\/li>\n<li><strong>17\u2032 BUTTTTTTTTTT POUR LE PSG DE BARCOLAAAAAAA (1-0). Quel contre du PSG !!!!! Trouv\u00e9 par Vitinha dans l\u2019axe, Dou\u00e9 avance balle au pied et sert parfaitement Barcola dans la profondeur. Le Fran\u00e7ais trompe Diouf d\u2019une frappe parfaitement plac\u00e9e. Son 20e but cette saison.<\/strong><\/li>\n<li><strong>19\u2032 LE DOUBLE POUR BARCOLAAAAAA (2-0). \u00c7a va trop vite pour les R\u00e9mois. Sur une action parfaitement men\u00e9e, Marquinhos trouve magnifiquement Dou\u00e9 dans la profondeur, qui sert sur un plateau Barcola au second poteau, qui n\u2019a plus qu\u2019\u00e0 conclure face au but vide.<\/strong><\/li>\n<li>20\u2032 Quel d\u00e9but de match des Parisiens.<\/li>\n<li><strong>27\u2032 Barcola proche du tripl\u00e9. Apr\u00e8s une r\u00e9cup\u00e9ration haute de J.Neves, l\u2019action se poursuit et Barcola bute sur Diouf. Le num\u00e9ro 29 parisien semblait de toute fa\u00e7on en position de hors-jeu.<\/strong><\/li>\n<li>29\u2032 Les Parisiens ne laissent aucune miette aux R\u00e9mois \u00e0 l\u2019image des replis d\u00e9fensifs.<\/li>\n<li><strong>32\u2032 Le PSG proche du troisi\u00e8me but, mais ni Demb\u00e9l\u00e9 ni Hakimi ne parviennent \u00e0 marquer.<\/strong><\/li>\n<li>36\u2032 La frappe enroul\u00e9e de Dou\u00e9 est d\u00e9tourn\u00e9e par un d\u00e9fense et passe juste au-dessus du but de Diouf. Le corner qui suit ne donnera rien.<\/li>\n<li><strong>40\u2032 Demb\u00e9l\u00e9 rate le cadre !!! Apr\u00e8s une grosse agressivit\u00e9 sur le porteur adverse, Hakimi sert rapidement Demb\u00e9l\u00e9 dont le tir crois\u00e9 passe de peu \u00e0 c\u00f4t\u00e9 du poteau de Diouf. Le 3-0 n\u2019est pas loin.<\/strong><\/li>\n<li><strong>43\u2032 BUTTTTTTTTTTTTT POUR LE PSG D\u2019AKIMIIIIII (3-0) !!! Sur une nouvelle action parfaitement construite, Barcola centre au second poteau pour Hakimi qui marque d\u2019un plat du pied entre les jambes de Diouf. Quelle d\u00e9monstration des Parisiens.<\/strong><\/li>\n<li>45\u2032 Deux minutes de temps additionnel.<\/li>\n<li><strong>45\u2019+2 C\u2019est la pause au Stade de France. En mode rouleau compresseur, le PSG s\u2019est montr\u00e9 impitoyable face aux R\u00e9mois avec un score de 3-0 \u00e0 la pause gr\u00e2ce \u00e0 un doubl\u00e9 de Barcola et une r\u00e9alisation d\u2019Hakimi.<\/strong><\/li>\n<\/ul>\n<ul class=\"wp-block-list\">\n<li><strong>46\u2032 La seconde p\u00e9riode d\u00e9bute. Trois changement du c\u00f4t\u00e9 r\u00e9mois avec notamment l\u2019entr\u00e9e de Moscardo, pr\u00eat\u00e9 par le PSG.<\/strong><\/li>\n<li>47\u2032 Trouv\u00e9 par une passe d\u2019Hakimi, F.Ruiz \u00e9crase trop sa frappe et ne surprend pas Diouf, qui capte le ballon.<\/li>\n<li>52\u2032 Contact entre J.Neves et Diouf dans la surface. Pas de penalty siffl\u00e9.<\/li>\n<li><strong>53\u2032 Kvaratskhelia rentre finalement chez lui apr\u00e8s une migraine \u00e0 la t\u00eate. Le G\u00e9orgien ne fera pas son apparition sur la pelouse ce soir.<\/strong><\/li>\n<li><strong>58\u2032 Diouf s\u2019interpose sur une frappe de Barcola.<\/strong><\/li>\n<li><strong>60\u2032 Double changement pour le PSG. Nuno Mendes et Pacho c\u00e8dent leur place \u00e0 L.Hernandez et Beraldo.<\/strong><\/li>\n<li><strong>63\u2032 La frappe de Demb\u00e9l\u00e9 qui trouve le poteau de Diouf !!! Les Parisiens tentent de marquer le quatri\u00e8me but.<\/strong><\/li>\n<li>65\u2032 Demb\u00e9l\u00e9 trouve la transversale sur un ballon piqu\u00e9. Le num\u00e9ro 10 parisien \u00e9tait de toute fa\u00e7on nettement en position de hors-jeu.<\/li>\n<li><strong>71\u2032 Triple changement pour le PSG. J.Neves, Vitinha et Dou\u00e9 c\u00e8dent leur place \u00e0 Mayulu, Za\u00efre-Emery et G.Ramos.<\/strong><\/li>\n<li>74\u2032 Apr\u00e8s une belle perc\u00e9e balle au pied de Mayulu, le ballon arrive dans les pieds de G.Ramos \u00e0 l\u2019entr\u00e9e de la surface. La frappe du Portugais est capt\u00e9e par Diouf.<\/li>\n<li>84\u2032 Les Parisiens sont rentr\u00e9s en mode gestion dans cette fin de rencontre.<\/li>\n<li>87\u2032 Apr\u00e8s avoir \u00e9limin\u00e9 Kipr\u00e9, Demb\u00e9l\u00e9 pousse trop loin son ballon permettant \u00e0 la d\u00e9fense r\u00e9moise de se d\u00e9gager.<\/li>\n<li><strong>88\u2032 Les ultras parisiens se font entendre. Le PSG est \u00e0 quelques minutes de soulever sa 16e Coupe de France et de r\u00e9aliser le tripl\u00e9 national.<\/strong><\/li>\n<li>90\u2032 Une minute de temps additionnel.<\/li>\n<li><strong>90\u2019+1 C\u2019est termin\u00e9 !!!!! En totale d\u00e9monstration, le PSG remporte facilement cette finale de Coupe de France face au Stade de Reims (3-0) et r\u00e9alise le tripl\u00e9 national pour la deuxi\u00e8me ann\u00e9e cons\u00e9cutive !!!!<\/strong><\/li>\n<\/ul>\n<p>Feuille de match Paris Saint-Germain \/<br \/>\nStade de Reims<\/p>\n<p>Finale de\u00a0<strong><a href=\"https:\/\/www.fff.fr\/competition\/engagement\/420183-coupe-de-france\/phase\/2\/index.html\" target=\"_blank\" rel=\"noreferrer noopener\">Coupe de<br \/>\nFrance<\/a><\/strong>\u00a0\u2013 Stade : Stade de France \u2013 Horaire : 21<br \/>\nheures \u2013 Diffuseurs :\u00a0France 2\u00a0et\u00a0beIN<br \/>\nSPORTS 1\u00a0\u2013 Arbitre principal :\u00a0<strong>Beno\u00eet<br \/>\nBastien<\/strong>\u00a0\u2013 Arbitres assistants :\u00a0<strong>Hicham<br \/>\nZakrani<\/strong>\u00a0et\u00a0<strong>Aur\u00e9lien<br \/>\nBerthomieu<\/strong>\u00a0\u2013 Quatri\u00e8me arbitre :\u00a0<strong>J\u00e9r\u00e9mie<br \/>\nPignard<\/strong>\u00a0\u2013 VAR :\u00a0<strong>Nicolas<br \/>\nRainville<\/strong>\u00a0et\u00a0<strong>Marc Bollengier<\/strong> \u2013<br \/>\n<strong>Buts<\/strong> : Barcola (17e, 19e), Hakimi (43e)<\/p>\n<ul class=\"wp-block-list\">\n<li>Le XI du\u00a0<strong>PSG<\/strong>\u00a0: Safonov \u2013 Hakimi,<br \/>\nMarquinhos (c), Pacho (Beraldo, 60e), Nuno Mendes (L.Hernandez,<br \/>\n60e) \u2013 J.Neves (Mayulu, 71e), Vitinha (Za\u00efre-Emery, 71e), F.Ruiz \u2013<br \/>\nBarcola, Demb\u00e9l\u00e9, Dou\u00e9 (G.Ramos, 71e)<\/p>\n<ul class=\"wp-block-list\">\n<li>Rempla\u00e7ants : Donnarumma, Beraldo (60e), L.Hernandez (60e), Za\u00efre-Emery (71e), Mayulu (71e), Lee, Mbaye, G.Ramos (71e), Kvaratskhelia<\/li>\n<\/ul>\n<\/li>\n<li>Le XI de\u00a0<strong>Reims<\/strong>\u00a0: Diouf (c) \u2013 Sekine,<br \/>\nOkumu (Moscardo, 46e), Gbane, Krip\u00e9, Akieme \u2013 Ito (Tia, 46e),<br \/>\nAtangana, Kon\u00e9 (Patrick, 74e), Nakamura (Diakhon, 63e) \u2013 Siebatcheu<br \/>\n(Diakit\u00e9, 46e)<\/p>\n<ul class=\"wp-block-list\">\n<li>Rempla\u00e7ants : Olliero, Diakhon (63e), Patrick (74e), Jeng, Buta, Tia (46e), Diakit\u00e9 (46e), Sangui, Moscardo (46e)<\/li>\n<\/ul>\n<\/li>\n<\/ul>\n<p>Youtube :<br \/>\n<strong><a href=\"https:\/\/www.youtube.com\/@CanalSupportersParis\" target=\"_blank\" rel=\"noopener\" title=\"\">Canal Supporters<br \/>\nParis<\/a><\/strong><\/p>\n","protected":false},"excerpt":{"rendered":"Ce samedi soir, le PSG affrontait le Stade de Reims avec pour ambition de soulever la 16e Coupe&hellip;\n","protected":false},"author":2,"featured_media":125947,"comment_status":"","ping_status":"","sticky":false,"template":"","format":"standard","meta":{"footnotes":""},"categories":[1410],"tags":[81,83,787,24919,24898,63,1011,27,24920,91,92,93,21185,22630,60,96],"class_list":{"0":"post-125946","1":"post","2":"type-post","3":"status-publish","4":"format-standard","5":"has-post-thumbnail","7":"category-football","8":"tag-canal-supporters","9":"tag-coupe-de-france","10":"tag-cs","11":"tag-direct-cs","12":"tag-finale-cdf","13":"tag-football","14":"tag-fr","15":"tag-france","16":"tag-live-cs","17":"tag-paris-saint-germain","18":"tag-paris-sg","19":"tag-psg","20":"tag-psg-sdr","21":"tag-psg-reims","22":"tag-sports","23":"tag-une"},"share_on_mastodon":{"url":"https:\/\/pubeurope.com\/@fr\/114566104576317162","error":""},"_links":{"self":[{"href":"https:\/\/www.europesays.com\/fr\/wp-json\/wp\/v2\/posts\/125946","targetHints":{"allow":["GET"]}}],"collection":[{"href":"https:\/\/www.europesays.com\/fr\/wp-json\/wp\/v2\/posts"}],"about":[{"href":"https:\/\/www.europesays.com\/fr\/wp-json\/wp\/v2\/types\/post"}],"author":[{"embeddable":true,"href":"https:\/\/www.europesays.com\/fr\/wp-json\/wp\/v2\/users\/2"}],"replies":[{"embeddable":true,"href":"https:\/\/www.europesays.com\/fr\/wp-json\/wp\/v2\/comments?post=125946"}],"version-history":[{"count":0,"href":"https:\/\/www.europesays.com\/fr\/wp-json\/wp\/v2\/posts\/125946\/revisions"}],"wp:featuredmedia":[{"embeddable":true,"href":"https:\/\/www.europesays.com\/fr\/wp-json\/wp\/v2\/media\/125947"}],"wp:attachment":[{"href":"https:\/\/www.europesays.com\/fr\/wp-json\/wp\/v2\/media?parent=125946"}],"wp:term":[{"taxonomy":"category","embeddable":true,"href":"https:\/\/www.europesays.com\/fr\/wp-json\/wp\/v2\/categories?post=125946"},{"taxonomy":"post_tag","embeddable":true,"href":"https:\/\/www.europesays.com\/fr\/wp-json\/wp\/v2\/tags?post=125946"}],"curies":[{"name":"wp","href":"https:\/\/api.w.org\/{rel}","templated":true}]}}