{"id":125948,"date":"2025-05-25T02:26:13","date_gmt":"2025-05-25T02:26:13","guid":{"rendered":"https:\/\/www.europesays.com\/fr\/125948\/"},"modified":"2025-05-25T02:26:13","modified_gmt":"2025-05-25T02:26:13","slug":"camille-santoro-familles-nombreuses-sublime-en-robe-sirene-cette-tenue-revelatrice-quelle-aurait-du-porter-a-cannes","status":"publish","type":"post","link":"https:\/\/www.europesays.com\/fr\/125948\/","title":{"rendered":"Camille Santoro (Familles nombreuses) sublime en robe sir\u00e8ne, cette tenue r\u00e9v\u00e9latrice qu&rsquo;elle aurait d\u00fb porter \u00e0 Cannes"},"content":{"rendered":"<p>Invit\u00e9e au Festival de Cannes 2025, Camille Santoro, qui s&rsquo;est fait conna\u00eetre gr\u00e2ce \u00e0 l&rsquo;\u00e9mission Familles nombreuses, a port\u00e9 une sobre robe noire pour monter les c\u00e9l\u00e8bres marches, mais c&rsquo;est une tout autre tenue de gala, bien plus r\u00e9v\u00e9latrice, qu&rsquo;elle vient de d\u00e9voiler sur Instagram.<\/p>\n<p>Cette semaine n&rsquo;\u00e9tait pas une semaine comme les autres pour Camille Santoro. La jeune maman de six enfants, r\u00e9v\u00e9l\u00e9e dans l&rsquo;\u00e9mission Familles nombreuses, a en effet foul\u00e9 le tapis rouge du Festival de Cannes, mercredi 21 mai, \u00e0 l&rsquo;occasion de la mont\u00e9e des marches du film History of Sound. Une pr\u00e9sence sur la Croisette qui <a href=\"https:\/\/www.programme-tv.net\/news\/tele-realite\/379596-je-vous-comprends-camille-santoro-famille-nombreuses-illegitime-sur-le-tapis-rouge-de-cannes-elle-repond\/\" data-api-deeplink=\"teleloisirs:\/\/news\/379596\" rel=\"nofollow noopener\" target=\"_blank\">lui a valu quelques critiques<\/a>, de la part d&rsquo;internautes qui se demandaient pour quelle raison Camille Santoro s&rsquo;\u00e9tait m\u00eal\u00e9e au milieu du cin\u00e9ma. Elle avait alors balay\u00e9 les remarques des haters, tout en restant tr\u00e8s humble. \u00ab\u00a0Je ne me prends pas pour une autre, je sais exactement qui je suis et d&rsquo;o\u00f9 je viens\u00a0\u00bb, avait r\u00e9agi sur Instagram la jeune femme, qui a indiqu\u00e9 avoir simplement re\u00e7u une invitation.<\/p>\n<p>\u00ab\u00a0Pourquoi tu n&rsquo;as pas mis celle-ci ?\u00a0\u00bb, Lucie Gabossi s&rsquo;interroge avec humour sur le choix de la robe de Camille Santoro \u00e0 Cannes<\/p>\n<p>Ce samedi 24 mai, Camille Santoro a \u00e0 nouveau pris la parole sur Instagram, trois jours apr\u00e8s cette journ\u00e9e de gala qui l&rsquo;a amen\u00e9e \u00e0 marcher sur le m\u00eame tapis rouge que <a href=\"https:\/\/www.programme-tv.net\/news\/cinema\/379443-festival-de-cannes-2025-paul-mescal-tres-elegant-teri-hatcher-eblouissante-hollywood-en-force-sur-le-tapis-rouge-pour-la-montee-des-marches-du-film-the-history-of-sound\/\" data-api-deeplink=\"teleloisirs:\/\/news\/379443\" rel=\"nofollow noopener\" target=\"_blank\">Teri Hatcher, Naomi Campbell ou Adriana Karembeu<\/a>. \u00ab\u00a0Je rentre avec le c\u0153ur rempli de merveilleux souvenirs et la reconnaissance \u00e9ternelle d\u2019avoir pu vivre ces moments\u00a0\u00bb, \u00e9crit-elle. Son message est accompagn\u00e9 d&rsquo;une s\u00e9rie de photos, o\u00f9 elle appara\u00eet dans une splendide robe sir\u00e8ne blanche, qui joue sur la transparence, tr\u00e8s en vogue. Cette tenue de gala moulante et r\u00e9v\u00e9latrice des courbes de la jeune femme a d&rsquo;ailleurs tap\u00e9 dans l\u2019\u0153il de l&rsquo;influenceuse Lucie Gabossi, qui a r\u00e9pondu \u00e0 son post en faisant r\u00e9f\u00e9rence \u00e0 sa participation au Festival de Cannes. \u00ab\u00a0Mais pourquoi tu n&rsquo;as pas mis celle-ci pour la mont\u00e9e\u00a0?\u00a0\u00bb, lui \u00e9crit-elle. \u00ab\u00a0J&rsquo;ai pas assum\u00e9\u00a0\u00bb, lui r\u00e9pond alors Camille Santoro, accompagnant son commentaire avec un emoji d&rsquo;un petit singe se cachant les yeux.<\/p>\n<p>                        Camille Santoro a-t-elle jou\u00e9 la sobri\u00e9t\u00e9, pour respecter la r\u00e9glementation du Festival de Cannes ?<\/p>\n<p><a href=\"https:\/\/www.programme-tv.net\/news\/people\/378828-le-nouveau-dress-code-ultra-strict-du-festival-de-cannes-deja-contourne-heidi-klum-frederique-bel-ou-bella-hadid-ont-ose-le-braver-photos\/\" data-api-deeplink=\"teleloisirs:\/\/news\/378828\" rel=\"nofollow noopener\" target=\"_blank\">La nouvelle r\u00e9glementation du Festival de Cannes<\/a> a-t-elle fait peur \u00e0 Camille Santoro, qui a pr\u00e9f\u00e9r\u00e9 gravir les marches du Palais des festivals avec une longue robe noire fendue\u00a0? Il y a quelques semaines, la direction du rendez-vous international du septi\u00e8me art avait en effet indiqu\u00e9 que d\u00e9sormais, la sobri\u00e9t\u00e9 \u00e9tait de rigueur sur le tapis rouge. Exit, notamment, la nudit\u00e9, sur laquelle avaient mis\u00e9 bon nombre de c\u00e9l\u00e9brit\u00e9s ces derni\u00e8res ann\u00e9es.<\/p>\n<p><b>Pour d\u00e9couvrir la publication et les photos de Camille Santoro, <\/b><a href=\"https:\/\/www.instagram.com\/p\/DKCNlayMqYW\/\" rel=\"nofollow noopener\" target=\"_blank\"><b>cliquez ICI<\/b><\/a><b>.<\/b><\/p>\n<p>Article \u00e9crit en collaboration avec 6Medias<\/p>\n<p>        <script async src=\"\/\/www.instagram.com\/embed.js\"><\/script><\/p>\n","protected":false},"excerpt":{"rendered":"Invit\u00e9e au Festival de Cannes 2025, Camille Santoro, qui s&rsquo;est fait conna\u00eetre gr\u00e2ce \u00e0 l&rsquo;\u00e9mission Familles nombreuses, a&hellip;\n","protected":false},"author":2,"featured_media":125949,"comment_status":"","ping_status":"","sticky":false,"template":"","format":"standard","meta":{"footnotes":""},"categories":[1359],"tags":[4979,244,58,59,4980,5634,1011,27,973,987,2175],"class_list":{"0":"post-125948","1":"post","2":"type-post","3":"status-publish","4":"format-standard","5":"has-post-thumbnail","7":"category-people","8":"tag-camille-santoro","9":"tag-commentaire","10":"tag-divertissement","11":"tag-entertainment","12":"tag-familles-nombreuses-la-vie-en-xxl","13":"tag-festival-de-cannes","14":"tag-fr","15":"tag-france","16":"tag-people","17":"tag-robe","18":"tag-tl-story"},"share_on_mastodon":{"url":"https:\/\/pubeurope.com\/@fr\/114566108690807452","error":""},"_links":{"self":[{"href":"https:\/\/www.europesays.com\/fr\/wp-json\/wp\/v2\/posts\/125948","targetHints":{"allow":["GET"]}}],"collection":[{"href":"https:\/\/www.europesays.com\/fr\/wp-json\/wp\/v2\/posts"}],"about":[{"href":"https:\/\/www.europesays.com\/fr\/wp-json\/wp\/v2\/types\/post"}],"author":[{"embeddable":true,"href":"https:\/\/www.europesays.com\/fr\/wp-json\/wp\/v2\/users\/2"}],"replies":[{"embeddable":true,"href":"https:\/\/www.europesays.com\/fr\/wp-json\/wp\/v2\/comments?post=125948"}],"version-history":[{"count":0,"href":"https:\/\/www.europesays.com\/fr\/wp-json\/wp\/v2\/posts\/125948\/revisions"}],"wp:featuredmedia":[{"embeddable":true,"href":"https:\/\/www.europesays.com\/fr\/wp-json\/wp\/v2\/media\/125949"}],"wp:attachment":[{"href":"https:\/\/www.europesays.com\/fr\/wp-json\/wp\/v2\/media?parent=125948"}],"wp:term":[{"taxonomy":"category","embeddable":true,"href":"https:\/\/www.europesays.com\/fr\/wp-json\/wp\/v2\/categories?post=125948"},{"taxonomy":"post_tag","embeddable":true,"href":"https:\/\/www.europesays.com\/fr\/wp-json\/wp\/v2\/tags?post=125948"}],"curies":[{"name":"wp","href":"https:\/\/api.w.org\/{rel}","templated":true}]}}