{"id":125952,"date":"2025-05-25T02:28:14","date_gmt":"2025-05-25T02:28:14","guid":{"rendered":"https:\/\/www.europesays.com\/fr\/125952\/"},"modified":"2025-05-25T02:28:14","modified_gmt":"2025-05-25T02:28:14","slug":"abel-quentin-et-justine-augier-laureats-du-prix-du-livre-la-tribune-dimanche","status":"publish","type":"post","link":"https:\/\/www.europesays.com\/fr\/125952\/","title":{"rendered":"Abel Quentin et Justine Augier laur\u00e9ats du prix du livre \u00ab\u202fLa Tribune Dimanche\u202f\u00bb"},"content":{"rendered":"<p>\u00ab\u00a0Les gens comme moi sont naturellement attir\u00e9s par les obsessionnels, ceux qui poursuivent leur id\u00e9e contre le monde, qui br\u00fblent d&rsquo;un grand feu et n&rsquo;ont pas besoin de chercher, \u00e0 l&rsquo;ext\u00e9rieur, des raisons de croire et d&rsquo;exister\u202f\u00bb, confie Rudy, le journaliste qu&rsquo;<a href=\"https:\/\/www.latribune.fr\/la-tribune-dimanche\/la-tribune-dimanche-n-52-29-septembre-2024\/abel-quentin-les-gens-comme-moi-sont-naturellement-attires-par-les-obsessionnels-ceux-qui-brulent-d-un-grand-feu-1007534.html\" target=\"_blank\" rel=\"noopener\">Abel Quentin a mis au c\u0153ur de sa Cabane<\/a>.<\/p>\n<p>L&rsquo;\u00ab\u202fobsessionnel\u202f\u00bb sur les traces duquel part ici le narrateur-enqu\u00eateur est un g\u00e9nie norv\u00e9gien des math\u00e9matiques devenu un pr\u00e9dicateur hant\u00e9 par la surpopulation depuis qu&rsquo;il a, avec trois autres sp\u00e9cialistes de la dynamique des syst\u00e8mes, concouru \u00e0 l&rsquo;\u00e9laboration du \u00ab\u202frapport 21\u202f\u00bb. Ainsi Abel Quentin a-t\u2011il rebaptis\u00e9 un rapport bien r\u00e9el tomb\u00e9 dans l&rsquo;oubli, ou plut\u00f4t dans le d\u00e9ni \u2009: le rapport \u00adMeadows, du nom de deux de ses auteurs, command\u00e9 en 1970 \u00e0 quatre chercheurs par un cercle de r\u00e9flexion qui se fit mondialement conna\u00eetre \u00e0 cette occasion, le club de Rome.<\/p>\n","protected":false},"excerpt":{"rendered":"\u00ab\u00a0Les gens comme moi sont naturellement attir\u00e9s par les obsessionnels, ceux qui poursuivent leur id\u00e9e contre le monde,&hellip;\n","protected":false},"author":2,"featured_media":125953,"comment_status":"","ping_status":"","sticky":false,"template":"","format":"standard","meta":{"footnotes":""},"categories":[1357],"tags":[17,24921,24923,1379,58,59,1011,27,24922,3102,24924,2003,1380,2141,22808],"class_list":{"0":"post-125952","1":"post","2":"type-post","3":"status-publish","4":"format-standard","5":"has-post-thumbnail","7":"category-livres","8":"tag-17","9":"tag-abel","10":"tag-augier","11":"tag-books","12":"tag-divertissement","13":"tag-entertainment","14":"tag-fr","15":"tag-france","16":"tag-justine","17":"tag-la-tribune-dimanche","18":"tag-laureats","19":"tag-livre","20":"tag-livres","21":"tag-prix","22":"tag-quentin"},"share_on_mastodon":{"url":"https:\/\/pubeurope.com\/@fr\/114566116408101779","error":""},"_links":{"self":[{"href":"https:\/\/www.europesays.com\/fr\/wp-json\/wp\/v2\/posts\/125952","targetHints":{"allow":["GET"]}}],"collection":[{"href":"https:\/\/www.europesays.com\/fr\/wp-json\/wp\/v2\/posts"}],"about":[{"href":"https:\/\/www.europesays.com\/fr\/wp-json\/wp\/v2\/types\/post"}],"author":[{"embeddable":true,"href":"https:\/\/www.europesays.com\/fr\/wp-json\/wp\/v2\/users\/2"}],"replies":[{"embeddable":true,"href":"https:\/\/www.europesays.com\/fr\/wp-json\/wp\/v2\/comments?post=125952"}],"version-history":[{"count":0,"href":"https:\/\/www.europesays.com\/fr\/wp-json\/wp\/v2\/posts\/125952\/revisions"}],"wp:featuredmedia":[{"embeddable":true,"href":"https:\/\/www.europesays.com\/fr\/wp-json\/wp\/v2\/media\/125953"}],"wp:attachment":[{"href":"https:\/\/www.europesays.com\/fr\/wp-json\/wp\/v2\/media?parent=125952"}],"wp:term":[{"taxonomy":"category","embeddable":true,"href":"https:\/\/www.europesays.com\/fr\/wp-json\/wp\/v2\/categories?post=125952"},{"taxonomy":"post_tag","embeddable":true,"href":"https:\/\/www.europesays.com\/fr\/wp-json\/wp\/v2\/tags?post=125952"}],"curies":[{"name":"wp","href":"https:\/\/api.w.org\/{rel}","templated":true}]}}