{"id":125964,"date":"2025-05-25T02:34:08","date_gmt":"2025-05-25T02:34:08","guid":{"rendered":"https:\/\/www.europesays.com\/fr\/125964\/"},"modified":"2025-05-25T02:34:08","modified_gmt":"2025-05-25T02:34:08","slug":"om-jul-devoile-sur-scene-le-maillot-domicile-de-la-saison-2025-2026","status":"publish","type":"post","link":"https:\/\/www.europesays.com\/fr\/125964\/","title":{"rendered":"OM. Jul d\u00e9voile sur sc\u00e8ne le maillot domicile de la saison 2025-2026"},"content":{"rendered":"<p>Alors que tous les supporters de l&rsquo;OM se demandaient de quoi pourrait bien avoir l&rsquo;air la prochaine tunique des Olympiens qui devrait sans doute faire fureur au regard <a href=\"https:\/\/www.laprovence.com\/article\/om\/3418884797391914\/om-le-conseil-de-classe-des-olympiens\" target=\"_blank\" rel=\"noopener\">des attentes que suscitent la prochaine saison<\/a> et le retour en Ligue des champions, elle a finalement \u00e9t\u00e9 d\u00e9voil\u00e9e par surprise par le plus c\u00e9l\u00e8bre des fid\u00e8les de l&rsquo;Olympique.<\/p>\n<p>Jul a boucl\u00e9 <a href=\"https:\/\/www.laprovence.com\/article\/culture-loisirs\/5018650361080614\/jul-au-velodrome-un-concert-sans-fin-150-000-spectateurs-en-deux-jours-nouveau-record-pour-le-j\" target=\"_blank\" rel=\"noopener\">son deuxi\u00e8me V\u00e9lodrome cons\u00e9cutif<\/a> ce samedi avec un nouveau show de rockstar. Et pour conclure ce doubl\u00e9 \u00e0 domicile, l&rsquo;Ovni a rev\u00eatu en exclusivit\u00e9 le maillot domicile de la saison 2025-2026 de l&rsquo;OM.<\/p>\n<p>Finition bleue sur les manches et rappel sur le col fa\u00e7on polo, la nouvelle \u00e9dition devrait satisfaire le public marseillais&#8230; et le J lui-m\u00eame, dont le label <a href=\"https:\/\/www.laprovence.com\/actu\/en-direct\/1459646586785816\/lom-et-jul-sassocient-pour-une-collaboration-inedite-le-logo-d-p-s-affichera-sur-la-manche-du-maillot-olympien\" target=\"_blank\" rel=\"noopener\">D&rsquo;Or et de Platine appara\u00eet toujours sur le maillot<\/a> de son club de c\u0153ur. La derni\u00e8re surprise du rappeur en toute fin de spectacle sur son classique \u00ab\u00a0J&rsquo;oublie tout\u00a0\u00bb a en tout cas enflamm\u00e9 les r\u00e9seaux sociaux et provoqu\u00e9 une vague de r\u00e9actions dans l&rsquo;ensemble tr\u00e8s positives.<\/p>\n<p>Adrien Rabiot \u00e9tait d&rsquo;ailleurs &#8211; une fois n&rsquo;est pas coutume &#8211; dans les tribunes du V\u00e9lodrome pour y assister&#8230; en attendant de savoir s&rsquo;il portera ce nouveau maillot en ao\u00fbt.<\/p>\n","protected":false},"excerpt":{"rendered":"Alors que tous les supporters de l&rsquo;OM se demandaient de quoi pourrait bien avoir l&rsquo;air la prochaine tunique&hellip;\n","protected":false},"author":2,"featured_media":125965,"comment_status":"","ping_status":"","sticky":false,"template":"","format":"standard","meta":{"footnotes":""},"categories":[8],"tags":[17,851,58,15335,59,1011,27,1279,10274,149,7347,3356],"class_list":{"0":"post-125964","1":"post","2":"type-post","3":"status-publish","4":"format-standard","5":"has-post-thumbnail","7":"category-divertissement","8":"tag-17","9":"tag-devoile","10":"tag-divertissement","11":"tag-domicile","12":"tag-entertainment","13":"tag-fr","14":"tag-france","15":"tag-jul","16":"tag-maillot","17":"tag-om","18":"tag-scene","19":"tag-sur"},"share_on_mastodon":{"url":"https:\/\/pubeurope.com\/@fr\/114566140026258511","error":""},"_links":{"self":[{"href":"https:\/\/www.europesays.com\/fr\/wp-json\/wp\/v2\/posts\/125964","targetHints":{"allow":["GET"]}}],"collection":[{"href":"https:\/\/www.europesays.com\/fr\/wp-json\/wp\/v2\/posts"}],"about":[{"href":"https:\/\/www.europesays.com\/fr\/wp-json\/wp\/v2\/types\/post"}],"author":[{"embeddable":true,"href":"https:\/\/www.europesays.com\/fr\/wp-json\/wp\/v2\/users\/2"}],"replies":[{"embeddable":true,"href":"https:\/\/www.europesays.com\/fr\/wp-json\/wp\/v2\/comments?post=125964"}],"version-history":[{"count":0,"href":"https:\/\/www.europesays.com\/fr\/wp-json\/wp\/v2\/posts\/125964\/revisions"}],"wp:featuredmedia":[{"embeddable":true,"href":"https:\/\/www.europesays.com\/fr\/wp-json\/wp\/v2\/media\/125965"}],"wp:attachment":[{"href":"https:\/\/www.europesays.com\/fr\/wp-json\/wp\/v2\/media?parent=125964"}],"wp:term":[{"taxonomy":"category","embeddable":true,"href":"https:\/\/www.europesays.com\/fr\/wp-json\/wp\/v2\/categories?post=125964"},{"taxonomy":"post_tag","embeddable":true,"href":"https:\/\/www.europesays.com\/fr\/wp-json\/wp\/v2\/tags?post=125964"}],"curies":[{"name":"wp","href":"https:\/\/api.w.org\/{rel}","templated":true}]}}