{"id":125970,"date":"2025-05-25T02:37:11","date_gmt":"2025-05-25T02:37:11","guid":{"rendered":"https:\/\/www.europesays.com\/fr\/125970\/"},"modified":"2025-05-25T02:37:11","modified_gmt":"2025-05-25T02:37:11","slug":"la-famille-daccueil-de-la-fillette-morte-de-faim-dort-en-prison","status":"publish","type":"post","link":"https:\/\/www.europesays.com\/fr\/125970\/","title":{"rendered":"La famille d\u2019accueil de la fillette morte de faim dort en prison"},"content":{"rendered":"<p>Elle s\u2019appelait Ayden et \u00e9tait \u00e2g\u00e9e de 7 ans. Mardi, sa courte vie s\u2019est arr\u00eat\u00e9e dans une clinique de Papeete, la capitale de la Polyn\u00e9sie fran\u00e7aise, sur l\u2019\u00eele de <a href=\"https:\/\/www.20minutes.fr\/dossier\/tahiti\" class=\"color-ultramarine c-link\" target=\"_blank\" rel=\"noopener\">Tahiti<\/a>. C\u2019est l\u00e0 que sa famille d\u2019accueil l\u2019avait amen\u00e9e quelques heures plus t\u00f4t. Les soignants n\u2019avaient rien pu faire pour la sauver et l\u2019enfant \u00e9tait d\u00e9c\u00e9d\u00e9. L\u2019autopsie d\u2019Ayden <a href=\"https:\/\/www.20minutes.fr\/faits_divers\/4154801-20250522-polynesie-fillette-denutrie-meurt-famille-accueil-couple-arrete\" class=\"color-ultramarine c-link\" target=\"_blank\" rel=\"noopener\">avait r\u00e9v\u00e9l\u00e9 de graves maltraitances et une importante d\u00e9nutrition<\/a>. Son corps \u00e9tait couvert de bleus et pr\u00e9sentait des h\u00e9matomes importants \u00e0 l\u2019avant et \u00e0 l\u2019arri\u00e8re du cr\u00e2ne ainsi qu\u2019au thorax. Le lobe d\u2019une oreille avait \u00e9t\u00e9 arrach\u00e9. Sa maigreur extr\u00eame sugg\u00e9rait <a href=\"https:\/\/www.20minutes.fr\/dossier\/protection_de_l_enfance\" class=\"color-ultramarine c-link\" target=\"_blank\" rel=\"noopener\">qu\u2019elle ne s\u2019\u00e9tait pas aliment\u00e9e<\/a>, ou tr\u00e8s peu, pendant les semaines qui ont pr\u00e9c\u00e9d\u00e9 son d\u00e9c\u00e8s.<\/p>\n<p>En garde \u00e0 vue, l\u2019homme avait reconnu avoir port\u00e9 des coups de b\u00e2ton \u00e0 la fillette. Il a \u00e9t\u00e9 mis en examen et plac\u00e9 en d\u00e9tention. Tout comme sa compagne, poursuivie pour \u00ab\u00a0violences habituelles sur mineur ayant entra\u00een\u00e9 la mort\u00a0\u00bb et \u00ab\u00a0privation de soins ou d\u2019aliments suivie de mort\u00a0\u00bb.<\/p>\n<p>Son fr\u00e8re et sa s\u0153ur \u00e9galement violent\u00e9s<\/p>\n<p>D\u2019apr\u00e8s la procureure de la R\u00e9publique de Papeete Sol\u00e8ne Belaouar, le couple a aussi \u00e9t\u00e9 mis en examen pour \u00ab\u00a0violences habituelles\u00a0\u00bb sur le fr\u00e8re et la s\u0153ur d\u2019Ayden. Ag\u00e9s de 8 et 5 ans, les deux enfants ont \u00e9t\u00e9 plac\u00e9s en foyer. La fratrie avait \u00e9t\u00e9 retir\u00e9e cinq ans plus t\u00f4t aux parents biologiques \u00e0 la suite de <a href=\"https:\/\/www.20minutes.fr\/dossier\/violences_conjugales\" class=\"color-ultramarine c-link\" target=\"_blank\" rel=\"noopener\">violences conjugales<\/a>.<\/p>\n<\/p>\n<p>Cette affaire soul\u00e8ve des questions sur le suivi des enfants plac\u00e9s \u00e0 la fois par la Direction des solidarit\u00e9s, de la famille et de l\u2019\u00e9galit\u00e9 (DSFE) en Polyn\u00e9sie et par l\u2019institution scolaire, que la fillette ne fr\u00e9quentait plus depuis plusieurs semaines.<\/p>\n<p>Pas assez de places pour les enfants<\/p>\n<p>La vice-pr\u00e9sidente de la Polyn\u00e9sie fran\u00e7aise, Minarii Galenon, \u00e9galement ministre des Solidarit\u00e9s de la collectivit\u00e9 ultramarine, a reconnu sur la cha\u00eene locale TNTV \u00ab\u00a0une faille\u00a0\u00bb et un manque de familles d\u2019accueil et de moyens humains dans les services sociaux. En Polyn\u00e9sie fran\u00e7aise, territoire de 280.000 habitants, 2.526 mineurs sont sous mesure d\u2019assistance \u00e9ducative et 882 plac\u00e9s en familles d\u2019accueil ou dans des foyers.<\/p>\n","protected":false},"excerpt":{"rendered":"Elle s\u2019appelait Ayden et \u00e9tait \u00e2g\u00e9e de 7 ans. Mardi, sa courte vie s\u2019est arr\u00eat\u00e9e dans une clinique&hellip;\n","protected":false},"author":2,"featured_media":125971,"comment_status":"","ping_status":"","sticky":false,"template":"","format":"standard","meta":{"footnotes":""},"categories":[5],"tags":[47,11,3983,847,118,652,1011,27,14,19232,24934,12,24933,13049,2355,24932,809,798,28],"class_list":{"0":"post-125970","1":"post","2":"type-post","3":"status-publish","4":"format-standard","5":"has-post-thumbnail","7":"category-international","8":"tag-actualite","9":"tag-actualites","10":"tag-deces","11":"tag-enfant","12":"tag-faits-divers","13":"tag-famille","14":"tag-fr","15":"tag-france","16":"tag-international","17":"tag-maltraitance","18":"tag-maltraitance-infantile","19":"tag-news","20":"tag-polynesie","21":"tag-polynesie-francaise","22":"tag-protection-de-lenfance","23":"tag-tahiti","24":"tag-violence","25":"tag-violences-conjugales","26":"tag-world"},"share_on_mastodon":{"url":"https:\/\/pubeurope.com\/@fr\/114566151791976041","error":""},"_links":{"self":[{"href":"https:\/\/www.europesays.com\/fr\/wp-json\/wp\/v2\/posts\/125970","targetHints":{"allow":["GET"]}}],"collection":[{"href":"https:\/\/www.europesays.com\/fr\/wp-json\/wp\/v2\/posts"}],"about":[{"href":"https:\/\/www.europesays.com\/fr\/wp-json\/wp\/v2\/types\/post"}],"author":[{"embeddable":true,"href":"https:\/\/www.europesays.com\/fr\/wp-json\/wp\/v2\/users\/2"}],"replies":[{"embeddable":true,"href":"https:\/\/www.europesays.com\/fr\/wp-json\/wp\/v2\/comments?post=125970"}],"version-history":[{"count":0,"href":"https:\/\/www.europesays.com\/fr\/wp-json\/wp\/v2\/posts\/125970\/revisions"}],"wp:featuredmedia":[{"embeddable":true,"href":"https:\/\/www.europesays.com\/fr\/wp-json\/wp\/v2\/media\/125971"}],"wp:attachment":[{"href":"https:\/\/www.europesays.com\/fr\/wp-json\/wp\/v2\/media?parent=125970"}],"wp:term":[{"taxonomy":"category","embeddable":true,"href":"https:\/\/www.europesays.com\/fr\/wp-json\/wp\/v2\/categories?post=125970"},{"taxonomy":"post_tag","embeddable":true,"href":"https:\/\/www.europesays.com\/fr\/wp-json\/wp\/v2\/tags?post=125970"}],"curies":[{"name":"wp","href":"https:\/\/api.w.org\/{rel}","templated":true}]}}