{"id":125972,"date":"2025-05-25T02:38:10","date_gmt":"2025-05-25T02:38:10","guid":{"rendered":"https:\/\/www.europesays.com\/fr\/125972\/"},"modified":"2025-05-25T02:38:10","modified_gmt":"2025-05-25T02:38:10","slug":"sequestree-frappee-et-brulee-avec-de-lessence-le-compagnon-dune-femme-de-27-ans-mis-en-examen-dans-la-loire","status":"publish","type":"post","link":"https:\/\/www.europesays.com\/fr\/125972\/","title":{"rendered":"S\u00e9questr\u00e9e, frapp\u00e9e et br\u00fbl\u00e9e avec de l\u2019essence\u00a0: le compagnon d\u2019une femme de 27 ans mis en examen dans la Loire"},"content":{"rendered":"<p class=\"paragraph text_align_left\"><a href=\"https:\/\/www.leparisien.fr\/faits-divers\/une-femme-de-27-ans-gravement-brulee-au-chalumeau-son-conjoint-interpelle-dans-la-loire-23-05-2025-6XXQ3PU3E5HGNNFNDKAZKRM2KY.php\" target=\"_blank\" rel=\"noreferrer nofollow noopener\">Elle \u00e9tait s\u00e9questr\u00e9e depuis une dizaine de jours<\/a> quand les secours l\u2019ont d\u00e9couverte, le corps recouvert de plaies et de br\u00fblures. C\u2019est l\u2019enfer qu\u2019a v\u00e9cu une femme de 27 ans, dont le compagnon, un homme de 33 ans, a \u00e9t\u00e9 mis en examen pour \u00ab s\u00e9questration, actes de torture et de barbarie \u00bb et \u00ab tentative de meurtre \u00bb, ce vendredi, a fait savoir le parquet de Saint-\u00c9tienne \u00e0 l\u2019AFP, pr\u00e9cisant qu\u2019il a \u00e9t\u00e9 plac\u00e9 en d\u00e9tention provisoire.<\/p>\n<p class=\"paragraph text_align_left\">L\u2019homme, soup\u00e7onn\u00e9 d\u2019avoir s\u00e9questr\u00e9 et tortur\u00e9 sa conjointe dans <a href=\"https:\/\/www.leparisien.fr\/loire-42\/\" target=\"_blank\" rel=\"noreferrer nofollow noopener\">la Loire<\/a>, a \u00e9t\u00e9 interpell\u00e9 mercredi apr\u00e8s-midi au domicile qu\u2019il occupe avec la victime \u00e0 Saint-Chamond. Devant les enqu\u00eateurs, il \u00ab a reconnu tr\u00e8s partiellement \u00bb avoir br\u00fbl\u00e9 la victime, \u00ab sans admettre l\u2019avoir s\u00e9questr\u00e9 ni tortur\u00e9 \u00bb, indique dans un communiqu\u00e9 la procureure Anne Gaches.<\/p>\n<p>De \u00ab multiples br\u00fblures \u00bb et \u00ab de nombreuses plaies \u00bb<\/p>\n<p class=\"paragraph text_align_left\">La victime, une jeune femme de 27 ans, a \u00e9t\u00e9 d\u00e9couverte dans l\u2019appartement conjugal par les secours, qui avaient \u00e9t\u00e9 alert\u00e9s par l\u2019entourage du couple inquiet de ne pas avoir de nouvelles depuis une semaine, selon une source proche de l\u2019enqu\u00eate \u00e0 l\u2019AFP.<\/p>\n<p class=\"paragraph text_align_left\">Frapp\u00e9e avec un objet contondant et br\u00fbl\u00e9e avec de l\u2019essence, la jeune femme a \u00e9t\u00e9 prise en charge par le service des grands br\u00fbl\u00e9s de l\u2019H\u00f4pital Saint-Joseph Saint-Luc \u00e0 Lyon. L\u2019hypoth\u00e8se de br\u00fblures au chalumeau, \u00e9voqu\u00e9e dans un premier temps, a \u00e9t\u00e9 \u00e9cart\u00e9e.<\/p>\n<p class=\"paragraph text_align_left\">Elle \u00ab pr\u00e9sente de multiples br\u00fblures sur l\u2019ensemble du corps, ainsi que de nombreuses plaies \u00bb mais son pronostic vital \u00ab ne serait plus engag\u00e9 \u00bb, explique de son c\u00f4t\u00e9 la procureure.<\/p>\n<p>S\u00e9questr\u00e9e dans l\u2019appartement depuis le 12 mai<\/p>\n<p class=\"paragraph text_align_left\">D\u2019apr\u00e8s de premiers \u00e9l\u00e9ments d\u2019enqu\u00eate, la jeune femme \u00ab \u00e9tait s\u00e9questr\u00e9e dans cet appartement depuis le 12 mai \u00bb par celui qui \u00e9tait son compagnon depuis environ deux mois, ajoute-t-elle. Elle s\u2019est vue prescrire une ITT (Interruption totale de travail) provisoire de 90 jours, a pr\u00e9cis\u00e9 une autre source proche de l\u2019enqu\u00eate.<\/p>\n<p class=\"lp-card-podcast-highlighting__title  lp-f-subtitle-05\">Les disparus du camp militaire de Mourmelon (1\/2)<\/p>\n<p class=\"lp-card-podcast-highlighting__description lp-f-ui-05\">Crime story raconte chaque semaine les grandes affaires criminelles.<\/p>\n<p><a class=\"lp-card-podcast-highlighting__call-to-action\" data-page-type=\"HP\" data-block-name=\"podcast-highlight\">\u00c9couter<\/a><\/p>\n<p class=\"paragraph text_align_left\">L\u2019enqu\u00eate a \u00e9t\u00e9 confi\u00e9e \u00e0 la Division de la criminalit\u00e9 territoriale de Saint-\u00c9tienne.<\/p>\n<p class=\"paragraph text_align_left\"><a href=\"https:\/\/www.leparisien.fr\/faits-divers\/feminicides-francais-dage-moyen-inactif-le-profil-type-du-meurtrier-07-04-2023-X4BIDNOEIJGBNDST3A6T2GWKSQ.php\" target=\"_blank\" rel=\"noreferrer nofollow noopener\">L\u2018homme est d\u00e9j\u00e0 connu des services de police et de justice<\/a>. En 2017, il a \u00e9t\u00e9 condamn\u00e9 \u00ab \u00e0 une peine de prison pour des faits de violences conjugales sur une autre victime \u00bb, ajoute la magistrate. Il est aussi connu de la justice pour vols et d\u00e9linquance routi\u00e8re.<\/p>\n","protected":false},"excerpt":{"rendered":"Elle \u00e9tait s\u00e9questr\u00e9e depuis une dizaine de jours quand les secours l\u2019ont d\u00e9couverte, le corps recouvert de plaies&hellip;\n","protected":false},"author":2,"featured_media":125973,"comment_status":"","ping_status":"","sticky":false,"template":"","format":"standard","meta":{"footnotes":""},"categories":[4],"tags":[11,459,118,1011,27,12,25],"class_list":{"0":"post-125972","1":"post","2":"type-post","3":"status-publish","4":"format-standard","5":"has-post-thumbnail","7":"category-france","8":"tag-actualites","9":"tag-departements-horsidfo","10":"tag-faits-divers","11":"tag-fr","12":"tag-france","13":"tag-news","14":"tag-republique-francaise"},"share_on_mastodon":{"url":"https:\/\/pubeurope.com\/@fr\/114566155714940253","error":""},"_links":{"self":[{"href":"https:\/\/www.europesays.com\/fr\/wp-json\/wp\/v2\/posts\/125972","targetHints":{"allow":["GET"]}}],"collection":[{"href":"https:\/\/www.europesays.com\/fr\/wp-json\/wp\/v2\/posts"}],"about":[{"href":"https:\/\/www.europesays.com\/fr\/wp-json\/wp\/v2\/types\/post"}],"author":[{"embeddable":true,"href":"https:\/\/www.europesays.com\/fr\/wp-json\/wp\/v2\/users\/2"}],"replies":[{"embeddable":true,"href":"https:\/\/www.europesays.com\/fr\/wp-json\/wp\/v2\/comments?post=125972"}],"version-history":[{"count":0,"href":"https:\/\/www.europesays.com\/fr\/wp-json\/wp\/v2\/posts\/125972\/revisions"}],"wp:featuredmedia":[{"embeddable":true,"href":"https:\/\/www.europesays.com\/fr\/wp-json\/wp\/v2\/media\/125973"}],"wp:attachment":[{"href":"https:\/\/www.europesays.com\/fr\/wp-json\/wp\/v2\/media?parent=125972"}],"wp:term":[{"taxonomy":"category","embeddable":true,"href":"https:\/\/www.europesays.com\/fr\/wp-json\/wp\/v2\/categories?post=125972"},{"taxonomy":"post_tag","embeddable":true,"href":"https:\/\/www.europesays.com\/fr\/wp-json\/wp\/v2\/tags?post=125972"}],"curies":[{"name":"wp","href":"https:\/\/api.w.org\/{rel}","templated":true}]}}