{"id":125983,"date":"2025-05-25T02:48:12","date_gmt":"2025-05-25T02:48:12","guid":{"rendered":"https:\/\/www.europesays.com\/fr\/125983\/"},"modified":"2025-05-25T02:48:12","modified_gmt":"2025-05-25T02:48:12","slug":"handball-montpellier-bat-kiel-et-se-qualifie-pour-la-finale-de-la-ligue-europeenne-sport","status":"publish","type":"post","link":"https:\/\/www.europesays.com\/fr\/125983\/","title":{"rendered":"Handball. Montpellier bat Kiel et se qualifie pour la finale de la Ligue europ\u00e9enne . Sport"},"content":{"rendered":"<p>Les handballeurs de Montpellier se sont impos\u00e9s contre le THW Kiel 32 \u00e0 31 en demi-finales de la Ligue europ\u00e9enne, le deuxi\u00e8me \u00e9chelon continental, samedi dans l\u2019Arena de Hambourg et viseront le titre dimanche contre Flensbourg.<\/p>\n<p>Derri\u00e8re au score durant toute la seconde p\u00e9riode, les hommes d\u2019Erick Math\u00e9 sont repass\u00e9s devant \u00e0 une minute de la fin (31-30). C\u2019est finalement Ahmed Esham qui a inscrit le but de la victoire des H\u00e9raultais \u00e0 quatre secondes de la fin de la rencontre.<\/p>\n<p><strong>Lire aussi<\/strong>\u00a0: <a href=\"https:\/\/nantes.maville.com\/sport\/detail_-loire-atlantique-handball.-cologne-ne-change-pas-la-vie-du-preparateur-physique-du-hbc-nantes-_8-6823123_actu.Htm\" target=\"_blank\" rel=\"noopener\">Handball. Cologne ne change pas la vie du pr\u00e9parateur physique du HBC Nantes<\/a><\/p>\n<p>Double vainqueur de la Ligue des champions en 2003 et 2018, Montpellier n\u2019a jamais remport\u00e9 la Ligue europ\u00e9enne, h\u00e9riti\u00e8re de la Coupe de l\u2019EHF, l\u2019antichambre de la comp\u00e9tition de r\u00e9f\u00e9rence du handball continental.<\/p>\n<p>\u00a0<\/p>\n","protected":false},"excerpt":{"rendered":"Les handballeurs de Montpellier se sont impos\u00e9s contre le THW Kiel 32 \u00e0 31 en demi-finales de la&hellip;\n","protected":false},"author":2,"featured_media":125984,"comment_status":"","ping_status":"","sticky":false,"template":"","format":"standard","meta":{"footnotes":""},"categories":[9599],"tags":[1111,11,3809,1465,1777,674,63,1011,27,1792,1922,2208,12,2680,3086,25,479,517,1470],"class_list":{"0":"post-125983","1":"post","2":"type-post","3":"status-publish","4":"format-standard","5":"has-post-thumbnail","7":"category-montpellier","8":"tag-actu","9":"tag-actualites","10":"tag-ball","11":"tag-basket","12":"tag-eu","13":"tag-europe","14":"tag-football","15":"tag-fr","16":"tag-france","17":"tag-handball","18":"tag-info","19":"tag-montpellier","20":"tag-news","21":"tag-occitanie","22":"tag-redon","23":"tag-republique-francaise","24":"tag-rugby","25":"tag-sport","26":"tag-volley"},"share_on_mastodon":{"url":"https:\/\/pubeurope.com\/@fr\/114566194989924479","error":""},"_links":{"self":[{"href":"https:\/\/www.europesays.com\/fr\/wp-json\/wp\/v2\/posts\/125983","targetHints":{"allow":["GET"]}}],"collection":[{"href":"https:\/\/www.europesays.com\/fr\/wp-json\/wp\/v2\/posts"}],"about":[{"href":"https:\/\/www.europesays.com\/fr\/wp-json\/wp\/v2\/types\/post"}],"author":[{"embeddable":true,"href":"https:\/\/www.europesays.com\/fr\/wp-json\/wp\/v2\/users\/2"}],"replies":[{"embeddable":true,"href":"https:\/\/www.europesays.com\/fr\/wp-json\/wp\/v2\/comments?post=125983"}],"version-history":[{"count":0,"href":"https:\/\/www.europesays.com\/fr\/wp-json\/wp\/v2\/posts\/125983\/revisions"}],"wp:featuredmedia":[{"embeddable":true,"href":"https:\/\/www.europesays.com\/fr\/wp-json\/wp\/v2\/media\/125984"}],"wp:attachment":[{"href":"https:\/\/www.europesays.com\/fr\/wp-json\/wp\/v2\/media?parent=125983"}],"wp:term":[{"taxonomy":"category","embeddable":true,"href":"https:\/\/www.europesays.com\/fr\/wp-json\/wp\/v2\/categories?post=125983"},{"taxonomy":"post_tag","embeddable":true,"href":"https:\/\/www.europesays.com\/fr\/wp-json\/wp\/v2\/tags?post=125983"}],"curies":[{"name":"wp","href":"https:\/\/api.w.org\/{rel}","templated":true}]}}