{"id":125989,"date":"2025-05-25T02:55:23","date_gmt":"2025-05-25T02:55:23","guid":{"rendered":"https:\/\/www.europesays.com\/fr\/125989\/"},"modified":"2025-05-25T02:55:23","modified_gmt":"2025-05-25T02:55:23","slug":"rennes-sacre-pour-la-quatrieme-fois-de-son-histoire-apres-un-scenario-a-suspense-face-a-dijon","status":"publish","type":"post","link":"https:\/\/www.europesays.com\/fr\/125989\/","title":{"rendered":"Rennes sacr\u00e9 pour la quatri\u00e8me fois de son histoire, apr\u00e8s un sc\u00e9nario \u00e0 suspense face \u00e0 Dijon"},"content":{"rendered":"<p><img decoding=\"async\" class=\"caas-img caas-lazy has-preview\" src=\"https:\/\/www.europesays.com\/fr\/wp-content\/uploads\/2025\/05\/c36fa98aa52db8df8fd9e749630fd11f.jpeg\"\/><\/p>\n<p>Et de quatre pour Rennes. En lever de rideau de la finale de la Coupe de France, l&rsquo;\u00e9quipe des moins de 18 ans du Stade Rennais s&rsquo;est impos\u00e9 3-2 contre les Dijonnais en finale de Coupe Gambardella, ce samedi.<\/p>\n<p>Sous les yeux de plusieurs cadres de la FFF et du Paris Saint-Germain (<a href=\"https:\/\/x.com\/FFF\/status\/1926322289131307384?ref_src=twsrc%5Etfw%7Ctwcamp%5Etweetembed%7Ctwterm%5E1926322289131307384%7Ctwgr%5E4dc8d42b359bb78a4b7619ab37d54deed7b2ea4e%7Ctwcon%5Es1_c10&amp;ref_url=https%3A%2F%2Fwww.leparisien.fr%2Fsports%2Ffootball%2Fcoupe-gambardella-vainqueur-de-dijon-rennes-sacre-pour-la-quatrieme-fois-de-son-histoire-3-2-24-05-2025-AOUX65TWUZAI5MYDPDWG6DWVP4.php\" rel=\"nofollow noopener\" target=\"_blank\" data-ylk=\"slk:\u00e0 l&#039;instar de Luis Enrique;elm:context_link;itc:0;sec:content-canvas\" class=\"link \">\u00e0 l&rsquo;instar de Luis Enrique<\/a>), les jeunes rennais ont fait la diff\u00e9rence gr\u00e2ce \u00e0 un but dans les tous derniers instants de l&rsquo;attaquant Kader Me\u00eft\u00e9 (d\u00e9j\u00e0 12 matchs et 2 buts en Ligue 1 \u00e0 17 ans). Un coup de casque salvateur, \u00e0 la 89e minute, qui a fait exulter le groupe dans les bras de ses jeunes supporters venus garnir les premiers rangs des tribunes du Stade de France.<\/p>\n<p>Troisi\u00e8me club le plus titr\u00e9 de la comp\u00e9tition derri\u00e8re Monaco et Auxerre<\/p>\n<p>En d\u00e9but de match, les Rennais avaient fait le break gr\u00e2ce \u00e0 Rosier (2e) &#8211; auteur de la passe d\u00e9cisive sur le but de Me\u00eft\u00e9 &#8211; et Gbeme (28e). Mais une sublime enroul\u00e9e de Mimoune (44e) et un face \u00e0 face bien n\u00e9goci\u00e9 par Doucour\u00e9 (61e) avaient permis aux Dijonnais de revenir au score, avant que les Rouge et Noir n&rsquo;\u00e9teignent leurs espoirs d&rsquo;atteindre la s\u00e9ance de tirs au but.<\/p>\n<p>Rennes remporte ainsi sa premi\u00e8re coupe Gambardella depuis 2008. Un quatri\u00e8me sacre en Gambardella dans l&rsquo;histoire du club breton qui si\u00e8ge au pied du podium des clubs les plus titr\u00e9s de la comp\u00e9tition avec Saint-\u00c9tienne, Lyon et Nimes (tous \u00e0 4 sacres). L&rsquo;AS Monaco (5 fois sacr\u00e9) et l&rsquo;AJ Auxerre (vainqueur \u00e0 7 reprises) tr\u00f4nent en t\u00eate.<\/p>\n<p><a href=\"https:\/\/rmcsport.bfmtv.com\/football\/coupe-gambardella-rennes-sacre-pour-la-quatrieme-fois-de-son-histoire-apres-un-scenario-a-suspense-face-a-dijon_AN-202505240353.html#xtor=AL-68\" rel=\"nofollow noopener\" target=\"_blank\" data-ylk=\"slk:Article original publi\u00e9 sur RMC Sport;elm:context_link;itc:0;sec:content-canvas\" class=\"link \">Article original publi\u00e9 sur RMC Sport<\/a><\/p>\n","protected":false},"excerpt":{"rendered":"Et de quatre pour Rennes. En lever de rideau de la finale de la Coupe de France, l&rsquo;\u00e9quipe&hellip;\n","protected":false},"author":2,"featured_media":125990,"comment_status":"","ping_status":"","sticky":false,"template":"","format":"standard","meta":{"footnotes":""},"categories":[2821],"tags":[1111,11,4245,829,24948,24950,1777,674,17996,1011,27,2428,3127,12,91,584,25,3087,24949],"class_list":{"0":"post-125989","1":"post","2":"type-post","3":"status-publish","4":"format-standard","5":"has-post-thumbnail","7":"category-rennes","8":"tag-actu","9":"tag-actualites","10":"tag-auxerre","11":"tag-bretagne","12":"tag-coupe-gambardella","13":"tag-dijonnais","14":"tag-eu","15":"tag-europe","16":"tag-finale-de-la-coupe-de-france","17":"tag-fr","18":"tag-france","19":"tag-lyon","20":"tag-monaco","21":"tag-news","22":"tag-paris-saint-germain","23":"tag-rennes","24":"tag-republique-francaise","25":"tag-stade-rennais","26":"tag-tribunes-du-stade-de-france"},"share_on_mastodon":{"url":"https:\/\/pubeurope.com\/@fr\/114566222562594288","error":""},"_links":{"self":[{"href":"https:\/\/www.europesays.com\/fr\/wp-json\/wp\/v2\/posts\/125989","targetHints":{"allow":["GET"]}}],"collection":[{"href":"https:\/\/www.europesays.com\/fr\/wp-json\/wp\/v2\/posts"}],"about":[{"href":"https:\/\/www.europesays.com\/fr\/wp-json\/wp\/v2\/types\/post"}],"author":[{"embeddable":true,"href":"https:\/\/www.europesays.com\/fr\/wp-json\/wp\/v2\/users\/2"}],"replies":[{"embeddable":true,"href":"https:\/\/www.europesays.com\/fr\/wp-json\/wp\/v2\/comments?post=125989"}],"version-history":[{"count":0,"href":"https:\/\/www.europesays.com\/fr\/wp-json\/wp\/v2\/posts\/125989\/revisions"}],"wp:featuredmedia":[{"embeddable":true,"href":"https:\/\/www.europesays.com\/fr\/wp-json\/wp\/v2\/media\/125990"}],"wp:attachment":[{"href":"https:\/\/www.europesays.com\/fr\/wp-json\/wp\/v2\/media?parent=125989"}],"wp:term":[{"taxonomy":"category","embeddable":true,"href":"https:\/\/www.europesays.com\/fr\/wp-json\/wp\/v2\/categories?post=125989"},{"taxonomy":"post_tag","embeddable":true,"href":"https:\/\/www.europesays.com\/fr\/wp-json\/wp\/v2\/tags?post=125989"}],"curies":[{"name":"wp","href":"https:\/\/api.w.org\/{rel}","templated":true}]}}