{"id":126004,"date":"2025-05-25T03:04:14","date_gmt":"2025-05-25T03:04:14","guid":{"rendered":"https:\/\/www.europesays.com\/fr\/126004\/"},"modified":"2025-05-25T03:04:14","modified_gmt":"2025-05-25T03:04:14","slug":"meteo-quelles-seront-les-couleurs-du-ciel-a-toulouse-et-en-occitanie-ce-week-end","status":"publish","type":"post","link":"https:\/\/www.europesays.com\/fr\/126004\/","title":{"rendered":"M\u00e9t\u00e9o. Quelles seront les couleurs du ciel \u00e0 Toulouse et en Occitanie ce week-end\u00a0?"},"content":{"rendered":"<p>            Par<br \/>\n        <strong><br \/>\n            <a href=\"https:\/\/actu.fr\/auteur\/lucie-2\" title=\"Consulter tous les articles de Lucie Fraisse\" rel=\"nofollow noopener\" target=\"_blank\">Lucie Fraisse<\/a><br \/>\n        <\/strong><\/p>\n<p>        Publi\u00e9 le<\/p>\n<p>            24 mai 2025 \u00e0 6h20        <\/p>\n<p>Le ciel va se d\u00e9gager au fur et \u00e0 mesure du week-end et les temp\u00e9ratures vont l\u00e9g\u00e8rement grimper. Voici les pr\u00e9visions de M\u00e9t\u00e9o Francce pour samedi 24 et dimanche 25 mai 2025, \u00e0 <a href=\"https:\/\/actu.fr\/toulouse\/\" rel=\"nofollow noopener\" target=\"_blank\">Toulouse<\/a> et en Occitanie.<\/p>\n<p>Plut\u00f4t nuageux samedi\u00a0<\/p>\n<p class=\" wall-content\">Samedi, <strong>Toulouse<\/strong> se r\u00e9veille sous un ciel plut\u00f4t nuageux, il fera 13 degr\u00e9s bers 8 heures. L\u2019apr\u00e8s-midi, le ciel sera voil\u00e9 par des nuages \u00e9lev\u00e9s, il fera 20 \u00b0 C vers 14 heures.<\/p>\n<p class=\" wall-content\">Dimanche, il y aura des passages nuageux en haute altitude sur la Ville rose et dans l\u2019apr\u00e8s-midi, le ciel va s\u2019\u00e9claircir. Les temp\u00e9ratures grimpent, avec des maximales qui atteignent jusqu\u2019\u00e0 23\u00b0C.<\/p>\n<p>Et en Occitanie<\/p>\n<p class=\" wall-content\">En <strong>Occitanie<\/strong>, les nuages seront pr\u00e9sents sur le sud de la r\u00e9gion samedi matin, mais le ciel devrait se d\u00e9gager au fil de journ\u00e9e.<\/p>\n<p>    <img   decoding=\"async\" loading=\"lazy\" src=\"https:\/\/www.europesays.com\/fr\/wp-content\/uploads\/2025\/05\/meteo-samedi24-960x640.jpg\" alt=\"Les pr\u00e9visions de M\u00e9t\u00e9o France pour samedi 24 mai, en Occitanie, dans l'apr\u00e8s-midi.\" width=\"960\" height=\"640\"\/><br \/>\n    Les pr\u00e9visions de M\u00e9t\u00e9o France pour samedi 24 mai, en Occitanie, dans l\u2019apr\u00e8s-midi. (\u00a9M\u00e9t\u00e9o France)<\/p>\n<p class=\" wall-content\">Dimanche, le ciel sera voil\u00e9 en matin\u00e9e, mais les \u00e9claircies se multiplieront dans l\u2019apr\u00e8s-midi.<\/p>\n<p>Vid\u00e9os : en ce moment sur Actu<br \/>\n    <img   decoding=\"async\" loading=\"lazy\" src=\"https:\/\/www.europesays.com\/fr\/wp-content\/uploads\/2025\/05\/meteodimanche25-960x640.jpg\" alt=\"Les pr\u00e9visions de M\u00e9t\u00e9o France pour dimanche 25 mai apr\u00e8s-midi en Occitanie.\" width=\"960\" height=\"640\"\/><br \/>\n    Les pr\u00e9visions de M\u00e9t\u00e9o France pour dimanche 25 mai apr\u00e8s-midi en Occitanie. (\u00a9M\u00e9t\u00e9o France)<\/p>\n<p class=\" wall-content\">Suivez toute l\u2019actualit\u00e9 de vos villes et m\u00e9dias favoris en vous inscrivant \u00e0 <a href=\"https:\/\/moncompte.actu.fr\" title=\"D\u00e9couvez Mon Actu\" rel=\"nofollow noopener\" data-trk=\"{&quot;cta&quot;:{&quot;action&quot;:&quot;https:\\\/\\\/moncompte.actu.fr&quot;,&quot;category&quot;:&quot;mon compte&quot;,&quot;from&quot;:&quot;article footer&quot;,&quot;name&quot;:&quot;Mon actu&quot;,&quot;type&quot;:&quot;cta&quot;}}\" target=\"_blank\">Mon Actu<\/a>.<\/p>\n","protected":false},"excerpt":{"rendered":"Par Lucie Fraisse Publi\u00e9 le 24 mai 2025 \u00e0 6h20 Le ciel va se d\u00e9gager au fur et&hellip;\n","protected":false},"author":2,"featured_media":126005,"comment_status":"","ping_status":"","sticky":false,"template":"","format":"standard","meta":{"footnotes":""},"categories":[2816],"tags":[1111,11,1777,674,1011,27,2487,2357,12,2680,25,2312],"class_list":{"0":"post-126004","1":"post","2":"type-post","3":"status-publish","4":"format-standard","5":"has-post-thumbnail","7":"category-toulouse","8":"tag-actu","9":"tag-actualites","10":"tag-eu","11":"tag-europe","12":"tag-fr","13":"tag-france","14":"tag-meteo","15":"tag-meteo-france","16":"tag-news","17":"tag-occitanie","18":"tag-republique-francaise","19":"tag-toulouse"},"share_on_mastodon":{"url":"https:\/\/pubeurope.com\/@fr\/114566258081497224","error":""},"_links":{"self":[{"href":"https:\/\/www.europesays.com\/fr\/wp-json\/wp\/v2\/posts\/126004","targetHints":{"allow":["GET"]}}],"collection":[{"href":"https:\/\/www.europesays.com\/fr\/wp-json\/wp\/v2\/posts"}],"about":[{"href":"https:\/\/www.europesays.com\/fr\/wp-json\/wp\/v2\/types\/post"}],"author":[{"embeddable":true,"href":"https:\/\/www.europesays.com\/fr\/wp-json\/wp\/v2\/users\/2"}],"replies":[{"embeddable":true,"href":"https:\/\/www.europesays.com\/fr\/wp-json\/wp\/v2\/comments?post=126004"}],"version-history":[{"count":0,"href":"https:\/\/www.europesays.com\/fr\/wp-json\/wp\/v2\/posts\/126004\/revisions"}],"wp:featuredmedia":[{"embeddable":true,"href":"https:\/\/www.europesays.com\/fr\/wp-json\/wp\/v2\/media\/126005"}],"wp:attachment":[{"href":"https:\/\/www.europesays.com\/fr\/wp-json\/wp\/v2\/media?parent=126004"}],"wp:term":[{"taxonomy":"category","embeddable":true,"href":"https:\/\/www.europesays.com\/fr\/wp-json\/wp\/v2\/categories?post=126004"},{"taxonomy":"post_tag","embeddable":true,"href":"https:\/\/www.europesays.com\/fr\/wp-json\/wp\/v2\/tags?post=126004"}],"curies":[{"name":"wp","href":"https:\/\/api.w.org\/{rel}","templated":true}]}}