{"id":126009,"date":"2025-05-25T03:09:11","date_gmt":"2025-05-25T03:09:11","guid":{"rendered":"https:\/\/www.europesays.com\/fr\/126009\/"},"modified":"2025-05-25T03:09:11","modified_gmt":"2025-05-25T03:09:11","slug":"cour-renovee-batiments-restaures-gymnase-terrain-de-foot-la-nouvelle-ecole-saint-louis-gare-fait-des-heureux-a-marseille","status":"publish","type":"post","link":"https:\/\/www.europesays.com\/fr\/126009\/","title":{"rendered":"Cour r\u00e9nov\u00e9e, b\u00e2timents restaur\u00e9s, gymnase, terrain de foot&#8230; la nouvelle \u00e9cole Saint-Louis Gare fait des heureux \u00e0 Marseille"},"content":{"rendered":"<p>Ils \u00e9taient contents de venir \u00e0 l\u2019\u00e9cole un samedi matin. \u00ab\u00a0Elle est hyper belle\u00a0!\u00a0\u00bb, lan\u00e7aient en c\u0153ur les \u00e9l\u00e8ves de maternelle et de primaire de Saint-Louis Gare (15e), convi\u00e9s, ce samedi 24\u00a0mai, \u00e0 son inauguration. Ateliers de dessin, de foot, des jeux et des stands de pop-corn et barbes \u00e0 papa. Enthousiasme non dissimul\u00e9, comme lorsqu\u2019ils ont \u00e9num\u00e9r\u00e9 le compte \u00e0 rebours du d\u00e9voilement de la plaque officielle. Entre signes Jul et selfies, les minots ont interrog\u00e9 le maire (PM) de Marseille\u00a0: \u00ab\u00a0Est-ce que vous travaillez avec Monsieur Emmanuel Macron\u00a0?\u00a0\u00bb <a href=\"https:\/\/www.laprovence.com\/article\/politique\/1653736410442115\/le-maire-de-marseille-entame-sa-tournee-parisienne\" target=\"_blank\" rel=\"noopener\">Beno\u00eet Payan<\/a> leur a r\u00e9pondu par l\u2019affirmative\u00a0: \u00ab\u00a0<a href=\"https:\/\/www.laprovence.com\/article\/region\/70535243621799\/visite-demmanuel-macron-cest-quoi-le-plan-marseille-en-grand-dont-le-president-vient-faire-le-bilan\" target=\"_blank\" rel=\"noopener\">Le plan Marseille en Grand<\/a>, c\u2019est presque 1,5\u00a0milliard d\u2019euros dont 400\u00a0millions subventionn\u00e9s par l\u2019\u00c9tat.\u00a0\u00bb<\/p>\n","protected":false},"excerpt":{"rendered":"Ils \u00e9taient contents de venir \u00e0 l\u2019\u00e9cole un samedi matin. \u00ab\u00a0Elle est hyper belle\u00a0!\u00a0\u00bb, lan\u00e7aient en c\u0153ur les&hellip;\n","protected":false},"author":2,"featured_media":126010,"comment_status":"","ping_status":"","sticky":false,"template":"","format":"standard","meta":{"footnotes":""},"categories":[2814],"tags":[17,1111,11,24952,8663,1777,674,2257,1011,27,5138,884,12,882,16,24951,25,24953,3945],"class_list":{"0":"post-126009","1":"post","2":"type-post","3":"status-publish","4":"format-standard","5":"has-post-thumbnail","7":"category-marseille","8":"tag-17","9":"tag-actu","10":"tag-actualites","11":"tag-batiments","12":"tag-cour","13":"tag-eu","14":"tag-europe","15":"tag-foot","16":"tag-fr","17":"tag-france","18":"tag-gymnase","19":"tag-marseille","20":"tag-news","21":"tag-provence-alpes-cote-dazur","22":"tag-region","23":"tag-renovee","24":"tag-republique-francaise","25":"tag-restaures","26":"tag-terrain"},"share_on_mastodon":{"url":"https:\/\/pubeurope.com\/@fr\/114566277673631083","error":""},"_links":{"self":[{"href":"https:\/\/www.europesays.com\/fr\/wp-json\/wp\/v2\/posts\/126009","targetHints":{"allow":["GET"]}}],"collection":[{"href":"https:\/\/www.europesays.com\/fr\/wp-json\/wp\/v2\/posts"}],"about":[{"href":"https:\/\/www.europesays.com\/fr\/wp-json\/wp\/v2\/types\/post"}],"author":[{"embeddable":true,"href":"https:\/\/www.europesays.com\/fr\/wp-json\/wp\/v2\/users\/2"}],"replies":[{"embeddable":true,"href":"https:\/\/www.europesays.com\/fr\/wp-json\/wp\/v2\/comments?post=126009"}],"version-history":[{"count":0,"href":"https:\/\/www.europesays.com\/fr\/wp-json\/wp\/v2\/posts\/126009\/revisions"}],"wp:featuredmedia":[{"embeddable":true,"href":"https:\/\/www.europesays.com\/fr\/wp-json\/wp\/v2\/media\/126010"}],"wp:attachment":[{"href":"https:\/\/www.europesays.com\/fr\/wp-json\/wp\/v2\/media?parent=126009"}],"wp:term":[{"taxonomy":"category","embeddable":true,"href":"https:\/\/www.europesays.com\/fr\/wp-json\/wp\/v2\/categories?post=126009"},{"taxonomy":"post_tag","embeddable":true,"href":"https:\/\/www.europesays.com\/fr\/wp-json\/wp\/v2\/tags?post=126009"}],"curies":[{"name":"wp","href":"https:\/\/api.w.org\/{rel}","templated":true}]}}