{"id":126011,"date":"2025-05-25T03:10:28","date_gmt":"2025-05-25T03:10:28","guid":{"rendered":"https:\/\/www.europesays.com\/fr\/126011\/"},"modified":"2025-05-25T03:10:28","modified_gmt":"2025-05-25T03:10:28","slug":"ce-bistrot-va-remplacer-lancienne-pharmacie-du-centre-avec-un-concept-festif-le-dimanche","status":"publish","type":"post","link":"https:\/\/www.europesays.com\/fr\/126011\/","title":{"rendered":"ce bistrot va remplacer l&rsquo;ancienne pharmacie du centre avec un concept festif le dimanche"},"content":{"rendered":"<p>            Par<br \/>\n        <strong><br \/>\n            <a href=\"https:\/\/actu.fr\/auteur\/ludivine-caporal\" title=\"Consulter tous les articles de Ludivine Caporal\" target=\"_blank\" rel=\"noopener\">Ludivine Caporal<\/a><br \/>\n        <\/strong><\/p>\n<p>        Publi\u00e9 le<\/p>\n<p>            24 mai 2025 \u00e0 7h26        <\/p>\n<p>\u00c7a continue de bouger en Presqu\u2019\u00eele de Lyon.<br \/>Alors que <a href=\"https:\/\/actu.fr\/auvergne-rhone-alpes\/lyon_69123\/lyon-cette-brasserie-populaire-a-prix-abordables-vient-d-ouvrir-que-vaut-elle_62478575.html\" target=\"_blank\" rel=\"noopener\">la Brasserie des Deux-Rives<\/a> a r\u00e9cemment remplac\u00e9 <a href=\"https:\/\/actu.fr\/auvergne-rhone-alpes\/lyon_69123\/lyon-ce-celebre-bar-restaurant-a-ferme-rue-merciere-voici-ce-qui-va-le-remplacer_60567873.html\" target=\"_blank\" rel=\"noopener\">l\u2019Eden Rock Caf\u00e9<\/a> rue Merci\u00e8re (2e), les locaux de l\u2019ancienne pharmacie du centre, juste \u00e0 c\u00f4t\u00e9, vont bient\u00f4t se transformer \u00e0 leur tour.\u00a0Abandonn\u00e9s depuis 2023, ils vont en effet accueillir un nouveau lieu de rencontre\u2009: <strong>le Croissant Show Bistrot<\/strong>. D\u00e9couverte.<\/p>\n<p>Les patrons de la buvette Saint-Antoine derri\u00e8re le projet<\/p>\n<p class=\" wall-content\">Annonc\u00e9e par le magazine <a href=\"https:\/\/www.lyonpeople.com\/bar-restaurants\/lyon-la-pharmacie-du-centre-bientot-transformee-en-bistrot-2025-05-19.html\" target=\"_blank\" rel=\"noopener\">Lyon People<\/a>, l\u2019arriv\u00e9e de cet \u00e9tablissement <strong>\u00e0 la crois\u00e9e des rues de Brest, Ferrandi\u00e8re et Merci\u00e8re<\/strong> nous a \u00e9t\u00e9 pr\u00e9sent\u00e9e en d\u00e9tail par l\u2019\u00e9quipe compos\u00e9e de Jean-David Perthuis et Franck Hamouili, g\u00e9rants de la mythique buvette Saint-Antoine (qui a malheureusement \u00e9t\u00e9 <a href=\"https:\/\/actu.fr\/auvergne-rhone-alpes\/lyon_69123\/info-actu-lyon-un-celebre-bar-ravage-par-un-incendie-sur-les-quais-les-images_62619818.html\" target=\"_blank\" rel=\"noopener\">victime d\u2019un incendie<\/a> derni\u00e8rement) ainsi que de Benjamin Le Barazer et Laurine Ducrot.<\/p>\n<p class=\" wall-content\">Ce nouveau lieu, un <strong>\u00ab\u2009bistrot de quartier\u2009\u00bb<\/strong> moderne mais avec \u00ab\u2009tous les codes du caf\u00e9 lyonnais\u2009\u00bb restera ouvert toute la journ\u00e9e et disposera de 40 places en int\u00e9rieur et du m\u00eame nombre en terrasse.<\/p>\n<p>    <img   decoding=\"async\" loading=\"lazy\" src=\"https:\/\/www.europesays.com\/fr\/wp-content\/uploads\/2025\/05\/croissant-show-bistrot-lyon-960x640.png\" alt=\"Le Croissant Show Bistrot devrait ouvrir fin juin\/d\u00e9but juillet.\" width=\"960\" height=\"640\"\/><br \/>\n    Le Croissant Show Bistrot devrait ouvrir fin juin\/d\u00e9but juillet. (\u00a9Document remis \u00e0 actu Lyon)<\/p>\n<p class=\" wall-content\">Sans \u00eatre un restaurant, il sera tout de m\u00eame possible d\u2019y manger puisqu\u2019il proposera des sp\u00e9cialit\u00e9s locales et artisanales en bocaux le midi ou encore des tapas et des planches avec des produits du coin le soir, le tout pour compl\u00e9ter une belle offre de caf\u00e9\/th\u00e9 et de cocktails.<\/p>\n<p>Des brunchs festifs les dimanches<\/p>\n<p class=\" wall-content\">Sa petite sp\u00e9cialit\u00e9\u2009? Son concept de \u00ab\u2009croissounds\u2009\u00bb qui prendra vie tous les dimanches sous forme de brunch festif <strong>avec des DJ sets<\/strong>, pour des moments \u00ab\u2009chill et joyeux\u2009\u00bb.<\/p>\n<p class=\" wall-content\">Une tendance tr\u00e8s en vogue en France et en Europe ces derniers temps avec des \u00e9v\u00e9nements musicaux de plus en plus organis\u00e9s dans des caf\u00e9s <a href=\"https:\/\/actu.fr\/auvergne-rhone-alpes\/saint-donat-sur-l-herbasse_26301\/insolite-rassembler-les-generations-faire-vivre-le-commerce-ce-dj-veut-mixer-dans-des-boulangeries_62641745.html\" target=\"_blank\" rel=\"noopener\">ou des boulangeries<\/a> le week-end pour r\u00e9inventer la f\u00eate\u2026 <strong>matinale\u2009!<\/strong><\/p>\n<p class=\" wall-content\">L\u2019ouverture du Croissant Show Bistrot est pour le moment pr\u00e9vue <strong>fin juin\/d\u00e9but juillet.<\/strong> Patience, donc.<\/p>\n<p class=\" wall-content\">Suivez toute l\u2019actualit\u00e9 de vos villes et m\u00e9dias favoris en vous inscrivant \u00e0 <a href=\"https:\/\/moncompte.actu.fr\" title=\"D\u00e9couvez Mon Actu\" rel=\"nofollow noopener\" data-trk=\"{&quot;cta&quot;:{&quot;action&quot;:&quot;https:\\\/\\\/moncompte.actu.fr&quot;,&quot;category&quot;:&quot;mon compte&quot;,&quot;from&quot;:&quot;article footer&quot;,&quot;name&quot;:&quot;Mon actu&quot;,&quot;type&quot;:&quot;cta&quot;}}\" target=\"_blank\">Mon Actu<\/a>.<\/p>\n","protected":false},"excerpt":{"rendered":"Par Ludivine Caporal Publi\u00e9 le 24 mai 2025 \u00e0 7h26 \u00c7a continue de bouger en Presqu\u2019\u00eele de Lyon.Alors&hellip;\n","protected":false},"author":2,"featured_media":126012,"comment_status":"","ping_status":"","sticky":false,"template":"","format":"standard","meta":{"footnotes":""},"categories":[1889],"tags":[1111,11,2430,215,33,1777,674,1011,27,2428,12,2809,25],"class_list":{"0":"post-126011","1":"post","2":"type-post","3":"status-publish","4":"format-standard","5":"has-post-thumbnail","7":"category-lyon","8":"tag-actu","9":"tag-actualites","10":"tag-auvergne-rhone-alpes","11":"tag-commerce","12":"tag-economie","13":"tag-eu","14":"tag-europe","15":"tag-fr","16":"tag-france","17":"tag-lyon","18":"tag-news","19":"tag-presquile","20":"tag-republique-francaise"},"share_on_mastodon":{"url":"https:\/\/pubeurope.com\/@fr\/114566281530656285","error":""},"_links":{"self":[{"href":"https:\/\/www.europesays.com\/fr\/wp-json\/wp\/v2\/posts\/126011","targetHints":{"allow":["GET"]}}],"collection":[{"href":"https:\/\/www.europesays.com\/fr\/wp-json\/wp\/v2\/posts"}],"about":[{"href":"https:\/\/www.europesays.com\/fr\/wp-json\/wp\/v2\/types\/post"}],"author":[{"embeddable":true,"href":"https:\/\/www.europesays.com\/fr\/wp-json\/wp\/v2\/users\/2"}],"replies":[{"embeddable":true,"href":"https:\/\/www.europesays.com\/fr\/wp-json\/wp\/v2\/comments?post=126011"}],"version-history":[{"count":0,"href":"https:\/\/www.europesays.com\/fr\/wp-json\/wp\/v2\/posts\/126011\/revisions"}],"wp:featuredmedia":[{"embeddable":true,"href":"https:\/\/www.europesays.com\/fr\/wp-json\/wp\/v2\/media\/126012"}],"wp:attachment":[{"href":"https:\/\/www.europesays.com\/fr\/wp-json\/wp\/v2\/media?parent=126011"}],"wp:term":[{"taxonomy":"category","embeddable":true,"href":"https:\/\/www.europesays.com\/fr\/wp-json\/wp\/v2\/categories?post=126011"},{"taxonomy":"post_tag","embeddable":true,"href":"https:\/\/www.europesays.com\/fr\/wp-json\/wp\/v2\/tags?post=126011"}],"curies":[{"name":"wp","href":"https:\/\/api.w.org\/{rel}","templated":true}]}}