{"id":126025,"date":"2025-05-25T03:19:08","date_gmt":"2025-05-25T03:19:08","guid":{"rendered":"https:\/\/www.europesays.com\/fr\/126025\/"},"modified":"2025-05-25T03:19:08","modified_gmt":"2025-05-25T03:19:08","slug":"les-informations-de-la-nuit-2","status":"publish","type":"post","link":"https:\/\/www.europesays.com\/fr\/126025\/","title":{"rendered":"les informations de la nuit"},"content":{"rendered":"\n<p><strong>Nouvelle attaque a\u00e9rienne massive sur l\u2019Ukraine avant un dernier \u00e9change de prisonniers. <\/strong>Plus d\u2019une dizaine de drones russes ont \u00e9t\u00e9 d\u00e9tect\u00e9s t\u00f4t dimanche matin \u00e0 Kiev, faisant au moins dix bless\u00e9s, selon les autorit\u00e9s de la ville. Il s\u2019agit de la deuxi\u00e8me nuit d\u2019attaques importantes contre la capitale apr\u00e8s quelque 250 drones et 14 missiles balistiques d\u00e9tect\u00e9s dans la nuit de vendredi \u00e0 samedi par les forces a\u00e9riennes ukrainiennes. Ces frappes surviennent en plein \u00e9change de prisonniers, une derni\u00e8re \u00e9tape \u00e9tant pr\u00e9vue dimanche, seul r\u00e9sultat tangible des premiers pourparlers directs entre Russes et Ukrainiens mi-mai \u00e0 Istanbul. Les attaques massives contre Kiev sont \u201cun rappel brutal que, malgr\u00e9 les efforts continus pour d\u00e9samorcer le conflit, une r\u00e9solution reste encore lointaine\u201d, <a class=\"ithalc\" data-ithal=\"lien_externe\" data-ithalc=\"[nav_article]\" target=\"_blank\" href=\"https:\/\/www.nytimes.com\/2025\/05\/24\/world\/europe\/ukraine-russia-prisoner-swap.html\" rel=\"nofollow noopener\">note le <strong>New York Times<\/strong><\/a>. Samedi, 307 prisonniers de guerre russes ont \u00e9t\u00e9 \u00e9chang\u00e9s contre le m\u00eame nombre de militaires ukrainiens, ont annonc\u00e9 Kiev et Moscou. L\u2019un d\u2019eux, le soldat ukrainien Anton Kobylnyk, qui a pass\u00e9 plus de trois ans en captivit\u00e9 apr\u00e8s avoir \u00e9t\u00e9 captur\u00e9 lors du si\u00e8ge de Marioupol en 2022, <a class=\"ithalc\" data-ithal=\"lien_externe\" data-ithalc=\"[nav_article]\" target=\"_blank\" href=\"https:\/\/kyivindependent.com\/ukraine-russia-begin-biggest-swap-of-prisoners-of-war-since-beginning-of-full-scale-invasion\/\" rel=\"nofollow noopener\">a confi\u00e9 au<strong> Kyiv Independent<\/strong><\/a>, que le plus dur avait \u00e9t\u00e9 \u201cla pression psychologique \u2212 m\u00eame si les souffrances physiques \u00e9taient elles aussi consid\u00e9rables\u201d.<\/p>\n<p><strong>Des dizaines de morts dans des attaques au Nigeria. <\/strong>Le gouverneur de l\u2019\u00c9tat de Taraba (nord-est), Agbu Kefas, a d\u00e9clar\u00e9 samedi que \u201cdes dizaines de personnes auraient perdu la vie et leurs biens\u201d lors d\u2019attaques perp\u00e9tr\u00e9es par des hommes arm\u00e9s, ayant vis\u00e9 les villages de Munga et Magani, dans le district de Karim Lamido. Le responsable n\u2019a pas donn\u00e9 de chiffre pr\u00e9cis, mais des villageois ont d\u00e9clar\u00e9 que le bilan s\u2019\u00e9levait \u00e0 pr\u00e8s de 30\u00a0morts. Les meurtres de samedi sont les derniers d\u2019une vague de violences qui a frapp\u00e9 le nord-est du Nigeria ces derni\u00e8res semaines. \u201cDes survivants et t\u00e9moins oculaires ont critiqu\u00e9 la r\u00e9ponse jug\u00e9e lente et insuffisante du gouvernement face aux menaces s\u00e9curitaires persistantes dans la r\u00e9gion\u201d, <a class=\"ithalc\" data-ithal=\"lien_externe\" data-ithalc=\"[nav_article]\" target=\"_blank\" href=\"https:\/\/dailypost.ng\/2025\/05\/24\/fresh-violence-in-taraba-claims-30-lives-sparks-criticism-over-govt-response\/\" rel=\"nofollow noopener\">souligne le <strong>Daily Post<\/strong><\/a>. Ces violences jettent aussi \u201cune ombre sur la r\u00e9cente campagne d\u2019attractivit\u00e9 \u00e9conomique men\u00e9e par l\u2019\u00c9tat\u201d, destin\u00e9e \u00e0 \u201credorer l\u2019image du Taraba en tant que terre d\u2019accueil pour les investisseurs\u201d, remarque le site nig\u00e9rian.<\/p>\n<p><strong>Football\u00a0: le PSG surclasse Reims et remporte la Coupe de France. <\/strong>Les Parisiens<strong> <\/strong>se sont impos\u00e9s face aux R\u00e9mois (3-0), samedi au stade de France. L\u2019\u00e9quipe a rapidement men\u00e9 2 \u00e0 0 gr\u00e2ce \u00e0 Bradley Barcola (16e, 19e) avant qu\u2019Achraf Hakimi alourdisse le score \u00e0 deux minutes de la pause. Le Paris Saint-Germain doit d\u00e9fier dans une semaine l\u2019Inter Milan \u00e0 Munich, lors de la finale de la Ligue des champions. Les Parisiens \u201cne sont plus qu\u2019\u00e0 une victoire de r\u00e9aliser un tripl\u00e9 historique apr\u00e8s avoir remport\u00e9 la Coupe de France face \u00e0 Reims, quelques semaines seulement apr\u00e8s avoir d\u00e9croch\u00e9 le titre de champion de Ligue 1\u201d, <a class=\"ithalc\" data-ithal=\"lien_externe\" data-ithalc=\"[nav_article]\" target=\"_blank\" href=\"https:\/\/www.bbc.com\/sport\/football\/live\/cn8z037rrrlt\" rel=\"nofollow noopener\">note la<strong> BBC<\/strong><\/a> qui rappelle que \u201cdix clubs seulement dans l\u2019histoire du football ont r\u00e9ussi ce tripl\u00e9\u201d.<\/p>\n","protected":false},"excerpt":{"rendered":"Nouvelle attaque a\u00e9rienne massive sur l\u2019Ukraine avant un dernier \u00e9change de prisonniers. Plus d\u2019une dizaine de drones russes&hellip;\n","protected":false},"author":2,"featured_media":126026,"comment_status":"","ping_status":"","sticky":false,"template":"","format":"standard","meta":{"footnotes":""},"categories":[1590],"tags":[11,879,1777,674,63,1892,131,447,12,4778,4409,132,517,24959,220],"class_list":{"0":"post-126025","1":"post","2":"type-post","3":"status-publish","4":"format-standard","5":"has-post-thumbnail","7":"category-ukraine","8":"tag-actualites","9":"tag-afrique","10":"tag-eu","11":"tag-europe","12":"tag-football","13":"tag-gu00e9opolitique","14":"tag-guerre-en-ukraine","15":"tag-ligue-des-champions","16":"tag-news","17":"tag-nigeria","18":"tag-ru00e9veil","19":"tag-russie","20":"tag-sport","21":"tag-terrorisme-au-sahel","22":"tag-ukraine"},"share_on_mastodon":{"url":"https:\/\/pubeurope.com\/@fr\/114566317064646268","error":""},"_links":{"self":[{"href":"https:\/\/www.europesays.com\/fr\/wp-json\/wp\/v2\/posts\/126025","targetHints":{"allow":["GET"]}}],"collection":[{"href":"https:\/\/www.europesays.com\/fr\/wp-json\/wp\/v2\/posts"}],"about":[{"href":"https:\/\/www.europesays.com\/fr\/wp-json\/wp\/v2\/types\/post"}],"author":[{"embeddable":true,"href":"https:\/\/www.europesays.com\/fr\/wp-json\/wp\/v2\/users\/2"}],"replies":[{"embeddable":true,"href":"https:\/\/www.europesays.com\/fr\/wp-json\/wp\/v2\/comments?post=126025"}],"version-history":[{"count":0,"href":"https:\/\/www.europesays.com\/fr\/wp-json\/wp\/v2\/posts\/126025\/revisions"}],"wp:featuredmedia":[{"embeddable":true,"href":"https:\/\/www.europesays.com\/fr\/wp-json\/wp\/v2\/media\/126026"}],"wp:attachment":[{"href":"https:\/\/www.europesays.com\/fr\/wp-json\/wp\/v2\/media?parent=126025"}],"wp:term":[{"taxonomy":"category","embeddable":true,"href":"https:\/\/www.europesays.com\/fr\/wp-json\/wp\/v2\/categories?post=126025"},{"taxonomy":"post_tag","embeddable":true,"href":"https:\/\/www.europesays.com\/fr\/wp-json\/wp\/v2\/tags?post=126025"}],"curies":[{"name":"wp","href":"https:\/\/api.w.org\/{rel}","templated":true}]}}