{"id":126029,"date":"2025-05-25T03:21:08","date_gmt":"2025-05-25T03:21:08","guid":{"rendered":"https:\/\/www.europesays.com\/fr\/126029\/"},"modified":"2025-05-25T03:21:08","modified_gmt":"2025-05-25T03:21:08","slug":"en-france-comme-en-europe-une-societe-dheritiers","status":"publish","type":"post","link":"https:\/\/www.europesays.com\/fr\/126029\/","title":{"rendered":"En France comme en Europe, une soci\u00e9t\u00e9 d\u2019h\u00e9ritiers"},"content":{"rendered":"\n<p>Dans L\u2019Injustice en h\u00e9ritage, un essai dont la presse fran\u00e7aise s\u2019est fait l\u2019\u00e9cho, la chercheuse M\u00e9lanie Plouviez cite, \u00e0 l\u2019appui de son accablant r\u00e9quisitoire, la soci\u00e9t\u00e9 d\u00e9peinte par l\u2019un des romanciers les plus chers aux Fran\u00e7ais. La puissance des fortunes issues de l\u2019h\u00e9ritage et de la rente, dans la France de 2025, est semblable \u00e0 celle aux fondements des injustices que d\u00e9peignait Honor\u00e9 de Balzac dans ses chroniques de l\u2019ambition et du d\u00e9sespoir [de La Com\u00e9die humaine].<\/p>\n<p>Comme dans les ann\u00e9es\u00a01820, \u201cQui peut aujourd\u2019hui devenir propri\u00e9taire d\u2019un logement \u00e0 Paris gr\u00e2ce aux seuls revenus de son travail, sans aucune aide familiale\u00a0? \u00e9crit-elle. Avec la r\u00e9surgence contemporaine de l\u2019h\u00e9ritage, le foss\u00e9 entre ce que permet le travail et ce que permet l\u2019h\u00e9ritage fait \u00e9galement son retour.\u201d<\/p>\n<p>Le probl\u00e8me n\u2019est malheureusement pas une exception en Europe, et l\u2019on pourrait faire le m\u00eame constat dans les soci\u00e9t\u00e9s britannique, allemande ou italienne. L\u2019\u00e9conomiste Thomas Piketty a d\u00e9cortiqu\u00e9 la fa\u00e7on dont, dans les d\u00e9mocraties occidentales, la forte hausse des march\u00e9s boursiers et de l\u2019immobilier a port\u00e9 les patrimoines, au d\u00e9triment des revenus du travail.<\/p>\n<p>Depuis les ann\u00e9es\u00a01980, des r\u00e9formes en faveur d\u2019une fiscalit\u00e9 r\u00e9gressive permettent<\/p>\n<p> <strong>La\u00a0suite est r\u00e9serv\u00e9e aux abonn\u00e9s\u2026 <\/strong> <\/p>\n<p class=\"article-authors\">                         <a href=\"https:\/\/www.courrierinternational.com\/auteur\/editorial\" rel=\"nofollow noopener\" target=\"_blank\">\u00c9ditorial<\/a>    <\/p>\n<p class=\"article-vo\"><a href=\"https:\/\/www.theguardian.com\/commentisfree\/2025\/may\/15\/the-guardian-view-on-europes-growing-wealth-divide-back-to-the-world-of-balzac\" rel=\"noopener nofollow\" target=\"_blank\">Lire l\u2019article original<\/a><\/p>\n<p>Source de l\u2019article<\/p>\n<p>   <img decoding=\"async\" class=\"source-logo\" src=\"https:\/\/www.europesays.com\/fr\/wp-content\/uploads\/2025\/05\/0f62b92_1643653451193-the-guardian-logo-0.jpg\"  alt=\"Logo\" loading=\"lazy\" width=\"32\" height=\"32\"\/>  The Guardian  (Londres)       <\/p>\n<p>L\u2019ind\u00e9pendance et la qualit\u00e9 caract\u00e9risent ce titre n\u00e9 en 1821, qui compte dans ses rangs certains des chroniqueurs les plus respect\u00e9s du pays.\u00a0De centre gauche, proeurop\u00e9en, The Guardian est le journal de r\u00e9f\u00e9rence de l\u2019intelligentsia, des enseignants et des syndicalistes.<\/p>\n<p>Contrairement aux autres quotidiens de r\u00e9f\u00e9rence britanniques, le journal a fait le choix d\u2019un site en acc\u00e8s libre, qu\u2019il partage\u00a0avec son \u00e9dition\u00a0dominicale, The Observer.\u00a0Les deux titres de presse sont pass\u00e9s au format tablo\u00efd en 2018. Cette d\u00e9cision s\u2019inscrivait dans une logique de r\u00e9duction des co\u00fbts, alors que The Guardian perdait de l\u2019argent sans discontinuer depuis vingt ans. Une strat\u00e9gie payante\u00a0: en mai 2019, la directrice de la r\u00e9daction, Katharine Viner, a annonc\u00e9 que le journal \u00e9tait b\u00e9n\u00e9ficiaire, une premi\u00e8re depuis\u00a01998.<\/p>\n<p>        <a href=\"https:\/\/www.courrierinternational.com\/notule-source\/the-guardian\" class=\"source-link\" rel=\"nofollow noopener\" target=\"_blank\">Lire la suite<\/a>                 <\/p>\n<p>Nos services<\/p>\n","protected":false},"excerpt":{"rendered":"Dans L\u2019Injustice en h\u00e9ritage, un essai dont la presse fran\u00e7aise s\u2019est fait l\u2019\u00e9cho, la chercheuse M\u00e9lanie Plouviez cite,&hellip;\n","protected":false},"author":2,"featured_media":126030,"comment_status":"","ping_status":"","sticky":false,"template":"","format":"standard","meta":{"footnotes":""},"categories":[1588],"tags":[11,24014,1777,674,27,3821,12,24960,473,1853,2542,1851,1850,1852],"class_list":{"0":"post-126029","1":"post","2":"type-post","3":"status-publish","4":"format-standard","5":"has-post-thumbnail","7":"category-royaume-uni","8":"tag-actualites","9":"tag-du00e9mocratie-et-populisme","10":"tag-eu","11":"tag-europe","12":"tag-france","13":"tag-la-france-vue-de-lu2019u00e9tranger","14":"tag-news","15":"tag-pauvretu00e9","16":"tag-royaume-uni","17":"tag-royaume-uni-de-grande-bretagne-et-dirlande-du-nord","18":"tag-u00e9conomie","19":"tag-uk","20":"tag-united-kingdom","21":"tag-united-kingdom-of-great-britain-and-northern-ireland"},"share_on_mastodon":{"url":"https:\/\/pubeurope.com\/@fr\/114566325082858503","error":""},"_links":{"self":[{"href":"https:\/\/www.europesays.com\/fr\/wp-json\/wp\/v2\/posts\/126029","targetHints":{"allow":["GET"]}}],"collection":[{"href":"https:\/\/www.europesays.com\/fr\/wp-json\/wp\/v2\/posts"}],"about":[{"href":"https:\/\/www.europesays.com\/fr\/wp-json\/wp\/v2\/types\/post"}],"author":[{"embeddable":true,"href":"https:\/\/www.europesays.com\/fr\/wp-json\/wp\/v2\/users\/2"}],"replies":[{"embeddable":true,"href":"https:\/\/www.europesays.com\/fr\/wp-json\/wp\/v2\/comments?post=126029"}],"version-history":[{"count":0,"href":"https:\/\/www.europesays.com\/fr\/wp-json\/wp\/v2\/posts\/126029\/revisions"}],"wp:featuredmedia":[{"embeddable":true,"href":"https:\/\/www.europesays.com\/fr\/wp-json\/wp\/v2\/media\/126030"}],"wp:attachment":[{"href":"https:\/\/www.europesays.com\/fr\/wp-json\/wp\/v2\/media?parent=126029"}],"wp:term":[{"taxonomy":"category","embeddable":true,"href":"https:\/\/www.europesays.com\/fr\/wp-json\/wp\/v2\/categories?post=126029"},{"taxonomy":"post_tag","embeddable":true,"href":"https:\/\/www.europesays.com\/fr\/wp-json\/wp\/v2\/tags?post=126029"}],"curies":[{"name":"wp","href":"https:\/\/api.w.org\/{rel}","templated":true}]}}