{"id":126035,"date":"2025-05-25T03:24:10","date_gmt":"2025-05-25T03:24:10","guid":{"rendered":"https:\/\/www.europesays.com\/fr\/126035\/"},"modified":"2025-05-25T03:24:10","modified_gmt":"2025-05-25T03:24:10","slug":"giro-tour-ditalie-antonio-tiberi-jai-tape-violemment-le-trottoir-et","status":"publish","type":"post","link":"https:\/\/www.europesays.com\/fr\/126035\/","title":{"rendered":"Giro. Tour d&rsquo;Italie &#8211; Antonio Tiberi : \u00abJ&rsquo;ai tap\u00e9 violemment le trottoir, et&#8230;\u00bb"},"content":{"rendered":"<p>Ce samedi avait lieu la 14e \u00e9tape du <strong><a href=\"https:\/\/www.cyclismactu.net\/..\/news-giro-tour-d-italie-asgreen-emerge-du-chaos-sur-14e-etape-general-chamboule-88022.html?utm_campaign=post-auto&amp;utm_medium=twitter&amp;utm_source=mashup-cyclismactu\" rel=\"nofollow noopener\" target=\"_blank\">Tour d&rsquo;Italie<\/a><\/strong> entre Tr\u00e9vise et Nova Gorica, et nul doute qu&rsquo;elle laissera des traces sur de nombreux coureurs. Une chute spectaculaire dans les derniers kilom\u00e8tres de l\u2019\u00e9tape a boulevers\u00e9 la course. L&rsquo;Italien\u00a0<strong>Antonio Tiberi<\/strong>\u00a0(Bahrain Victorious) a notamment lourdement chut\u00e9. Bien qu&rsquo;il ait pu rallier l&rsquo;arriv\u00e9e aux c\u00f4t\u00e9s de ses co\u00e9quipiers, il a perdu un temps pr\u00e9cieux (2 minutes sur le vainqueur <strong>Kasper Asgreen<\/strong>) et franchi la ligne d&rsquo;arriv\u00e9e avec beaucoup d&rsquo;incertitudes quant \u00e0 son \u00e9tat physique. <strong>Tiberi <\/strong>r\u00e9alisait jusqu\u2019alors un <strong>Giro<\/strong> presque parfait, positionn\u00e9 \u00e0 la 3e place du classement g\u00e9n\u00e9ral derri\u00e8re <strong>Isaac Del Toro<\/strong> et <strong>Juan Ayuso <\/strong>(UAE Team Emirates-XRG), mais devant <strong>Primoz Roglic<\/strong> (Red Bull-BORA-hansgrohe), et il semblait parti pour y rester avant cette chute.<\/p>\n<p>Vid\u00e9o &#8211; Cette 14e \u00e9tape du Giro laissera des traces&#8230; Lire la suite de l&rsquo;article&#13;<\/p>\n<p>\u00a0<\/p>\n<p>&#13;<br \/>\n\u00ab\u00a0J&rsquo;ai tap\u00e9 violemment le trottoir, et je me suis retrouv\u00e9 coinc\u00e9 entre des v\u00e9los\u00a0\u00bb&#13;<\/p>\n<p>Apr\u00e8s avoir franchi la ligne, il est revenu sur ce coup du sort qui lui fait perdre du temps et redescendre \u00e0 la 8e place du classement g\u00e9n\u00e9ral : \u00ab\u00a0J&rsquo;ai eu peur de m&rsquo;\u00eatre s\u00e9rieusement bless\u00e9. Quand je me suis relev\u00e9, j&rsquo;avais tr\u00e8s mal. J&rsquo;ai tap\u00e9 violemment le trottoir, et je me suis retrouv\u00e9 coinc\u00e9 entre des v\u00e9los. Heureusement, j&rsquo;ai pu aller jusqu&rsquo;au bout. Un co\u00e9quipier m&rsquo;a m\u00eame donn\u00e9 son v\u00e9lo, car le mien \u00e9tait compl\u00e8tement inutilisable. On a tout fait pour revenir dans le peloton. Tout le monde m&rsquo;a attendu, sauf Damiano, mais j&rsquo;esp\u00e8re que \u00e7a aura au moins servi \u00e0 quelque chose. Maintenant, esp\u00e9rons que rien n&rsquo;est cass\u00e9\u00a0\u00bb, conclut-il.<\/p>\n<p>Tour d&rsquo;Italie &#8211; Classement de la 14\u00e8 \u00e9tape Tour d&rsquo;Italie &#8211; Classement g\u00e9n\u00e9ral provisoire apr\u00e8s la 14\u00e8 \u00e9tape<\/p>\n","protected":false},"excerpt":{"rendered":"Ce samedi avait lieu la 14e \u00e9tape du Tour d&rsquo;Italie entre Tr\u00e9vise et Nova Gorica, et nul doute&hellip;\n","protected":false},"author":2,"featured_media":126036,"comment_status":"","ping_status":"","sticky":false,"template":"","format":"standard","meta":{"footnotes":""},"categories":[1586],"tags":[11,207,1777,674,1779,1011,27,12,25,209,3318,1778,364,208],"class_list":{"0":"post-126035","1":"post","2":"type-post","3":"status-publish","4":"format-standard","5":"has-post-thumbnail","7":"category-europe","8":"tag-actualites","9":"tag-cyclisme","10":"tag-eu","11":"tag-europe","12":"tag-european-union","13":"tag-fr","14":"tag-france","15":"tag-news","16":"tag-republique-francaise","17":"tag-route","18":"tag-tour-d","19":"tag-ue","20":"tag-union-europeenne","21":"tag-velo"},"share_on_mastodon":{"url":"https:\/\/pubeurope.com\/@fr\/114566336714986720","error":""},"_links":{"self":[{"href":"https:\/\/www.europesays.com\/fr\/wp-json\/wp\/v2\/posts\/126035","targetHints":{"allow":["GET"]}}],"collection":[{"href":"https:\/\/www.europesays.com\/fr\/wp-json\/wp\/v2\/posts"}],"about":[{"href":"https:\/\/www.europesays.com\/fr\/wp-json\/wp\/v2\/types\/post"}],"author":[{"embeddable":true,"href":"https:\/\/www.europesays.com\/fr\/wp-json\/wp\/v2\/users\/2"}],"replies":[{"embeddable":true,"href":"https:\/\/www.europesays.com\/fr\/wp-json\/wp\/v2\/comments?post=126035"}],"version-history":[{"count":0,"href":"https:\/\/www.europesays.com\/fr\/wp-json\/wp\/v2\/posts\/126035\/revisions"}],"wp:featuredmedia":[{"embeddable":true,"href":"https:\/\/www.europesays.com\/fr\/wp-json\/wp\/v2\/media\/126036"}],"wp:attachment":[{"href":"https:\/\/www.europesays.com\/fr\/wp-json\/wp\/v2\/media?parent=126035"}],"wp:term":[{"taxonomy":"category","embeddable":true,"href":"https:\/\/www.europesays.com\/fr\/wp-json\/wp\/v2\/categories?post=126035"},{"taxonomy":"post_tag","embeddable":true,"href":"https:\/\/www.europesays.com\/fr\/wp-json\/wp\/v2\/tags?post=126035"}],"curies":[{"name":"wp","href":"https:\/\/api.w.org\/{rel}","templated":true}]}}